{"id":282792,"date":"2025-07-29T21:18:10","date_gmt":"2025-07-29T21:18:10","guid":{"rendered":"https:\/\/www.europesays.com\/fr\/282792\/"},"modified":"2025-07-29T21:18:10","modified_gmt":"2025-07-29T21:18:10","slug":"appel-a-candidature-pour-les-pro-du-jeu-video","status":"publish","type":"post","link":"https:\/\/www.europesays.com\/fr\/282792\/","title":{"rendered":"appel \u00e0 candidature pour les pro. du jeu vid\u00e9o"},"content":{"rendered":"<p>Appel \u00e0 candidature jusqu&rsquo;au 12 septembre 2025\n<\/p>\n<p><a href=\"https:\/\/www.institutfrancais.com\/fr\/programme\/aide-projet\/icc-immersion\/icc-immersion-allemagne\" rel=\"nofollow noopener\" target=\"_blank\"><img decoding=\"async\" class=\"img_fr\" src=\"https:\/\/www.europesays.com\/fr\/wp-content\/uploads\/2025\/07\/250729-allemagne.jpg\" width=\"800\" height=\"450\" alt=\"Allemagne\" loading=\"lazy\"\/><\/a>ICC Immersion a pour objectif de donner aux entreprises participantes une connaissance approfondie des \u00e9cosyst\u00e8mes des pays cibles, de les accompagner dans la d\u00e9finition de leur strat\u00e9gie au regard des enjeux et contraintes des march\u00e9s locaux, et de b\u00e9n\u00e9ficier de mises en r\u00e9seau et d&rsquo;une immersion dans les pays cibles afin de favoriser des opportunit\u00e9s d&rsquo;affaires.<\/p>\n<p>Les entreprises seront mises en relation avec les acteurs locaux de l&rsquo;innovation, des partenaires, financeurs ou clients, par le biais de rencontres sur mesure et la participation \u00e0 des \u00e9v\u00e9nements prescripteurs.<\/p>\n<p>Donn\u00e9es march\u00e9<\/p>\n<ul>&#13;<\/p>\n<li> L&rsquo;Allemagne est l&rsquo;un des plus grands march\u00e9s du jeu en Europe, avec un chiffre d&rsquo;affaires de pr\u00e8s de 9.405 milliards d&rsquo;euros en 2024 et environ 12 000 employ\u00e9s dans 786 entreprises. Des studios renomm\u00e9s comme Crytek, Piranha Bytes et Daedalic Entertainment y sont bas\u00e9s\u00a0;<\/li>\n<p>&#13;<\/p>\n<li> Les Allemands d\u00e9pensent chaque ann\u00e9e 9,8 Mrds EUR en mat\u00e9riels et logiciels d\u00e9di\u00e9s aux jeux vid\u00e9o\u00a0;<\/li>\n<p>&#13;<\/p>\n<li> Le joueur moyen a 38 ans, et presque la moiti\u00e9 sont des femmes\u00a0;<\/li>\n<p>&#13;<\/p>\n<li> 4 % des jeux sortis en 2024 proviennent d&rsquo;un studio allemand\u00a0;<\/li>\n<p>&#13;<\/p>\n<li> Les tendances actuelles du jeu vid\u00e9o en Allemagne montrent une \u00e9volution remarquable dans le d\u00e9veloppement de jeux bas\u00e9s sur l&rsquo;IA, avec des environnements de jeu sophistiqu\u00e9s et des PNJ r\u00e9alistes.<\/li>\n<p>&#13;\n<\/ul>\n<p>Opportunit\u00e9s d&rsquo;affaires identifi\u00e9es<\/p>\n<ul>&#13;<\/p>\n<li> Possibilit\u00e9s de collaboration et d&rsquo;adaptation d&rsquo;IP entre la France et l&rsquo;Allemagne\u00a0;<\/li>\n<p>&#13;<\/p>\n<li> Opportunit\u00e9s d&rsquo;adaptation et de partenariats avec des \u00e9diteurs locaux en Allemagne\u00a0;<\/li>\n<p>&#13;<\/p>\n<li> La gamification pr\u00e9sente une opportunit\u00e9 majeure dans divers secteurs en Allemagne.<\/li>\n<p>&#13;\n<\/ul>\n<p>Dans le domaine de l&rsquo;IA<\/p>\n<ul>&#13;<\/p>\n<li> \u00ab\u00a0The Settlers\u00a0: New Allies\u00a0\u00bb par Ubisoft Blue Byte \u00e0 D\u00fcsseldorf est une s\u00e9rie de jeux vid\u00e9o de strat\u00e9gie en temps r\u00e9el utilisant l&rsquo;IA pour am\u00e9liorer les interactions entre les unit\u00e9s et les personnages non-joueurs. L&rsquo;IA g\u00e8re des aspects tels que les strat\u00e9gies de combat, la gestion des ressources et les comportements de colonisation\u00a0;<\/li>\n<p>&#13;<\/p>\n<li> Le jeu \u00ab\u00a0Desperados III\u00a0\u00bb, cr\u00e9\u00e9 par le studio Mimimi Games GmbH anciennement bas\u00e9 \u00e0 Munich et aujourd&rsquo;hui ferm\u00e9 et rachet\u00e9 par le studio viennois Thq Nordic en 2013, a \u00e9t\u00e9 d\u00e9velopp\u00e9 en partie gr\u00e2ce \u00e0 l&rsquo;IA. Cette derni\u00e8re a \u00e9t\u00e9 sollicit\u00e9e pour g\u00e9n\u00e9rer le comportement des personnages antagonistes dans le jeu.<\/li>\n<p>&#13;\n<\/ul>\n<p>D\u00e9tails du programme<\/p>\n<p>ICC Immersion Allemagne propose une immersion en 2 \u00e0 3 \u00e9tapes, articulant des s\u00e9quences collectives et individuelles.<\/p>\n<p>Etape 1\u00a0: Immersion \u00e0 distance dans l&rsquo;\u00e9cosyst\u00e8me ICC allemand (depuis la France, novembre, 1 mois, en format hybride)<\/p>\n<p>D&rsquo;une dur\u00e9e d&rsquo;un mois, l&rsquo;\u00e9tape 1 vise \u00e0 immerger les entreprises s\u00e9lectionn\u00e9es au sein de l&rsquo;\u00e9cosyst\u00e8me allemand et \u00e0 leur donner les cl\u00e9s de compr\u00e9hension de ses sp\u00e9cificit\u00e9s et la connaissance fine des secteurs, essentiels pour cr\u00e9er les conditions de rencontres r\u00e9ussies avec les acteurs locaux.<\/p>\n<p>Etape 2\u00a0: Deux immersions collectives en Allemagne avec 7 \u00e0 10 jours de programme intensifs (janvier 2026)<\/p>\n<p>Immersion collective et intensive, l&rsquo;\u00e9tape 2 a pour objectif de capitaliser sur la connaissance de l&rsquo;\u00e9cosyst\u00e8me ICC local et de ses acteurs, ainsi que sur les premi\u00e8res mises en r\u00e9seau de l&rsquo;\u00e9tape 1, afin de v\u00e9rifier\/concr\u00e9tiser les opportunit\u00e9s identifi\u00e9es et permettre aux entreprises de nouer des partenariats dans les 2 pays. L&rsquo;\u00e9tape 2 se d\u00e9composera en deux temps\u00a0: 4-5 jours d&rsquo;immersion collective \u00e0 Berlin et 3-4 jours d&rsquo;immersion collective en Rh\u00e9nanie du Nord-Westphalie.<\/p>\n<p>Co\u00fbt du programme<\/p>\n<p>Gr\u00e2ce au plan France 2030, un soutien financier sera attribu\u00e9 en fonction du chiffre d&rsquo;affaires et de la taille de l&rsquo;entreprise postulante. Il sera a minima de 30 %, et pourra s&rsquo;\u00e9lever jusqu&rsquo;\u00e0 70% du co\u00fbt du programme par entreprise pour les TPE, PME et ETI.<\/p>\n<p>Le montant moyen du reste \u00e0 charge pour les entreprises s\u00e9lectionn\u00e9es, pour les \u00e9tapes 1 et 2 du programme, sera compris entre 2.900 et 3.300 \u20ac HT, incluant toutes les d\u00e9penses li\u00e9es au programme dont les frais de d\u00e9placements internationaux et l&rsquo;h\u00e9bergement sur place.<\/p>\n<p>Les entreprises s\u00e9lectionn\u00e9es prendront connaissance du montant exact du reste \u00e0 charge lors de leur notification de s\u00e9lection.<\/p>\n<p>Calendrier<\/p>\n<ul>&#13;<\/p>\n<li> Appel \u00e0 candidature\u00a0: 22 mai 2025 &#8211; 12 septembre 2025<\/li>\n<p>&#13;<\/p>\n<li> Comit\u00e9 de s\u00e9lection\u00a0: fin septembre 2025<\/li>\n<p>&#13;<\/p>\n<li> Annonce des entreprises s\u00e9lectionn\u00e9es\u00a0: d\u00e9but octobre 2025<\/li>\n<p>&#13;<\/p>\n<li> D\u00e9but du programme\u00a0: novembre &#8211; d\u00e9cembre 2025<\/li>\n<p>&#13;<\/p>\n<li> Immersions en Allemagne\u00a0: janvier &#8211; f\u00e9vrier 2026<\/li>\n<p>&#13;\n<\/ul>\n<p><a href=\"https:\/\/www.institutfrancais.com\/fr\/programme\/aide-projet\/icc-immersion\/icc-immersion-allemagne\" title=\"Informations compl\u00e9mentaires et candidatures ici\" rel=\"nofollow noopener\" target=\"_blank\">Informations compl\u00e9mentaires et candidatures ici<\/a><\/p>\n","protected":false},"excerpt":{"rendered":"Appel \u00e0 candidature jusqu&rsquo;au 12 septembre 2025 ICC Immersion a pour objectif de donner aux entreprises participantes une&hellip;\n","protected":false},"author":2,"featured_media":282793,"comment_status":"","ping_status":"","sticky":false,"template":"","format":"standard","meta":{"footnotes":""},"categories":[1587],"tags":[11,672,1804,1805,1803,1777,674,1801,12,1802],"class_list":{"0":"post-282792","1":"post","2":"type-post","3":"status-publish","4":"format-standard","5":"has-post-thumbnail","7":"category-allemagne","8":"tag-actualites","9":"tag-allemagne","10":"tag-bundesrepublik-deutschland","11":"tag-de","12":"tag-deutschland","13":"tag-eu","14":"tag-europe","15":"tag-germany","16":"tag-news","17":"tag-republique-federale-dallemagne"},"share_on_mastodon":{"url":"https:\/\/pubeurope.com\/@fr\/114938610239749557","error":""},"_links":{"self":[{"href":"https:\/\/www.europesays.com\/fr\/wp-json\/wp\/v2\/posts\/282792","targetHints":{"allow":["GET"]}}],"collection":[{"href":"https:\/\/www.europesays.com\/fr\/wp-json\/wp\/v2\/posts"}],"about":[{"href":"https:\/\/www.europesays.com\/fr\/wp-json\/wp\/v2\/types\/post"}],"author":[{"embeddable":true,"href":"https:\/\/www.europesays.com\/fr\/wp-json\/wp\/v2\/users\/2"}],"replies":[{"embeddable":true,"href":"https:\/\/www.europesays.com\/fr\/wp-json\/wp\/v2\/comments?post=282792"}],"version-history":[{"count":0,"href":"https:\/\/www.europesays.com\/fr\/wp-json\/wp\/v2\/posts\/282792\/revisions"}],"wp:featuredmedia":[{"embeddable":true,"href":"https:\/\/www.europesays.com\/fr\/wp-json\/wp\/v2\/media\/282793"}],"wp:attachment":[{"href":"https:\/\/www.europesays.com\/fr\/wp-json\/wp\/v2\/media?parent=282792"}],"wp:term":[{"taxonomy":"category","embeddable":true,"href":"https:\/\/www.europesays.com\/fr\/wp-json\/wp\/v2\/categories?post=282792"},{"taxonomy":"post_tag","embeddable":true,"href":"https:\/\/www.europesays.com\/fr\/wp-json\/wp\/v2\/tags?post=282792"}],"curies":[{"name":"wp","href":"https:\/\/api.w.org\/{rel}","templated":true}]}}