{"id":282795,"date":"2025-07-29T21:20:17","date_gmt":"2025-07-29T21:20:17","guid":{"rendered":"https:\/\/www.europesays.com\/fr\/282795\/"},"modified":"2025-07-29T21:20:17","modified_gmt":"2025-07-29T21:20:17","slug":"le-luxembourg-reste-le-pays-de-lue-qui-investit-le-plus-dans-la-recherche-et-le-developpement","status":"publish","type":"post","link":"https:\/\/www.europesays.com\/fr\/282795\/","title":{"rendered":"Le Luxembourg reste le pays de l&rsquo;UE qui investit le plus dans la recherche et le d\u00e9veloppement"},"content":{"rendered":"<p class=\"Paragraph_root__xJSDF Paragraph_default-lg-default__txMNQ articleParagraph\">Les d\u00e9penses de l\u2019Union europ\u00e9enne dans la recherche et le d\u00e9veloppement ont bondi en 10 ans. Selon des chiffres d\u2019Eurostat, ces investissements sont pass\u00e9s de 80,1 milliards d\u2019euros en 2014 \u00e0 pr\u00e8s de 128 milliards d\u2019euros en 2024. Pr\u00e9cis\u00e9ment, l\u2019ann\u00e9e derni\u00e8re, 127.915,94 millions d\u2019euros ont \u00e9t\u00e9 consacr\u00e9s \u00e0 la recherche et au d\u00e9veloppement.<\/p>\n<p><a href=\"https:\/\/www.virgule.lu\/luxembourg\/le-luxembourg-investit-massivement-dans-la-recherche-scientifique\/5658419.html\" class=\"RelatedTeaser_related-teaser__awFnD RelatedTeaser_related-teaser--image__oZDce read-more_withImage__1YJa_\" data-article-id=\"5658419\" rel=\"nofollow noopener\" target=\"_blank\"><\/p>\n<p>Lire aussi :Le Luxembourg investit massivement dans la recherche scientifique<\/p>\n<p><\/a><\/p>\n<p class=\"Paragraph_root__xJSDF Paragraph_default-lg-default__txMNQ articleParagraph\">Le Luxembourg, de son c\u00f4t\u00e9, y a contribu\u00e9 \u00e0 hauteur de 510,25 millions d\u2019euros. Une somme qui peut para\u00eetre faible, mais qui est \u00e0 mettre en perspective avec la taille du pays. D\u2019autant que la part du PIB que cela repr\u00e9sente est relative, avec 0,59%, loin derri\u00e8re l\u2019Allemagne, qui y consacre 1,04%.<\/p>\n<p class=\"Paragraph_root__xJSDF Paragraph_default-lg-default__txMNQ articleParagraph\">Et pourtant, le Grand-Duch\u00e9 est de tr\u00e8s loin le pays de l\u2019Union europ\u00e9enne qui investit le plus pour la recherche et le d\u00e9veloppement, <a class=\"LinkText_root__0Tfta annotation-link_annotationLink__nXU8B\" href=\"https:\/\/www.virgule.lu\/luxembourg\/en-2023-le-luxembourg-est-le-leader-de-l-ue-en-investissements-en-recherche-et-developpement\/17270005.html\" target=\"_blank\" rel=\"noFollow nofollow noopener\">tout comme cela a \u00e9t\u00e9 le cas l\u2019ann\u00e9e derni\u00e8re<\/a>. On vous explique.<\/p>\n<p>759 euros investis par habitant<\/p>\n<p class=\"Paragraph_root__xJSDF Paragraph_default-lg-default__txMNQ articleParagraph\">L\u2019indicateur mis en avant par Eurostat, dans sa publication dat\u00e9e de ce mardi 29 juillet 2025, est l\u2019investissement par habitant et par pays. Ainsi, \u00e0 l\u2019\u00e9chelle de l\u2019Union europ\u00e9enne, cette d\u00e9pense a atteint 284,7 euros par personne, soit une augmentation de 57% en 10 ans (181,3 euros par habitant).<\/p>\n<p><a href=\"https:\/\/www.virgule.lu\/luxembourg\/le-luxembourg-n-attend-pas-les-cybertalents-il-cree-les-siens\/80102752.html\" class=\"RelatedTeaser_related-teaser__awFnD RelatedTeaser_related-teaser--image__oZDce read-more_withImage__1YJa_\" data-article-id=\"80102752\" rel=\"nofollow noopener\" target=\"_blank\"><\/p>\n<p>Lire aussi :Le Luxembourg n\u2019attend pas les cybertalents, il cr\u00e9e les siens<\/p>\n<p><\/a><\/p>\n<p class=\"Paragraph_root__xJSDF Paragraph_default-lg-default__txMNQ articleParagraph\">Au regard de cet indicateur, le Luxembourg arrive tr\u00e8s largement en t\u00eate du classement des pays de l\u2019UE, avec 759,2 euros par habitant investis dans la recherche et le d\u00e9veloppement en 2024. \u00c0 titre de comparaison, le podium est compl\u00e9t\u00e9 par le Danemark (586,8 euros) et par les Pays-Bas (542,7 euros), tandis que les trois derni\u00e8res places sont occup\u00e9es par la Hongrie (58,7 euros), la Bulgarie (38,3 euros) et la Roumanie (19,1 euros).<\/p>\n<p class=\"Paragraph_root__xJSDF Paragraph_default-lg-default__txMNQ articleParagraph\">Le Luxembourg domine particuli\u00e8rement deux secteurs de la recherche et du d\u00e9veloppement: la production industrielle et technologique, ainsi que la sant\u00e9.<\/p>\n<p>Deux pays hors UE devancent le Luxembourg<\/p>\n<p class=\"Paragraph_root__xJSDF Paragraph_default-lg-default__txMNQ articleParagraph\">En comptant les pays hors Union europ\u00e9enne, deux pays devancent tout de m\u00eame le Grand-Duch\u00e9: la Suisse, avec 904,6 euros investis par habitant en 2024, suivie de l\u2019Islande, avec 831,5 euros par habitant.<\/p>\n<p><a href=\"https:\/\/www.virgule.lu\/luxembourg\/le-luxembourg-mise-sur-govsat-2-un-nouveau-satellite-prevu-pour-les-communications-militaires\/79845792.html\" class=\"RelatedTeaser_related-teaser__awFnD RelatedTeaser_related-teaser--image__oZDce read-more_withImage__1YJa_\" data-article-id=\"79845792\" rel=\"nofollow noopener\" target=\"_blank\"><\/p>\n<p>Lire aussi :Le Luxembourg mise sur GovSat-2, un nouveau satellite pr\u00e9vu pour les communications militaires<\/p>\n<p><\/a><\/p>\n<p class=\"Paragraph_root__xJSDF Paragraph_default-lg-default__txMNQ articleParagraph\">Le pays insulaire a d\u2019ailleurs r\u00e9alis\u00e9 des d\u00e9penses presque deux fois sup\u00e9rieures \u00e0 celles du Luxembourg en production industrielle et technologique, avec 310,3 euros par habitant.<\/p>\n<p class=\"Paragraph_root__xJSDF Paragraph_default-lg-default__txMNQ articleParagraph\"><a class=\"LinkText_root__0Tfta annotation-link_annotationLink__nXU8B\" href=\"https:\/\/ec.europa.eu\/eurostat\/en\/web\/products-eurostat-news\/w\/ddn-20250729-2\" target=\"_blank\" rel=\"nofollow noopener\">Consulter le rapport en int\u00e9gralit\u00e9<\/a><\/p>\n<p>Newsletter: Le R\u00e9cap&rsquo;<\/p>\n<p class=\"Paragraph_root__xJSDF Paragraph_default-sm-default__QpFDk _description_r7y8f_14\">Recevez chaque jour en fin de journ\u00e9e, le r\u00e9cap de l&rsquo;actualit\u00e9 du jour <\/p>\n<p>Sie k\u00f6nnen sich jederzeit wieder abmelden, wenn Sie das  m\u00f6chten. Weitere Informationen finden Sie in unserer <a class=\"LinkText_root__0Tfta _link_f4sen_6\" href=\"https:\/\/www.aachener-zeitung.de\/anonym\/datenschutzerklaerung\/3222071.html\" target=\"_blank\" rel=\"nofollow noopener\">Datenschutzrichtlinie<\/a>.<\/p>\n","protected":false},"excerpt":{"rendered":"Les d\u00e9penses de l\u2019Union europ\u00e9enne dans la recherche et le d\u00e9veloppement ont bondi en 10 ans. Selon des&hellip;\n","protected":false},"author":2,"featured_media":282796,"comment_status":"","ping_status":"","sticky":false,"template":"","format":"standard","meta":{"footnotes":""},"categories":[1586],"tags":[11,1777,674,1779,1011,27,12,25,1778,364],"class_list":{"0":"post-282795","1":"post","2":"type-post","3":"status-publish","4":"format-standard","5":"has-post-thumbnail","7":"category-europe","8":"tag-actualites","9":"tag-eu","10":"tag-europe","11":"tag-european-union","12":"tag-fr","13":"tag-france","14":"tag-news","15":"tag-republique-francaise","16":"tag-ue","17":"tag-union-europeenne"},"share_on_mastodon":{"url":"https:\/\/pubeurope.com\/@fr\/114938617735878624","error":""},"_links":{"self":[{"href":"https:\/\/www.europesays.com\/fr\/wp-json\/wp\/v2\/posts\/282795","targetHints":{"allow":["GET"]}}],"collection":[{"href":"https:\/\/www.europesays.com\/fr\/wp-json\/wp\/v2\/posts"}],"about":[{"href":"https:\/\/www.europesays.com\/fr\/wp-json\/wp\/v2\/types\/post"}],"author":[{"embeddable":true,"href":"https:\/\/www.europesays.com\/fr\/wp-json\/wp\/v2\/users\/2"}],"replies":[{"embeddable":true,"href":"https:\/\/www.europesays.com\/fr\/wp-json\/wp\/v2\/comments?post=282795"}],"version-history":[{"count":0,"href":"https:\/\/www.europesays.com\/fr\/wp-json\/wp\/v2\/posts\/282795\/revisions"}],"wp:featuredmedia":[{"embeddable":true,"href":"https:\/\/www.europesays.com\/fr\/wp-json\/wp\/v2\/media\/282796"}],"wp:attachment":[{"href":"https:\/\/www.europesays.com\/fr\/wp-json\/wp\/v2\/media?parent=282795"}],"wp:term":[{"taxonomy":"category","embeddable":true,"href":"https:\/\/www.europesays.com\/fr\/wp-json\/wp\/v2\/categories?post=282795"},{"taxonomy":"post_tag","embeddable":true,"href":"https:\/\/www.europesays.com\/fr\/wp-json\/wp\/v2\/tags?post=282795"}],"curies":[{"name":"wp","href":"https:\/\/api.w.org\/{rel}","templated":true}]}}