{"id":282815,"date":"2025-07-29T21:35:10","date_gmt":"2025-07-29T21:35:10","guid":{"rendered":"https:\/\/www.europesays.com\/fr\/282815\/"},"modified":"2025-07-29T21:35:10","modified_gmt":"2025-07-29T21:35:10","slug":"patrick-sebastien-accuse-dexhibition-sexuelle-fellation-et-rem","status":"publish","type":"post","link":"https:\/\/www.europesays.com\/fr\/282815\/","title":{"rendered":"Patrick S\u00e9bastien accus\u00e9 d\u2019exhibition sexuelle ? Fellation et rem &#8230;"},"content":{"rendered":"<p>EN BREF<\/p>\n<ul class=\"bloc_resume_post_list\">\n<li>Le 22 juillet, Patrick S\u00e9bastien a donn\u00e9 un concert au<br \/>\nCap d\u00a0\u00bbAgde, suscitant une pol\u00e9mique apr\u00e8s un incident sur<br \/>\nsc\u00e8ne.<\/li>\n<li>Lors de sa prestation, une spectatrice aurait mim\u00e9 un<br \/>\nacte inappropri\u00e9, provoquant des r\u00e9actions mitig\u00e9es du<br \/>\npublic.<\/li>\n<li>La direction du camping et l&rsquo;avocat de Patrick S\u00e9bastien<br \/>\nont r\u00e9agi, chacun exprimant leur position sur cet \u00e9v\u00e9nement<br \/>\ncontrovers\u00e9.<\/li>\n<\/ul>\n<p class=\"p1\">Patrick S\u00e9bastien est au c\u0153ur d\u2019une pol\u00e9mique peu<br \/>\nr\u00e9jouissante. Le mardi 22 juillet, le chanteur a donn\u00e9 un concert<br \/>\ndans <strong>un camping naturiste<\/strong> du Cap d\u2019Agde (H\u00e9rault).<br \/>\nSelon les informations de <a href=\"https:\/\/www.mediapart.fr\/journal\/france\/290725\/au-cap-d-agde-devant-des-familles-patrick-sebastien-offre-une-fellation-en-guise-de\" target=\"_blank\" rel=\"nofollow noopener\">Mediapart<\/a>, il<br \/>\na cependant \u201cd\u00e9rap\u00e9\u201d devant 2 000 personnes dont de<br \/>\n<strong>nombreux enfants<\/strong>.<\/p>\n<p class=\"p1\">En effet, alors qu\u2019il chantait <a href=\"https:\/\/www.telestar.fr\/people\/patrick-sebastien-ils-s-en-battent-les-la-veritable-histoire-derriere-les-sardines-822113\" rel=\"nofollow noopener\" target=\"_blank\"><br \/>\nLes Sardines<\/a>, il a <strong>invit\u00e9 des<br \/>\nspectatrices<\/strong> \u00e0 monter sur sc\u00e8ne. \u201cJe veux que des<br \/>\nfilles\u201d, a-t-il notamment pr\u00e9cis\u00e9. Et de poursuivre :<br \/>\n\u201cApplaudissez mes petites sardines bien dodues ! Putain y\u2019a de<br \/>\nla mati\u00e8re ce soir ! Pas trop, je voudrais pas que la sc\u00e8ne p\u00e8te !<br \/>\nY\u2019a des canons ce soir !\u201d.<\/p>\n<p>Une spectatrice a mim\u00e9 une fellation sur Patrick<br \/>\nS\u00e9bastien<\/p>\n<p class=\"p1\">Au cours de la prestation de <a href=\"https:\/\/www.closermag.fr\/people\/cette-mode-ou-il-faut-etre-homo-trans-les-propos-de-patrick-sebastien-vont-plaire-aux-anti-woke-3510688\" target=\"_blank\" rel=\"noopener nofollow\">Patrick S\u00e9bastien<\/a>, une<br \/>\nspectatrice a soudainement mis <strong>sa main sur son<br \/>\nsexe<\/strong>. Par la suite, le chanteur s&rsquo;est plac\u00e9 face \u00e0 elle et<br \/>\ndos au public. Il a fait semblant de d\u00e9faire son pantalon et de<br \/>\nbaisser son sous-v\u00eatement. La femme s&rsquo;est alors agenouill\u00e9e et a<br \/>\n<strong>mim\u00e9 une fellation<\/strong> durant une dizaine de secondes.<br \/>\nLe tout en agrippant son pantalon au niveau des fesses. Une<br \/>\n<strong>sc\u00e8ne choquante<\/strong> qui a \u00e9t\u00e9 film\u00e9e par plusieurs<br \/>\nspectateurs.<\/p>\n<p class=\"p1\">Face \u00e0 l\u2019audace de la spectatrice, <a href=\"https:\/\/www.closermag.fr\/people\/exclu-patrick-sebastien-nous-respectons-son-choix-ses-rarissimes-confidences-sur-la-fille-de-son-fils-decede-a-19-ans-3522383\" rel=\"nofollow noopener\" target=\"_blank\"><br \/>\nle grand-p\u00e8re d\u2019Andr\u00e9a<\/a> a lanc\u00e9 avec humour : \u201cEt en rythme<br \/>\n!\u201d. S\u2019il a pu para\u00eetre <strong>tr\u00e8s \u00e0 l\u2019aise<\/strong>, son<br \/>\navocat a affirm\u00e9 le contraire. Interrog\u00e9 par Mediapart, Me<br \/>\nRobin Binsard a ainsi indiqu\u00e9 : \u201cM. Patrick S\u00e9bastien a \u00e9t\u00e9<br \/>\nvivement surpris par le comportement de cette femme et n\u2019a pas<br \/>\nmanqu\u00e9 de mettre fin \u00e0 cette mise en sc\u00e8ne\u201d.<\/p>\n<p>Le chanteur conteste \u201ctout<br \/>\ncomportement d\u2019ordre sexuel\u201d<\/p>\n<p class=\"p1\">Questionn\u00e9 \u00e0 propos d\u2019un <a href=\"https:\/\/www.closermag.fr\/people\/je-vous-presente-ma-nouvelle-maitresse-patrick-sebastien-cash-sur-sa-vie-sexuelle-1713984#item=1\" target=\"_blank\" rel=\"noopener nofollow\">acte sexuel<\/a> face \u00e0 des enfants,<br \/>\nPatrick S\u00e9bastien a <strong>d\u00e9menti les faits<\/strong>. Son avocat<br \/>\na ainsi assur\u00e9 qu\u2019il s\u2019agissait d\u2019une sc\u00e8ne \u201cmim\u00e9e\u201d, qu\u2019il<br \/>\n\u201cconteste tout comportement d\u2019ordre sexuel\u201d et<br \/>\nqu\u2019\u201caucune infraction n\u2019a \u00e9t\u00e9 commise\u201d. Il pr\u00e9cise<br \/>\n\u00e9galement que son client \u201cignorait\u201d que des mineurs<br \/>\n\u00e9taient pr\u00e9sents.<\/p>\n<p class=\"p1\">De son c\u00f4t\u00e9, <strong>la direction du camping<br \/>\nnaturiste<\/strong> a exprim\u00e9 sa \u201cd\u00e9sapprobation face \u00e0 cet<br \/>\nacte\u201d. Elle a assur\u00e9 avoir contact\u00e9 la soci\u00e9t\u00e9 de production<br \/>\nCarr\u00e9ment Prod et se \u201cr\u00e9server la possibilit\u00e9 de donner toute<br \/>\nsuite \u00e0 cet incident qui lui para\u00eetrait requise\u201d. <a href=\"https:\/\/www.telestar.fr\/people\/tpmp-patrick-sebastien-sans-filtre-sur-son-penchant-pour-le-libertinage-779782\" rel=\"nofollow noopener\" target=\"_blank\"><br \/>\nL&rsquo;adepte du libertinage<\/a> est donc face \u00e0 une situation<br \/>\nembarrassante.<\/p>\n","protected":false},"excerpt":{"rendered":"EN BREF Le 22 juillet, Patrick S\u00e9bastien a donn\u00e9 un concert au Cap d\u00a0\u00bbAgde, suscitant une pol\u00e9mique apr\u00e8s&hellip;\n","protected":false},"author":2,"featured_media":282816,"comment_status":"","ping_status":"","sticky":false,"template":"","format":"standard","meta":{"footnotes":""},"categories":[1359],"tags":[548,58,59,1011,27,6097,973],"class_list":{"0":"post-282815","1":"post","2":"type-post","3":"status-publish","4":"format-standard","5":"has-post-thumbnail","7":"category-people","8":"tag-article-simple","9":"tag-divertissement","10":"tag-entertainment","11":"tag-fr","12":"tag-france","13":"tag-patrick-sebastien","14":"tag-people"},"share_on_mastodon":{"url":"https:\/\/pubeurope.com\/@fr\/114938676746168467","error":""},"_links":{"self":[{"href":"https:\/\/www.europesays.com\/fr\/wp-json\/wp\/v2\/posts\/282815","targetHints":{"allow":["GET"]}}],"collection":[{"href":"https:\/\/www.europesays.com\/fr\/wp-json\/wp\/v2\/posts"}],"about":[{"href":"https:\/\/www.europesays.com\/fr\/wp-json\/wp\/v2\/types\/post"}],"author":[{"embeddable":true,"href":"https:\/\/www.europesays.com\/fr\/wp-json\/wp\/v2\/users\/2"}],"replies":[{"embeddable":true,"href":"https:\/\/www.europesays.com\/fr\/wp-json\/wp\/v2\/comments?post=282815"}],"version-history":[{"count":0,"href":"https:\/\/www.europesays.com\/fr\/wp-json\/wp\/v2\/posts\/282815\/revisions"}],"wp:featuredmedia":[{"embeddable":true,"href":"https:\/\/www.europesays.com\/fr\/wp-json\/wp\/v2\/media\/282816"}],"wp:attachment":[{"href":"https:\/\/www.europesays.com\/fr\/wp-json\/wp\/v2\/media?parent=282815"}],"wp:term":[{"taxonomy":"category","embeddable":true,"href":"https:\/\/www.europesays.com\/fr\/wp-json\/wp\/v2\/categories?post=282815"},{"taxonomy":"post_tag","embeddable":true,"href":"https:\/\/www.europesays.com\/fr\/wp-json\/wp\/v2\/tags?post=282815"}],"curies":[{"name":"wp","href":"https:\/\/api.w.org\/{rel}","templated":true}]}}