{"id":282819,"date":"2025-07-29T21:37:14","date_gmt":"2025-07-29T21:37:14","guid":{"rendered":"https:\/\/www.europesays.com\/fr\/282819\/"},"modified":"2025-07-29T21:37:14","modified_gmt":"2025-07-29T21:37:14","slug":"il-conseillait-a-ses-clientes-davoir-plusieurs-amants-un-psychoeducateur-et-auteur-de-nombreux-livres-radie-trois-mois","status":"publish","type":"post","link":"https:\/\/www.europesays.com\/fr\/282819\/","title":{"rendered":"Il conseillait \u00e0 ses clientes d\u2019avoir \u00abplusieurs amants\u00bb: un psycho\u00e9ducateur et auteur de nombreux livres radi\u00e9 trois mois"},"content":{"rendered":"<p><strong>Un ex-psycho\u00e9ducateur et auteur d\u2019une trentaine de livres \u00e9cope d\u2019une radiation de trois mois pour avoir sugg\u00e9r\u00e9 \u00e0 deux clientes d\u00e8s leurs premi\u00e8res consultations de se \u00abmasturber\u00bb ou de multiplier les \u00abamants\u00bb.<\/strong><\/p>\n<p>\u00abTu ne p\u00e8ses pas 400 livres et tu n\u2019as pas de boutons plein le visage. Tu peux avoir l\u2019homme que tu veux\u00bb, a d\u00e9j\u00e0 lanc\u00e9 Louis-Georges D\u00e9saulniers \u00e0 une cliente qui consultait notamment pour un probl\u00e8me de stress.<\/p>\n<p>Il s\u2019agit d\u2019un des exemples des propos sexuels inad\u00e9quats rapport\u00e9s dans une d\u00e9cision du Conseil de discipline de l\u2019Ordre des psycho\u00e9ducateurs et psycho\u00e9ducatrices du Qu\u00e9bec dat\u00e9e du 9 juin dernier.<\/p>\n<p>  <strong>Auteur prolifique<\/strong><\/p>\n<p>Louis-Georges D\u00e9saulniers \u00e9tait un psycho\u00e9ducateur d\u2019exp\u00e9rience lors des faits qui lui sont reproch\u00e9s.<\/p>\n<p>Il est \u00e9galement l\u2019auteur d\u2019au moins une trentaine d\u2019ouvrages sur une panoplie de sujets touchant \u00e0 la psychologie et au bien-\u00eatre, dont plusieurs portant sur le stress, les relations amoureuses ou la sexualit\u00e9.<\/p>\n<p>\u00c0 l\u2019automne 2022, le psycho\u00e9ducateur de Gatineau offrait des services de consultation dans le cadre d\u2019un programme d\u2019aide aux employ\u00e9s.<\/p>\n<p>\t\t\t\t\t\t<img decoding=\"async\" id=\"mortaiseIMG\" src=\"https:\/\/www.europesays.com\/fr\/wp-content\/uploads\/2025\/07\/14331_180553f161ce30-6209-4c8f-85f6-0dacbadf6e43_ORIGINAL.jpg\"\/><\/p>\n<p>L&rsquo;ex-psycho\u00e9ducateur et auteur Louis-Georges D\u00e9saulniers Photo tir\u00e9e du site web Service d&rsquo;aide personnelle Desaulniers<\/p>\n<p>C\u2019est dans ce contexte que deux clientes diff\u00e9rentes ont \u00e9t\u00e9 confront\u00e9es aux suggestions d\u00e9plac\u00e9es du professionnel, alors qu\u2019elles en \u00e9taient \u00e0 leur premi\u00e8re ou deuxi\u00e8me s\u00e9ance avec lui.<\/p>\n<p>  <strong>\u00abTu sens tes doigts\u00bb<\/strong><\/p>\n<p>\u00abC\u2019est comme lorsque tu te masturbes et qu\u2019apr\u00e8s tu sens tes doigts et tu dis, hum qu\u2019ils sont bons ces petits doigts\u00bb, lit-on dans la d\u00e9cision du Conseil.<\/p>\n<p>Il lui a \u00e9galement conseill\u00e9 \u00abd\u2019avoir plusieurs amants, qu\u2019ils soient mari\u00e9s ou non\u00bb.<\/p>\n<p>Peu apr\u00e8s, la cliente est tomb\u00e9e en arr\u00eat de travail et a contact\u00e9 la police, relate-t-on.<\/p>\n<p>  <strong>Pas de \u00abv\u00eatements mous\u00bb<\/strong><\/p>\n<p>\u00c0 la deuxi\u00e8me cliente, qui consultait pour des enjeux de d\u00e9pression, d\u2019anxi\u00e9t\u00e9 et de deuil, il a \u00e9galement sugg\u00e9r\u00e9 de se masturber et de multiplier les aventures.<\/p>\n<p>M. D\u00e9saulniers lui a conseill\u00e9 de se \u00abfaire belle\u00bb, de se \u00abmaquiller\u00bb et de ne pas porter de \u00abv\u00eatements mous\u00bb \u00abune journ\u00e9e par semaine\u00bb, des opinions qui rel\u00e8vent plus de ses go\u00fbts personnels que d\u2019une \u00e9valuation ad\u00e9quate de la situation, reproche-t-on dans la d\u00e9cision.<\/p>\n<p>Il a \u00e9galement omis d\u2019\u00e9valuer le risque suicidaire de la cliente, alors qu\u2019elle disait \u00abpenser presque tous les jours qu\u2019elle serait mieux morte\u00bb.<\/p>\n<p>Dans les deux dossiers, le Conseil lui reproche aussi des manquements dans sa tenue de dossier, dont ses \u00abnotes illisibles\u00bb.<\/p>\n<p>Louis-Georges D\u00e9saulniers a plaid\u00e9 coupable \u00e0 tous les chefs de plainte. Il n\u2019\u00e9tait plus membre de l\u2019ordre \u00e0 ce moment-l\u00e0.<\/p>\n<p>L\u2019ex-psycho\u00e9ducateur a \u00e9t\u00e9 condamn\u00e9 \u00e0 une radiation de trois mois, qui serait \u00e0 purger advenant qu\u2019il se r\u00e9inscrive \u00e0 l\u2019ordre. Il aurait alors \u00e0 suivre plusieurs formations et stages supervis\u00e9s.<\/p>\n<p>Il a \u00e9galement \u00e9t\u00e9 condamn\u00e9 \u00e0 payer une amende totale de 7500$.<\/p>\n<p>Joint au t\u00e9l\u00e9phone par Le Journal, M. D\u00e9saulniers n\u2019a pas souhait\u00e9 commenter. Il a mentionn\u00e9 \u00eatre maintenant \u00e0 la retraite.<\/p>\n<p><strong>Vous avez des informations \u00e0 nous communiquer \u00e0 propos de cette histoire?<\/strong><\/p>\n<p>\u00c9crivez-nous \u00e0 l&rsquo;adresse <a class=\"mail\" id=\"scoopEmail\" href=\"\" target=\"_blank\"\/> ou appelez-nous directement au <a class=\"tel\" href=\"https:\/\/www.journaldemontreal.com\/2025\/07\/29\/tel:18006372667\" rel=\"nofollow noopener\" target=\"_blank\">1 800-63SCOOP<\/a>.<\/p>\n","protected":false},"excerpt":{"rendered":"Un ex-psycho\u00e9ducateur et auteur d\u2019une trentaine de livres \u00e9cope d\u2019une radiation de trois mois pour avoir sugg\u00e9r\u00e9 \u00e0&hellip;\n","protected":false},"author":2,"featured_media":282820,"comment_status":"","ping_status":"","sticky":false,"template":"","format":"standard","meta":{"footnotes":""},"categories":[1357],"tags":[1379,58,59,1011,27,1380],"class_list":{"0":"post-282819","1":"post","2":"type-post","3":"status-publish","4":"format-standard","5":"has-post-thumbnail","7":"category-livres","8":"tag-books","9":"tag-divertissement","10":"tag-entertainment","11":"tag-fr","12":"tag-france","13":"tag-livres"},"share_on_mastodon":{"url":"https:\/\/pubeurope.com\/@fr\/114938684704852601","error":""},"_links":{"self":[{"href":"https:\/\/www.europesays.com\/fr\/wp-json\/wp\/v2\/posts\/282819","targetHints":{"allow":["GET"]}}],"collection":[{"href":"https:\/\/www.europesays.com\/fr\/wp-json\/wp\/v2\/posts"}],"about":[{"href":"https:\/\/www.europesays.com\/fr\/wp-json\/wp\/v2\/types\/post"}],"author":[{"embeddable":true,"href":"https:\/\/www.europesays.com\/fr\/wp-json\/wp\/v2\/users\/2"}],"replies":[{"embeddable":true,"href":"https:\/\/www.europesays.com\/fr\/wp-json\/wp\/v2\/comments?post=282819"}],"version-history":[{"count":0,"href":"https:\/\/www.europesays.com\/fr\/wp-json\/wp\/v2\/posts\/282819\/revisions"}],"wp:featuredmedia":[{"embeddable":true,"href":"https:\/\/www.europesays.com\/fr\/wp-json\/wp\/v2\/media\/282820"}],"wp:attachment":[{"href":"https:\/\/www.europesays.com\/fr\/wp-json\/wp\/v2\/media?parent=282819"}],"wp:term":[{"taxonomy":"category","embeddable":true,"href":"https:\/\/www.europesays.com\/fr\/wp-json\/wp\/v2\/categories?post=282819"},{"taxonomy":"post_tag","embeddable":true,"href":"https:\/\/www.europesays.com\/fr\/wp-json\/wp\/v2\/tags?post=282819"}],"curies":[{"name":"wp","href":"https:\/\/api.w.org\/{rel}","templated":true}]}}