{"id":282821,"date":"2025-07-29T21:38:11","date_gmt":"2025-07-29T21:38:11","guid":{"rendered":"https:\/\/www.europesays.com\/fr\/282821\/"},"modified":"2025-07-29T21:38:11","modified_gmt":"2025-07-29T21:38:11","slug":"cyril-hanouna-son-avenir-sassombrit-deja-dans-les-coulisses-la-tension-monte-dun-cran","status":"publish","type":"post","link":"https:\/\/www.europesays.com\/fr\/282821\/","title":{"rendered":"Cyril Hanouna : son avenir s\u2019assombrit (d\u00e9j\u00e0), dans les coulisses la tension monte d\u2019un cran"},"content":{"rendered":"<p data-start=\"276\" data-end=\"1082\">Il s\u2019imaginait en sauveur du<br \/>\nPAF, il d\u00e9barque en agitateur de trop. Exit C8, <a href=\"https:\/\/www.closermag.fr\/tv_tele_realite\/tpmp-cest-termine-annonce-coup-de-tonnerre-de-cyril-hanouna-3543052\" target=\"_blank\" rel=\"noopener\"><br \/>\nadieu TPMP<\/a>, Cyril Hanouna rebondit d\u00e8s septembre sur W9 et Fun<br \/>\nRadio avec <a href=\"https:\/\/www.closermag.fr\/people\/cyril-hanouna-ce-celebre-trublion-ne-le-suivra-pas-sur-w9-et-il-le-dit-sans-prendre-de-gants-3567097\" target=\"_blank\" rel=\"noopener\"><br \/>\nTout beau tout 9<\/a>.<br \/>\n<strong>Un talk-show<\/strong> annonc\u00e9 comme une copie carbone de<br \/>\nson ancien empire. \u00ab\u00a0<strong>\u00c7a va fortement ressembler \u00e0<br \/>\nTPMP<\/strong>\u00ab\u00a0, a-t-il promis, rassurant son fan-club<br \/>\norphelin.<\/p>\n<p data-start=\"276\" data-end=\"1082\">Autour de la table ? Les m\u00eames<br \/>\nfid\u00e8les : <a href=\"https:\/\/www.closermag.fr\/people\/valerie-benaim-absente-deurope-1-apres-ses-problemes-de-sante-lannonce-inquietante-de-cyril-hanouna-3553531\" target=\"_blank\" rel=\"noopener\"><br \/>\nVal\u00e9rie Bena\u00efm<\/a>, <a href=\"https:\/\/www.closermag.fr\/tv_tele_realite\/geraldine-maillet-la-souffre-douleur-de-cyril-hanouna-paye-cher-sa-presence-dans-tpmp-mais-gagne-encore-plus-3528208\" target=\"_blank\" rel=\"noopener\"><br \/>\nG\u00e9raldine Maillet<\/a>, <a href=\"https:\/\/www.closermag.fr\/tv_tele_realite\/ca-chauffe-entre-sarah-saldman-et-raymond-aabou-on-ne-sait-plus-ou-se-cacher-meme-cyril-hanouna-est-gene-3522768\" target=\"_blank\" rel=\"noopener\"><br \/>\nRaymond Aabou<\/a>, <a href=\"https:\/\/www.closermag.fr\/people\/tu-le-fais-expres-cyril-hanouna-et-gauthier-le-bret-perdent-leur-calme-face-a-leur-collegue-sur-europe-1-3497384\" target=\"_blank\" rel=\"noopener\"><br \/>\nOlivier Dartigolles<\/a>&#8230; Les habitu\u00e9s de la foire d\u2019empoigne.<br \/>\nCyril Hanouna promet de \u00ab\u00a0rigoler\u00a0\u00bb et \u00ab\u00a0d\u2019apprendre des<br \/>\nchoses\u00a0\u00bb. Mais dans les couloirs, ce n\u2019est pas vraiment l\u2019\u00e9clat<br \/>\nde rire g\u00e9n\u00e9ral. Chez M6, la maison m\u00e8re, <strong>l\u2019arriv\u00e9e du<br \/>\ntrublion<\/strong> fait tousser. <a href=\"https:\/\/www.closermag.fr\/people\/bruno-guillon-vs-cyril-hanouna-le-combat-est-loin-detre-termine-lea-salame-a-mis-son-nez-dedans-3552576\" target=\"_blank\" rel=\"noopener\"><br \/>\nBruno Guillon grimace<\/a>, <a href=\"https:\/\/www.closermag.fr\/people\/karine-le-marchand-apres-avoir-revele-ses-soucis-de-sante-et-face-a-linquietude-elle-sort-du-silence-3564414\" target=\"_blank\" rel=\"noopener\"><br \/>\nKarine Le Marchand<\/a> rit jaune. Et pour cause : Baba arrive avec<br \/>\nfracas, sans se soucier des usages ni des susceptibilit\u00e9s.<\/p>\n<p>Cyril Hanouna : un m\u00e9diateur sur le coup (d\u00e9j\u00e0) !<\/p>\n<p data-start=\"1110\" data-end=\"1848\">Preuve que les choses<br \/>\ns\u2019annoncent orageuses : <strong>un m\u00e9diateur<\/strong> a d\u00e9j\u00e0 \u00e9t\u00e9<br \/>\nd\u00e9p\u00each\u00e9 pour jouer les pompiers. \u00ab\u00a0<strong>Cyril Hanouna ne<br \/>\ndiscutera pas directement avec la direction<\/strong> d\u2019antenne de<br \/>\nFun Radio pour Tout Beau Tout Fun\u00a0\u00bb, peut-on lire sur X. Une<br \/>\nphrase s\u00e8che, lourde de sous-entendus. Il faut croire que la<br \/>\nstation musicale n\u2019a pas envie de voir son antenne transform\u00e9e en<br \/>\n<strong>champ de bataille<\/strong> m\u00e9diatique. Et c&rsquo;est pourtant le<br \/>\nrisque \u00e0 prendre lorsque l&rsquo;on fait appel \u00e0 <a href=\"https:\/\/www.closermag.fr\/people\/cyril-hanouna-en-couple-avec-kelly-vedovelli-rififi-entre-les-deux-la-preuve-avec-cette-photo-3567110\" target=\"_blank\" rel=\"noopener\"><br \/>\nCyril Hanouna<\/a>. D\u00e9rapage, bad buzz, et clash en perspective&#8230;<br \/>\nVoil\u00e0 ce qui attend le groupe M6.<\/p>\n<p data-start=\"1110\" data-end=\"1848\">Alors, mieux vaut pr\u00e9venir que<br \/>\ngu\u00e9rir. L&rsquo;interm\u00e9diaire ? <strong>Un ancien directeur de radios<br \/>\nmusicales<\/strong>, rompu aux acrobaties diplomatiques. Mission :<br \/>\n<strong>contenir les d\u00e9bordements<\/strong> et \u00e9viter que la rentr\u00e9e<br \/>\nne tourne \u00e0 la guerre d\u2019egos. Car si Cyril Hanouna aime le buzz, la<br \/>\ndirection, elle, pr\u00e9f\u00e8re la stabilit\u00e9. Or, quand on recrute un<br \/>\nbaril de poudre, il faut s\u2019attendre \u00e0 quelques \u00e9tincelles\u2026<\/p>\n<p>Cyril Hanouna : panique en coulisses<\/p>\n<p data-start=\"1878\" data-end=\"2543\">Ce remue-m\u00e9nage pr\u00e9matur\u00e9 n\u2019a<br \/>\nrien d\u2019anodin. D\u2019autant plus que les animateurs en place redoutent<br \/>\n<strong>l\u2019effet bulldozer<\/strong>. Habitu\u00e9 \u00e0 monopoliser<br \/>\nl\u2019antenne, Cyril Hanouna risque de faire de l\u2019ombre \u00e0 tous ceux qui<br \/>\nont appris \u00e0 travailler\u2026 sans hurler. Sa m\u00e9thode ? Un cocktail<br \/>\nd\u2019impro, de provoc\u2019 et de d\u00e9bats sous tension.<\/p>\n<p data-start=\"1878\" data-end=\"2543\">Sauf que W9 et Fun Radio n\u2019ont<br \/>\npas le m\u00eame ADN que C8. Ici, on marche droit. Et les<br \/>\n<strong>premi\u00e8res crispations<\/strong> laissent pr\u00e9sager un rod\u00e9o<br \/>\nm\u00e9diatique \u00e0 la rentr\u00e9e. Si Tout beau tout 9 fait du bruit, ce ne sera pas<br \/>\nseulement \u00e0 l\u2019\u00e9cran. En coulisses, les couteaux s\u2019aiguisent d\u00e9j\u00e0.<br \/>\nCar avec Cyril Hanouna, on sait quand le show commence\u2026 mais jamais<br \/>\ncomment il finit.<\/p>\n","protected":false},"excerpt":{"rendered":"Il s\u2019imaginait en sauveur du PAF, il d\u00e9barque en agitateur de trop. Exit C8, adieu TPMP, Cyril Hanouna&hellip;\n","protected":false},"author":2,"featured_media":282822,"comment_status":"","ping_status":"","sticky":false,"template":"","format":"standard","meta":{"footnotes":""},"categories":[1356],"tags":[548,1083,58,59,1011,27,252,1364],"class_list":{"0":"post-282821","1":"post","2":"type-post","3":"status-publish","4":"format-standard","5":"has-post-thumbnail","7":"category-television","8":"tag-article-simple","9":"tag-cyril-hanouna","10":"tag-divertissement","11":"tag-entertainment","12":"tag-fr","13":"tag-france","14":"tag-television","15":"tag-tv"},"share_on_mastodon":{"url":"https:\/\/pubeurope.com\/@fr\/114938688680843645","error":""},"_links":{"self":[{"href":"https:\/\/www.europesays.com\/fr\/wp-json\/wp\/v2\/posts\/282821","targetHints":{"allow":["GET"]}}],"collection":[{"href":"https:\/\/www.europesays.com\/fr\/wp-json\/wp\/v2\/posts"}],"about":[{"href":"https:\/\/www.europesays.com\/fr\/wp-json\/wp\/v2\/types\/post"}],"author":[{"embeddable":true,"href":"https:\/\/www.europesays.com\/fr\/wp-json\/wp\/v2\/users\/2"}],"replies":[{"embeddable":true,"href":"https:\/\/www.europesays.com\/fr\/wp-json\/wp\/v2\/comments?post=282821"}],"version-history":[{"count":0,"href":"https:\/\/www.europesays.com\/fr\/wp-json\/wp\/v2\/posts\/282821\/revisions"}],"wp:featuredmedia":[{"embeddable":true,"href":"https:\/\/www.europesays.com\/fr\/wp-json\/wp\/v2\/media\/282822"}],"wp:attachment":[{"href":"https:\/\/www.europesays.com\/fr\/wp-json\/wp\/v2\/media?parent=282821"}],"wp:term":[{"taxonomy":"category","embeddable":true,"href":"https:\/\/www.europesays.com\/fr\/wp-json\/wp\/v2\/categories?post=282821"},{"taxonomy":"post_tag","embeddable":true,"href":"https:\/\/www.europesays.com\/fr\/wp-json\/wp\/v2\/tags?post=282821"}],"curies":[{"name":"wp","href":"https:\/\/api.w.org\/{rel}","templated":true}]}}