{"id":282831,"date":"2025-07-29T21:43:09","date_gmt":"2025-07-29T21:43:09","guid":{"rendered":"https:\/\/www.europesays.com\/fr\/282831\/"},"modified":"2025-07-29T21:43:09","modified_gmt":"2025-07-29T21:43:09","slug":"katy-perry-exit-orlando-bloom-la-chanteuse-apercue-en-train-de-diner-avec-un-celebre-premier-ministre","status":"publish","type":"post","link":"https:\/\/www.europesays.com\/fr\/282831\/","title":{"rendered":"Katy Perry : exit Orlando Bloom, la chanteuse aper\u00e7ue en train de d\u00eener avec un c\u00e9l\u00e8bre Premier ministre"},"content":{"rendered":"<p>      R\u00e9sum\u00e9<\/p>\n<p>Katy Perry et le Premier ministre canadien Justin Trudeau ont \u00e9t\u00e9 vus partageant un d\u00eener amical dans un restaurant montr\u00e9alais, sans ambigu\u00eft\u00e9 entre eux.<\/p>\n<p>        Sommaire<\/p>\n<p>Ce sont des clich\u00e9s qui, en quelques heures, ont d\u00e9j\u00e0 fait le tour du monde ! Comme le r\u00e9v\u00e8le TMZ, <strong>Katy Perry a d\u00een\u00e9 ce lundi 28 juillet en charmante compagnie<\/strong> dans le restaurant Le Violon du prestigieux chef montr\u00e9alais Danny Smiles. C&rsquo;est le propri\u00e9taire des lieux qui a confirm\u00e9 la nouvelle au m\u00e9dia, en r\u00e9v\u00e9lant que l&rsquo;artiste am\u00e9ricaine avait d\u00een\u00e9 en compagnie <a href=\"https:\/\/www.public.fr\/justin-trudeau-5-choses-a-savoir-sur-le-premier-ministre-canadien\" target=\"_blank\" rel=\"noopener\">du Premier ministre canadien Justin Trudeau<\/a>.<\/p>\n<p>L&rsquo;homme a toutefois pris des pincettes&#8230; Hors de question pour lui d&rsquo;\u00e9voquer une ambigu\u00eft\u00e9 entre les deux convives. Aupr\u00e8s de TMZ, Danny Smiles a assur\u00e9 qu&rsquo;il n&rsquo;avait pas \u00ab\u00a0ressenti d&rsquo;\u00e9motions fortes entre Katy et Justin\u00a0\u00bb, et qu&rsquo;il s&rsquo;agissait simplement <strong>\u00ab\u00a0de deux amis qui savouraient un bon repas\u00a0\u00bb<\/strong>.<\/p>\n<p>Justin a pay\u00e9 la totalit\u00e9 de la note<\/p>\n<p>Un repas copieux et on\u00e9reux puisque les deux stars ont choisi <strong>le menu d\u00e9gustation du chef<\/strong>, avec un v\u00e9ritable festival ! Homard, gnocchis, agneau, tartare de b\u0153uf, il y en avait pour toutes les papilles ! Et selon les d\u00e9tails donn\u00e9s par le chef, <strong>c&rsquo;est Justin Trudeau qui a pay\u00e9 la totalit\u00e9 de l&rsquo;addition<\/strong>, qui \u00e9tait d\u00e9nu\u00e9e de desserts, les deux convives pr\u00e9f\u00e9rant faire attention \u00e0 leur ligne&#8230;<\/p>\n<p>Arriv\u00e9s aux alentours de 19 heures, Justin Trudeau et Katy Perry<strong> ont fait l&rsquo;unanimit\u00e9 aupr\u00e8s du personnel<\/strong>. Ce dernier a tenu \u00e0 saluer aupr\u00e8s du TMZ la gentillesse des deux stars, qui ont tenu \u00e0 venir les saluer en cuisine, et \u00e0 les remercier pour l&rsquo;excellente d\u00e9gustation qu&rsquo;ils leur ont offerte. <\/p>\n<p>Katy Perry et Justin Trudeau sont c\u00e9libataires<\/p>\n<p><a href=\"https:\/\/www.public.fr\/diaporamas\/photos-justin-trudeau-le-premier-ministre-canadien-fait-fantasmer-les-internautes-avec-ses-photos-de-jeunesse\" target=\"_blank\" rel=\"noopener\">Premier ministre du Canada entre 2015 et 2025<\/a>, <strong>Justin Trudeau reste l&rsquo;un des hommes les plus influents du pays<\/strong>. Il a \u00e9galement quitt\u00e9 ses fonctions de chef du parti lib\u00e9ral et d\u00e9put\u00e9 de la chambre des communes, et est redevenu simple enseignant. Il est c\u00e9libataire depuis 2023, <strong>puisqu&rsquo;il s&rsquo;est s\u00e9par\u00e9 de l&rsquo;animatrice et chanteuse Sophie Gr\u00e9goire<\/strong>, \u00e0 laquelle il \u00e9tait mari\u00e9 depuis 2005. Ils ont eu ensemble trois enfants, en 2007, 2009 mais \u00e9galement en 2014.<\/p>\n<p>Katy Perry, quant \u00e0 elle, a r\u00e9cemment officialis\u00e9 <a href=\"https:\/\/vsd.fr\/83282-katy-perry-et-orlando-bloom-cest-la-fin\/\" target=\"_blank\" rel=\"noopener\">sa rupture d&rsquo;avec Orlando Bloom<\/a>. <strong>Les deux ex \u00e9taient en couple depuis d\u00e9but 2016<\/strong>\u2026 Ils s&rsquo;\u00e9taient s\u00e9par\u00e9s une premi\u00e8re fois en f\u00e9vrier 2017, ce qui avait pouss\u00e9 la chanteuse \u00e0 <a href=\"https:\/\/www.public.fr\/videos\/katy-perry-aurait-envisage-le-suicide-apres-sa-rupture-avec-orlando-bloom\" target=\"_blank\" rel=\"noopener\">songer au suicide<\/a>. Ils s&rsquo;\u00e9taient finalement remis ensemble, et avaient accueilli une petite fille, Daisy Dove, en ao\u00fbt 2020.<\/p>\n<p>      Mentionn\u00e9s dans cet article<\/p>\n<p>\u00c0 lire aussi<\/p>\n","protected":false},"excerpt":{"rendered":"R\u00e9sum\u00e9 Katy Perry et le Premier ministre canadien Justin Trudeau ont \u00e9t\u00e9 vus partageant un d\u00eener amical dans&hellip;\n","protected":false},"author":2,"featured_media":282832,"comment_status":"","ping_status":"","sticky":false,"template":"","format":"standard","meta":{"footnotes":""},"categories":[8],"tags":[58,59,1011,27,15906,8553,33392,3363],"class_list":{"0":"post-282831","1":"post","2":"type-post","3":"status-publish","4":"format-standard","5":"has-post-thumbnail","7":"category-divertissement","8":"tag-divertissement","9":"tag-entertainment","10":"tag-fr","11":"tag-france","12":"tag-justin-trudeau","13":"tag-katy-perry","14":"tag-orlando-bloom","15":"tag-premier-ministre"},"share_on_mastodon":{"url":"https:\/\/pubeurope.com\/@fr\/114938708190492055","error":""},"_links":{"self":[{"href":"https:\/\/www.europesays.com\/fr\/wp-json\/wp\/v2\/posts\/282831","targetHints":{"allow":["GET"]}}],"collection":[{"href":"https:\/\/www.europesays.com\/fr\/wp-json\/wp\/v2\/posts"}],"about":[{"href":"https:\/\/www.europesays.com\/fr\/wp-json\/wp\/v2\/types\/post"}],"author":[{"embeddable":true,"href":"https:\/\/www.europesays.com\/fr\/wp-json\/wp\/v2\/users\/2"}],"replies":[{"embeddable":true,"href":"https:\/\/www.europesays.com\/fr\/wp-json\/wp\/v2\/comments?post=282831"}],"version-history":[{"count":0,"href":"https:\/\/www.europesays.com\/fr\/wp-json\/wp\/v2\/posts\/282831\/revisions"}],"wp:featuredmedia":[{"embeddable":true,"href":"https:\/\/www.europesays.com\/fr\/wp-json\/wp\/v2\/media\/282832"}],"wp:attachment":[{"href":"https:\/\/www.europesays.com\/fr\/wp-json\/wp\/v2\/media?parent=282831"}],"wp:term":[{"taxonomy":"category","embeddable":true,"href":"https:\/\/www.europesays.com\/fr\/wp-json\/wp\/v2\/categories?post=282831"},{"taxonomy":"post_tag","embeddable":true,"href":"https:\/\/www.europesays.com\/fr\/wp-json\/wp\/v2\/tags?post=282831"}],"curies":[{"name":"wp","href":"https:\/\/api.w.org\/{rel}","templated":true}]}}