{"id":282839,"date":"2025-07-29T21:47:11","date_gmt":"2025-07-29T21:47:11","guid":{"rendered":"https:\/\/www.europesays.com\/fr\/282839\/"},"modified":"2025-07-29T21:47:11","modified_gmt":"2025-07-29T21:47:11","slug":"un-ambassadeur-americain-accuse-la-france-de-donner-une-victoire-aux-nazis","status":"publish","type":"post","link":"https:\/\/www.europesays.com\/fr\/282839\/","title":{"rendered":"un ambassadeur am\u00e9ricain accuse la France de \u00abdonner une victoire aux nazis\u00bb"},"content":{"rendered":"<p>L\u2019ambassadeur am\u00e9ricain en Isra\u00ebl Mike Huckabee a qualifi\u00e9 la d\u00e9cision d\u2019Emmanuel Macron de reconna\u00eetre un \u00c9tat palestinien de \u00abtr\u00e8s stupide\u00bb, comparant la France aux alli\u00e9s des nazis.<\/p>\n<p class=\"fig-paragraph\">L&rsquo;ambassadeur des \u00c9tats-Unis en Isra\u00ebl, Mike Huckabee, a d\u00e9nonc\u00e9 mardi la reconnaissance\u00a0<a href=\"http:\/\/www.lefigaro.fr\/international\/la-france-va-reconnaitre-l-etat-de-palestine-20250724\" data-fig-type=\"NewsFlash\" data-gtm-custom-categorie=\"navigation\" data-gtm-custom-action=\"crossclick\" data-gtm-custom-label=\"Contextuel\" data-gtm-event=\"customEventSPE\" data-fig-domain=\"LEFIGARO\" rel=\"nofollow noopener\" target=\"_blank\">de l&rsquo;\u00c9tat de Palestine<\/a>\u00a0par la France et estim\u00e9 qu&rsquo;elle permettrait au Hamas de revendiquer un succ\u00e8s, revenant ainsi \u00e0 \u00abdonner une victoire aux nazis apr\u00e8s la Seconde Guerre mondiale\u00bb. Interview\u00e9 sur la cha\u00eene Fox News, cet ancien gouverneur r\u00e9publicain de l&rsquo;Arkansas a qualifi\u00e9 la d\u00e9cision du pr\u00e9sident fran\u00e7ais Emmanuel Macron de \u00abtr\u00e8s stupide\u00bb, car elle r\u00e9duit selon lui \u00abtout espoir que le Hamas abandonne\u00bb. \u00abCela donne au Hamas l&rsquo;impression qu&rsquo;ils ont une vraie opportunit\u00e9 de d\u00e9clarer victoire, ce qui reviendrait \u00e0 donner une victoire aux nazis apr\u00e8s la Seconde Guerre mondiale\u00bb, a-t-il ajout\u00e9.<\/p>\n<p class=\"fig-paragraph\">Pasteur \u00e9vang\u00e9lique de 69 ans, Mike Huckabee est connu pour son soutien ferme en faveur d&rsquo;Isra\u00ebl et pour avoir remis en cause l&rsquo;existence m\u00eame d&rsquo;un peuple palestinien, une population qui pourrait s&rsquo;installer selon lui dans des pays voisins comme la Syrie, la Jordanie ou l&rsquo;\u00c9gypte. Dimanche, l&rsquo;ambassadeur avait d\u00e9j\u00e0\u00a0<a href=\"http:\/\/www.lefigaro.fr\/flash-actu\/la-france-peut-creer-un-etat-palestinien-sur-la-cote-d-azur-tance-l-ambassadeur-americain-en-israel-20250601\" data-fig-type=\"NewsFlash\" data-gtm-custom-categorie=\"navigation\" data-gtm-custom-action=\"crossclick\" data-gtm-custom-label=\"Contextuel\" data-gtm-event=\"customEventSPE\" data-fig-domain=\"LEFIGARO\" rel=\"nofollow noopener\" target=\"_blank\">critiqu\u00e9 la d\u00e9cision de la France<\/a>\u00a0et ironis\u00e9 sur la situation. \u00abLa \u201cd\u00e9claration\u201d unilat\u00e9rale de Macron concernant la cr\u00e9ation d&rsquo;un \u00c9tat \u201cpalestinien\u201d ne pr\u00e9cisait pas o\u00f9 celui-ci serait situ\u00e9. Je peux d\u00e9sormais r\u00e9v\u00e9ler en exclusivit\u00e9 que la France proposera la C\u00f4te d&rsquo;Azur et que la nouvelle nation s&rsquo;appellera \u201cFranc-en-Stine\u201d\u00bb, avait publi\u00e9 sur son compte X cet ancien candidat pour l&rsquo;investiture r\u00e9publicaine \u00e0 la pr\u00e9sidentielle.<\/p>\n<p>                                    <a class=\"fig-a11y-skip a11y-hidden\" href=\"#fig-a11y-skip-main-inarticle\"><br \/>\n        Passer la publicit\u00e9<br \/>\n    <\/a><\/p>\n<p>Charge contre le Royaume-Uni<\/p>\n<p class=\"fig-paragraph\">En f\u00e9vrier, Donald Trump avait exprim\u00e9 son souhait de transformer Gaza en \u00abRiviera du Moyen-Orient\u00bb, \u00e9voquant un d\u00e9placement de sa population pour reconstruire l&rsquo;enclave ravag\u00e9e par la guerre. Mike Huckabee a r\u00e9it\u00e9r\u00e9 ses propos mardi sur Fox News en s&rsquo;attaquant au pr\u00e9sident fran\u00e7ais. \u00abPourquoi est-ce qu&rsquo;il n&rsquo;accueille pas des gens de Gaza qui voudraient partir volontairement?\u00bb, a-t-il d\u00e9clar\u00e9, avant d&rsquo;ajouter\u00a0: \u00abPourquoi est-ce que le Royaume-Uni ne le fait pas?\u00bb<\/p>\n<p class=\"fig-paragraph\">\u00abS&rsquo;ils sont aussi d\u00e9termin\u00e9s \u00e0 all\u00e9ger les souffrances de la population de Gaza, qu&rsquo;ils soient les premiers \u00e0 se proposer\u00bb, a affirm\u00e9 l&rsquo;ambassadeur. \u00abIls ne font rien, ils n&rsquo;ont pas boug\u00e9 un doigt\u00bb, a-t-il assur\u00e9. Le premier ministre britannique Keir Starmer a annonc\u00e9 mardi que le Royaume-Uni reconna\u00eetrait l&rsquo;\u00c9tat de Palestine en septembre, sauf si Isra\u00ebl prend un certain nombre d&rsquo;engagements, dont celui d&rsquo;un cessez-le-feu dans la bande de Gaza assi\u00e9g\u00e9e o\u00f9 l&rsquo;aide humanitaire entre au compte-gouttes.<\/p>\n","protected":false},"excerpt":{"rendered":"L\u2019ambassadeur am\u00e9ricain en Isra\u00ebl Mike Huckabee a qualifi\u00e9 la d\u00e9cision d\u2019Emmanuel Macron de reconna\u00eetre un \u00c9tat palestinien de&hellip;\n","protected":false},"author":2,"featured_media":282840,"comment_status":"","ping_status":"","sticky":false,"template":"","format":"standard","meta":{"footnotes":""},"categories":[4],"tags":[11,1903,8421,1011,27,12,25],"class_list":{"0":"post-282839","1":"post","2":"type-post","3":"status-publish","4":"format-standard","5":"has-post-thumbnail","7":"category-france","8":"tag-actualites","9":"tag-ambassadeur","10":"tag-etat-palestinien","11":"tag-fr","12":"tag-france","13":"tag-news","14":"tag-republique-francaise"},"share_on_mastodon":{"url":"https:\/\/pubeurope.com\/@fr\/114938724054561450","error":""},"_links":{"self":[{"href":"https:\/\/www.europesays.com\/fr\/wp-json\/wp\/v2\/posts\/282839","targetHints":{"allow":["GET"]}}],"collection":[{"href":"https:\/\/www.europesays.com\/fr\/wp-json\/wp\/v2\/posts"}],"about":[{"href":"https:\/\/www.europesays.com\/fr\/wp-json\/wp\/v2\/types\/post"}],"author":[{"embeddable":true,"href":"https:\/\/www.europesays.com\/fr\/wp-json\/wp\/v2\/users\/2"}],"replies":[{"embeddable":true,"href":"https:\/\/www.europesays.com\/fr\/wp-json\/wp\/v2\/comments?post=282839"}],"version-history":[{"count":0,"href":"https:\/\/www.europesays.com\/fr\/wp-json\/wp\/v2\/posts\/282839\/revisions"}],"wp:featuredmedia":[{"embeddable":true,"href":"https:\/\/www.europesays.com\/fr\/wp-json\/wp\/v2\/media\/282840"}],"wp:attachment":[{"href":"https:\/\/www.europesays.com\/fr\/wp-json\/wp\/v2\/media?parent=282839"}],"wp:term":[{"taxonomy":"category","embeddable":true,"href":"https:\/\/www.europesays.com\/fr\/wp-json\/wp\/v2\/categories?post=282839"},{"taxonomy":"post_tag","embeddable":true,"href":"https:\/\/www.europesays.com\/fr\/wp-json\/wp\/v2\/tags?post=282839"}],"curies":[{"name":"wp","href":"https:\/\/api.w.org\/{rel}","templated":true}]}}