{"id":28284,"date":"2025-04-16T03:21:15","date_gmt":"2025-04-16T03:21:15","guid":{"rendered":"https:\/\/www.europesays.com\/fr\/28284\/"},"modified":"2025-04-16T03:21:15","modified_gmt":"2025-04-16T03:21:15","slug":"saint-etienne-venez-denicher-votre-job-dete-ce-mercredi-a-la-comete","status":"publish","type":"post","link":"https:\/\/www.europesays.com\/fr\/28284\/","title":{"rendered":"Saint-\u00c9tienne : venez d\u00e9nicher votre job d&rsquo;\u00e9t\u00e9 ce mercredi \u00e0 La Com\u00e8te"},"content":{"rendered":"<p>Un forum Jobs d&rsquo;\u00e9t\u00e9 est organis\u00e9, ce mercredi 16 avril, de 13h \u00e0 19h30, \u00e0 la Com\u00e8te, \u00e0 Saint-\u00c9tienne. Un \u00e9v\u00e9nement ouvert aux jeunes \u00e2g\u00e9s de 18 \u00e0 29 ans.<\/p>\n<p>C&rsquo;est le moment d&rsquo;y penser !<\/p>\n<p>Si vous n&rsquo;avez pas encore trouv\u00e9 de travail pour cet \u00e9t\u00e9, tout n&rsquo;est pas encore perdu.<\/p>\n<p>La <b>Ville de Saint-\u00c9tienne<\/b> organise un <a class=\"url\" href=\"https:\/\/www.saint-etienne.fr\/actualites\/des-jobs-dete-pour-les-18-29-ans\" target=\"_blank\" rel=\"noopener\">forum Jobs d&rsquo;\u00e9t\u00e9<\/a>, ce mercredi 16 avril, \u00e0 <b>La Com\u00e8te<\/b>.<\/p>\n<p>Le rendez-vous est fix\u00e9 <b>de 13h \u00e0 19h30<\/b>. Un \u00e9v\u00e9nement ouvert aux \u00e2g\u00e9s <b>de 18 \u00e0 29 ans<\/b>.<\/p>\n<p>Plus de 500 postes \u00e0 pourvoir<\/p>\n<p>Ces derniers pourront rencontrer plus d&rsquo;une vingtaine de recruteurs. Plusieurs secteurs seront repr\u00e9sent\u00e9s : commerce, restauration, vente, animation, logistique,&#8230; Avec <a class=\"url\" href=\"https:\/\/www.laboge.fr\/actualites\/le-forum-jobs-dete-fait-son-grand-retour-le-mercredi-16-avril?fbclid=IwY2xjawJrEqdleHRuA2FlbQIxMAABHp5Z8DfVRFbjXYmbTaUA2QIeyDiXX4qFcp1eL-Q_u1e2oLPyfuP24M_Udwlv_aem_Xk9OHPLDSW6-UYabpE_tKA\" target=\"_blank\" rel=\"noopener\">plus de 500 postes \u00e0 pourvoir<\/a> \u00e0 la clef.<\/p>\n<p>Des ateliers sont \u00e9galement pr\u00e9vus pour conseiller et informer les candidats avant de futurs entretiens.<\/p>\n<p>L&rsquo;entr\u00e9e est libre et gratuite, sans inscription. <b>Pensez simplement \u00e0 amener vos CV !<\/b><\/p>\n<p><\/p>\n","protected":false},"excerpt":{"rendered":"Un forum Jobs d&rsquo;\u00e9t\u00e9 est organis\u00e9, ce mercredi 16 avril, de 13h \u00e0 19h30, \u00e0 la Com\u00e8te, \u00e0&hellip;\n","protected":false},"author":2,"featured_media":28285,"comment_status":"","ping_status":"","sticky":false,"template":"","format":"standard","meta":{"footnotes":""},"categories":[9653],"tags":[1111,11,2430,9919,2956,1777,674,1011,27,9918,9921,12,7099,25,9920,4001,3847],"class_list":{"0":"post-28284","1":"post","2":"type-post","3":"status-publish","4":"format-standard","5":"has-post-thumbnail","7":"category-saint-etienne","8":"tag-actu","9":"tag-actualites","10":"tag-auvergne-rhone-alpes","11":"tag-cv","12":"tag-entretien","13":"tag-eu","14":"tag-europe","15":"tag-fr","16":"tag-france","17":"tag-job-dt","18":"tag-la-comte","19":"tag-news","20":"tag-recrutement","21":"tag-republique-francaise","22":"tag-saint-tienne","23":"tag-saint-etienne","24":"tag-travail"},"share_on_mastodon":{"url":"https:\/\/pubeurope.com\/@fr\/114345494849767607","error":""},"_links":{"self":[{"href":"https:\/\/www.europesays.com\/fr\/wp-json\/wp\/v2\/posts\/28284","targetHints":{"allow":["GET"]}}],"collection":[{"href":"https:\/\/www.europesays.com\/fr\/wp-json\/wp\/v2\/posts"}],"about":[{"href":"https:\/\/www.europesays.com\/fr\/wp-json\/wp\/v2\/types\/post"}],"author":[{"embeddable":true,"href":"https:\/\/www.europesays.com\/fr\/wp-json\/wp\/v2\/users\/2"}],"replies":[{"embeddable":true,"href":"https:\/\/www.europesays.com\/fr\/wp-json\/wp\/v2\/comments?post=28284"}],"version-history":[{"count":0,"href":"https:\/\/www.europesays.com\/fr\/wp-json\/wp\/v2\/posts\/28284\/revisions"}],"wp:featuredmedia":[{"embeddable":true,"href":"https:\/\/www.europesays.com\/fr\/wp-json\/wp\/v2\/media\/28285"}],"wp:attachment":[{"href":"https:\/\/www.europesays.com\/fr\/wp-json\/wp\/v2\/media?parent=28284"}],"wp:term":[{"taxonomy":"category","embeddable":true,"href":"https:\/\/www.europesays.com\/fr\/wp-json\/wp\/v2\/categories?post=28284"},{"taxonomy":"post_tag","embeddable":true,"href":"https:\/\/www.europesays.com\/fr\/wp-json\/wp\/v2\/tags?post=28284"}],"curies":[{"name":"wp","href":"https:\/\/api.w.org\/{rel}","templated":true}]}}