{"id":282849,"date":"2025-07-29T21:52:26","date_gmt":"2025-07-29T21:52:26","guid":{"rendered":"https:\/\/www.europesays.com\/fr\/282849\/"},"modified":"2025-07-29T21:52:26","modified_gmt":"2025-07-29T21:52:26","slug":"fleville-devant-nancy-une-soiree-de-detente-entre-voisins-vendredi","status":"publish","type":"post","link":"https:\/\/www.europesays.com\/fr\/282849\/","title":{"rendered":"Fl\u00e9ville-devant-Nancy. Une soir\u00e9e de d\u00e9tente entre voisins vendredi"},"content":{"rendered":"<p>Ce vendredi 1er \u00a0ao\u00fbt, la commune invite \u00e0 participer \u00e0 une soir\u00e9e d\u00e9tente entre voisins. Un moment plac\u00e9 sous le signe de la convivialit\u00e9 sur la place de l\u2019H\u00f4tel-de-Ville \u00e0 partir de 18\u00a0h\u00a030.<\/p>\n<p>Le bar \u00e0 vin ambulant sera pr\u00e9sent avec ses bi\u00e8res artisanales, ses boissons sans alcool et ses planches ap\u00e9ritives.<\/p>\n<p>Une occasion pour passer du temps avec ses amis et ses voisins.<\/p>\n","protected":false},"excerpt":{"rendered":"Ce vendredi 1er \u00a0ao\u00fbt, la commune invite \u00e0 participer \u00e0 une soir\u00e9e d\u00e9tente entre voisins. Un moment plac\u00e9&hellip;\n","protected":false},"author":2,"featured_media":282850,"comment_status":"","ping_status":"","sticky":false,"template":"","format":"standard","meta":{"footnotes":""},"categories":[9635],"tags":[1111,11,1687,1704,1777,674,9650,1011,27,775,9649,1702,12,25],"class_list":{"0":"post-282849","1":"post","2":"type-post","3":"status-publish","4":"format-standard","5":"has-post-thumbnail","7":"category-nancy","8":"tag-actu","9":"tag-actualites","10":"tag-culture-loisirs","11":"tag-edition-nancy-et-agglomeration","12":"tag-eu","13":"tag-europe","14":"tag-fleville-devant-nancy","15":"tag-fr","16":"tag-france","17":"tag-grand-est","18":"tag-metropole-du-grand-nancy-54b2","19":"tag-nancy","20":"tag-news","21":"tag-republique-francaise"},"share_on_mastodon":{"url":"https:\/\/pubeurope.com\/@fr\/114938743684190258","error":""},"_links":{"self":[{"href":"https:\/\/www.europesays.com\/fr\/wp-json\/wp\/v2\/posts\/282849","targetHints":{"allow":["GET"]}}],"collection":[{"href":"https:\/\/www.europesays.com\/fr\/wp-json\/wp\/v2\/posts"}],"about":[{"href":"https:\/\/www.europesays.com\/fr\/wp-json\/wp\/v2\/types\/post"}],"author":[{"embeddable":true,"href":"https:\/\/www.europesays.com\/fr\/wp-json\/wp\/v2\/users\/2"}],"replies":[{"embeddable":true,"href":"https:\/\/www.europesays.com\/fr\/wp-json\/wp\/v2\/comments?post=282849"}],"version-history":[{"count":0,"href":"https:\/\/www.europesays.com\/fr\/wp-json\/wp\/v2\/posts\/282849\/revisions"}],"wp:featuredmedia":[{"embeddable":true,"href":"https:\/\/www.europesays.com\/fr\/wp-json\/wp\/v2\/media\/282850"}],"wp:attachment":[{"href":"https:\/\/www.europesays.com\/fr\/wp-json\/wp\/v2\/media?parent=282849"}],"wp:term":[{"taxonomy":"category","embeddable":true,"href":"https:\/\/www.europesays.com\/fr\/wp-json\/wp\/v2\/categories?post=282849"},{"taxonomy":"post_tag","embeddable":true,"href":"https:\/\/www.europesays.com\/fr\/wp-json\/wp\/v2\/tags?post=282849"}],"curies":[{"name":"wp","href":"https:\/\/api.w.org\/{rel}","templated":true}]}}