{"id":282857,"date":"2025-07-29T21:56:19","date_gmt":"2025-07-29T21:56:19","guid":{"rendered":"https:\/\/www.europesays.com\/fr\/282857\/"},"modified":"2025-07-29T21:56:19","modified_gmt":"2025-07-29T21:56:19","slug":"loi-duplomb-la-coordination-rurale-et-les-ecologistes-autour-de-la-table","status":"publish","type":"post","link":"https:\/\/www.europesays.com\/fr\/282857\/","title":{"rendered":"loi Duplomb, la Coordination rurale et les \u00c9cologistes autour de la table"},"content":{"rendered":"<p>\nLoi Duplomb, souverainet\u00e9 alimentaire, revenu digne&#8230; Les Ecologistes et la Coordination rurale 34 ont d\u00e9battu ce lundi.<\/p>\n<p>\n\u00a9 Linda Mansouri \/ InfOccitanie. D\u00e9bat Ecologistes \/ CR 34, club de la presse Montpellier.<\/p>\n<p>Un exercice pr\u00e9sent\u00e9 comme \u00ab\u00a0in\u00e9dit\u00a0\u00bb, au regard des quelques initiatives infructueuses en France. C\u00f4te \u00e0 c\u00f4te, le syndicat Coordination rurale H\u00e9rault (CR34), d\u00e9fenseur de la loi Duplomb, et les \u00c9cologistes EELV 34, port\u00e9s par le d\u00e9put\u00e9 \/ candidat \u00e0 Montpellier en 2026, <a href=\"https:\/\/infoccitanie.fr\/tag\/jean-louis-roumegas\/\" rel=\"nofollow noopener\" target=\"_blank\">Jean-Louis Roum\u00e9gas<\/a>, ont mis cartes sur table. A la suite des abats, du <a href=\"https:\/\/infoccitanie.fr\/wp-content\/uploads\/2025\/07\/2986-montpellier-oeufs-fumier-abats-permanence-depute-scaled.jpeg\" rel=\"nofollow noopener\" target=\"_blank\">fumier<\/a> et des \u0153ufs balanc\u00e9s devant la permanence du d\u00e9put\u00e9 de la 1\u00e8re circonscription il y a quelques jours par la CR34, une r\u00e9conciliation \u00e9tait amorc\u00e9e au Club de la presse, autour d\u2019un d\u00e9bat pour pallier les difficult\u00e9s de l\u2019agriculture. \u00ab\u00a0Les propos de Sandrine Rousseau n\u2019engagent qu\u2019elle et cela a fait d\u00e9bat au sein des Ecologistes\u00a0\u00bb, contextualise le d\u00e9put\u00e9 qui entend bien \u00ab\u00a0sortir de l\u2019opposition st\u00e9rile m\u00e9tropole\/ruralit\u00e9, \u00e9cologistes\/agriculteurs\u00a0\u00bb. <\/p>\n<p><img fetchpriority=\"high\" decoding=\"async\" width=\"1024\" height=\"823\" src=\"https:\/\/www.europesays.com\/fr\/wp-content\/uploads\/2025\/07\/4570-image-1024x823.jpeg\" alt=\"\" class=\"wp-image-123275\"  \/>Echanges entre Jean-Louis Roum\u00e9gas et Arnaud Poitrine de la CR34. Linda Mansouri \/ InfOccitanie.\u00ab Rien \u00e0 p\u00e9ter de leur rentabilit\u00e9\u00a0\u00bb<\/p>\n<p>\u00ab Rien \u00e0 p\u00e9ter de leur rentabilit\u00e9\u00a0\u00bb, voil\u00e0 les propos de Sandrine Rousseau ayant mis le feu aux poudres. Arnaud Poitrine, secr\u00e9taire g\u00e9n\u00e9ral de la\u00a0Coordination Rurale H\u00e9rault, viticulteur \u00e0 Cabri\u00e8res, s\u2019insurge : \u00ab\u00a0On ne peut pas entendre ceci, lorsqu\u2019un agriculteur se suicide tous les deux jours en France. Voil\u00e0 deux ans que je suis au RSA, je ne me tire plus de revenu. On aimerait qu\u2019elle s\u2019excuse. Cette action sur votre permanence n\u2019\u00e9tait pas dirig\u00e9e contre vous, mais contre ses propos\u00a0\u00bb. <\/p>\n<p>\u00ab\u00a0Une erreur de cible de s\u2019attaquer \u00e0 nous\u00a0\u00bb<\/p>\n<p>Soit, le d\u00e9bat est ouvert. Jean-Louis Roum\u00e9gas lance la premi\u00e8re salve et l\u2019assure : \u00ab\u00a0les Ecologistes sont s\u00fbrement parmi les meilleurs d\u00e9fenseurs des paysans et de l\u2019agriculture\u00a0\u00bb. Et de citer leur combat contre les accords de libre-\u00e9change et contre le \u00ab\u00a0lobby de l\u2019agro-industrie\u00a0\u00bb. Le d\u00e9put\u00e9 s\u2019empresse de r\u00e9affirmer la ligne de conduite de EELV : \u00ab\u00a0on veut imposer aux produits import\u00e9s les m\u00eames normes qu\u2019aux produits Fran\u00e7ais, y compris dans l\u2019UE. On d\u00e9fend un prix plancher face \u00e0 la grande distribution qui ach\u00e8te des fois au-dessous des co\u00fbts de production\u00a0\u00bb. La souverainet\u00e9 alimentaire est un cheval de bataille des Ecologistes, un certain protectionnisme est promu, sans pour autant \u00ab\u00a0tomber dans le z\u00e9ro \u00e9change international\u00a0\u00bb. <\/p>\n<p>Quelle responsabilit\u00e9 pour la M\u00e9tropole ?<\/p>\n<p>La responsabilit\u00e9 des acteurs publics est \u00e9galement point\u00e9e du doigt : \u00ab\u00a0les politiques fonci\u00e8res doivent arr\u00eater de manger des terres agricoles, comme <a href=\"https:\/\/infoccitanie.fr\/montpellier-plui-il-y-a-rupture-du-pacte-de-confiance-avec-les-maires-denonce-philippe-saurel\/\" rel=\"nofollow noopener\" target=\"_blank\">Sablassou<\/a>. Il faut les remettre aux mains des paysans pour favoriser le circuit court\u00a0\u00bb, pr\u00e9conise le parlementaire qui appelle \u00e0 faciliter la commande publique locale. Tr\u00e8s vite, le sujet br\u00fblant est abord\u00e9 : la<a href=\"https:\/\/infoccitanie.fr\/tag\/loi-duplomb\/\" rel=\"nofollow noopener\" target=\"_blank\"> loi Duplomb<\/a>, derni\u00e8rement vot\u00e9e \u00e0 l\u2019Assembl\u00e9e et d\u00e9nonc\u00e9e dans une p\u00e9tition r\u00e9unissant 2 millions de signataires. \u00ab\u00a0Il n\u2019y a pas que l\u2019ac\u00e9tamipride (insecticide n\u00e9onicotino\u00efde que la loi pr\u00e9voit de r\u00e9introduire de fa\u00e7on encadr\u00e9e, ndlr) dans cette loi, mais les retenues d\u2019eau ou la simplification administrative. Cette mol\u00e9cule est autoris\u00e9e en Europe, dans tous les cas, les produits entrent en France. Certains agriculteurs se retrouvent dans une impasse technique\u00a0\u00bb, insiste Arnaud Poitrine pour la CR34. Les retenues d\u2019eau dans l\u2019H\u00e9rault ? \u00ab\u00a0Le D\u00e9partement en a d\u00e9truit deux il y a vingt ans\u00a0\u00bb, souffle d\u00e9pit\u00e9e la CR34.<\/p>\n<p>\u00ab\u00a0200 produits m\u00e9nagers contiennent des substances dangereuses\u00a0\u00bb<\/p>\n<p>Pour d\u00e9montrer que des substances \u00ab\u00a0dangereuses\u00a0\u00bb se glissent dans notre quotidien, Arnaud Poitrine d\u00e9gaine aussit\u00f4t de sa poche un diffuseur pour chat et une pipette \u00e0 mettre sur les f\u00e9lid\u00e9s. \u00ab\u00a0Ils contiennent aussi des substances canc\u00e9rig\u00e8nes, des n\u00e9onicotino\u00efdes. Le gamin touche le chat, puis son visage. 200 produits m\u00e9nagers contienne des substances dangereuses, pourquoi s\u2019attaquer uniquement \u00e0 l\u2019agriculture ?\u00a0\u00bb, interroge la CR34.<\/p>\n<p><img loading=\"lazy\" decoding=\"async\" width=\"1024\" height=\"768\" src=\"https:\/\/www.europesays.com\/fr\/wp-content\/uploads\/2025\/07\/4561-image-1024x768.jpeg\" alt=\"\" class=\"wp-image-123274\"  \/>Diffuseur pour chat, pipette de traitement contre les puces pour chat.\u00ab\u00a0On vous reproche de ne pas venir sur le terrain\u00a0\u00bb<\/p>\n<p>\u00ab\u00a0Des agriculteurs en France ont leurs fili\u00e8res de betteraves et de noisettes d\u00e9truites\u00a0\u00bb, d\u00e9plore Laurent Crouzet, co-pr\u00e9sident de la CR34 et viticulteur, qui poursuit : \u00ab\u00a0on vous reproche de ne pas venir sur le terrain\u00a0\u00bb, \u00e0 l\u2019adresse du d\u00e9put\u00e9. Le texte adopt\u00e9 d\u00e9but juillet par le Parlement pr\u00e9voit des d\u00e9rogations pour l\u2019utilisation de cet insecticide pour certaines\u00a0fili\u00e8res\u00a0qui n\u2019ont pas d\u2019alternatives solides et s\u2019enfoncent dans la crise comme la\u00a0betterave\u00a0sucri\u00e8re et la\u00a0noisette.<\/p>\n<p>Une \u00ab\u00a0chimie positive\u00a0\u00bb est-elle possible ?<\/p>\n<p>Pour Laurent Crouzet, les Ecologistes manipulent une \u00ab\u00a0peur\u00a0\u00bb. Il argumente : \u00ab\u00a0la chimie est un mot tabou alors que tout le monde l\u2019utilise, cela fait partie de notre quotidien, je suis en faveur d\u2019une chimie positive qui travaille sur l\u2019environnement\u00a0\u00bb. Le m\u00eame conclut avec un exemple : \u00ab\u00a0le soufre utilis\u00e9 en agriculture bio tous les jours sort de la p\u00e9trochimie, du soufre naturel il n\u2019y en a plus\u00a0\u00bb. <\/p>\n<p>\u00ab\u00a0Qui va contr\u00f4ler nos voisins europ\u00e9ens ? Nous, 17 organismes nous contr\u00f4lent ! \u00ab\u00a0<\/p>\n<p>Christophe Sabatier, secr\u00e9taire g\u00e9n\u00e9ral adjoint de la CR34, vigneron sous mention \u00ab\u00a0Nature et progr\u00e8s\u00a0\u00bb fait un constat amer : \u00ab\u00a0depuis 2 ans, le nombre de terre agricoles bio r\u00e9gresse, c\u2019est bien qu\u2019en face, on n\u2019a pas le consommateur. Par manque de revenu, les gens reviennent \u00e0 du conventionnel. Le probl\u00e8me est dans le pouvoir d\u2019achat\u00a0\u00bb. Appliquer les accords de libre-\u00e9change ? \u00ab\u00a0Qui va aller contr\u00f4ler aux fronti\u00e8res nos voisins europ\u00e9ens ? On n\u2019a pas les moyens. Expliquez-moi comment vous faites pour contr\u00f4ler les produits de la Nouvelle-Z\u00e9lande ou l\u2019Afrique du Sud. Nous, 17 organismes nous contr\u00f4lent !\u00a0\u00bb, s\u2019\u00e9poumone Christophe Sabatier. Lequel exige \u00ab\u00a0des prix, pas des primes\u00a0\u00bb, entendez une meilleure r\u00e9mun\u00e9ration de l\u2019agriculteur, non des subventions au compte gouttes<\/p>\n<p>La PAC ne convainc pas<\/p>\n<p>Le sujet est complexe et m\u00eale une foultitude d\u2019enjeux. Dont la souverainet\u00e9 alimentaire, pour laquelle l\u2019\u00e9lue <a href=\"https:\/\/infoccitanie.fr\/tag\/coralie-mantion\/\" rel=\"nofollow noopener\" target=\"_blank\">Coralie Mantion<\/a> dit s\u2019\u00eatre battue lorsqu\u2019elle \u00e9tait \u00e0 la vice-pr\u00e9sidence \u00e0 l\u2019am\u00e9nagement du territoire, \u00e0 la M\u00e9tropole. \u00ab\u00a0La PAC (politique agricole commune, ndlr) repr\u00e9sente 40% du budget europ\u00e9en, le mode de distribution ne convient pas aux Ecologistes. Au lieu du nombre d\u2019hectares, elle devrait \u00eatre vers\u00e9e en fonction du type d\u2019agriculture notamment. Il faut aider \u00e0 la transition \u00e9cologique en bio\u00a0\u00bb. La CR34 acquiesce : \u00ab\u00a0on est d\u2019accord pour la PAC, ce ne sont que des papiers et des contr\u00f4les suppl\u00e9mentaires, on veut vivre dignement de notre travail, c\u2019est tout\u00a0\u00bb. Laurent Crouzet abonde : \u00ab\u00a0les aides de la PAC sont absorb\u00e9es par la multitude de couches administratives avant le ruissellement aux agriculteurs\u2026\u00a0\u00bb<\/p>\n<p>\u00ab\u00a0Je suis en fauteuil, je co\u00fbte 200 000 euros \u00e0 la S\u00e9cu et la MSA\u00a0\u00bb<\/p>\n<p>\u00ab\u00a0La p\u00e9tition, les gens l\u2019ont sign\u00e9e sans savoir ce qu\u2019il y avait dedans puisqu\u2019elle n\u2019est pas disponible\u00a0\u00bb, affirment en c\u0153ur les repr\u00e9sentants de la CR34. Ni une ni deux, Charles, ancien viticulteur sur fauteuil roulant, livre son t\u00e9moignage : \u00ab\u00a0\u00c0 cause des pesticides, je suis malade. J\u2019ai utilis\u00e9 de l\u00a0\u00bbarsenic interdit depuis 1973. On n\u2019avait aucun produit de remplacement. Je suis malade depuis 20 ans, je co\u00fbte \u00e0 la S\u00e9curit\u00e9 sociale et \u00e0 la MSA 200 000 euros par an en produits. J\u2019ai sign\u00e9 cette p\u00e9tition. C\u2019est faux de dire que les gens ne connaissent pas la loi et ne sont pas avertis\u00a0\u00bb. Charles l\u2019avance, \u00ab\u00a0on n\u2019a rien fait pour supprimer tous ces produits depuis 20 ans\u00a0\u00bb. \u00ab\u00a0C\u2019est faux !, s\u2019\u00e9trangle Laurent Crouzet. Vous savez combien de mol\u00e9cules il nous reste pour travailler aujourd\u2019hui ?\u00a0\u00bb.<\/p>\n<p>\u00ab\u00a0On est pr\u00eat \u00e0 financer les agriculteurs pour des compensations\u00a0\u00bb<\/p>\n<p>Jean-Louis Roumegas r\u00e9cup\u00e8re le micro. Celui qui a pr\u00e9sid\u00e9 le groupe Sant\u00e9 environnement au Parlement, et travaill\u00e9 \u00e0 l\u2019Institut de cancer, ne prend pas le sujet \u00e0 la l\u00e9g\u00e8re. \u00ab\u00a0L\u2019ac\u00e9tamipride est un perturbateur endocrinien. Sa particularit\u00e9, c\u2019est qu\u2019il peut agir \u00e0 des doses infinit\u00e9simales et nuit \u00e0 des individus vuln\u00e9rables notamment, comme les femmes enceintes, les enfants, o\u00f9 les adultes malades. 1300 chercheurs ont p\u00e9titionn\u00e9 et prouv\u00e9 sa nocivit\u00e9\u00a0\u00bb. Lequel \u00e9voque les \u00ab\u00a0effets cocktails\u00a0\u00bb avec des substances contenues dans les mat\u00e9riaux du quotidien : \u00ab\u00a0si j\u2019analyse votre t-shirt, on pourrait trouver 70 traces de substances pr\u00e9occupantes. Notre d\u00e9fi collectif est de r\u00e9duire globalement ces expositions. On peut concilier la sant\u00e9 du consommateur, l\u2019environnement et le revenu des paysans par un autre syst\u00e8me \u00e9conomique\u00a0\u00bb. Les Ecologistes se disent pr\u00eats \u00e0 financer des mesures de compensation, \u00ab\u00a0alors pr\u00e9parez-vous car elles co\u00fbtent tr\u00e8s cher!\u00a0\u00bb, lance la CR34.<\/p>\n<p>L\u2019OFB, un \u00ab\u00a0fossoyeur\u00a0\u00bb ?<\/p>\n<p>Quant \u00e0 l\u2019OFB, l\u2019Office fran\u00e7ais de la biodiversit\u00e9\u00a0(OFB), c\u2019est tout bonnement un \u00ab\u00a0fossoyeur\u00a0\u00bb pour la CR34. qui d\u00e9nonce des contr\u00f4les abusifs et des sanctions injustifi\u00e9es. \u00ab\u00a0Il ne faut pas exag\u00e9rer, l\u2019ann\u00e9e derni\u00e8re, ils ont contr\u00f4l\u00e9 1% des exploitations\u00a0\u00bb, pointe le parlementaire. \u00ab\u00a0Mis bout \u00e0 bout avec les 16 autres organismes qui nous contr\u00f4lent, cela fait beaucoup !\u00a0\u00bb, r\u00e9torque le syndicat d\u2019agriculteurs. L\u2019\u00e9change de deux heures a eu le m\u00e9rite de crever l\u2019abc\u00e8s\u2026 La suite au prochain \u00e9pisode. T\u00e9moignage vid\u00e9o de la CR34 ci-dessous :<\/p>\n","protected":false},"excerpt":{"rendered":"Loi Duplomb, souverainet\u00e9 alimentaire, revenu digne&#8230; Les Ecologistes et la Coordination rurale 34 ont d\u00e9battu ce lundi. \u00a9&hellip;\n","protected":false},"author":2,"featured_media":282858,"comment_status":"","ping_status":"","sticky":false,"template":"","format":"standard","meta":{"footnotes":""},"categories":[9599],"tags":[1111,11,1777,674,1011,27,25754,2208,12,2680,25],"class_list":{"0":"post-282857","1":"post","2":"type-post","3":"status-publish","4":"format-standard","5":"has-post-thumbnail","7":"category-montpellier","8":"tag-actu","9":"tag-actualites","10":"tag-eu","11":"tag-europe","12":"tag-fr","13":"tag-france","14":"tag-loi-duplomb","15":"tag-montpellier","16":"tag-news","17":"tag-occitanie","18":"tag-republique-francaise"},"share_on_mastodon":{"url":"https:\/\/pubeurope.com\/@fr\/114938759370313626","error":""},"_links":{"self":[{"href":"https:\/\/www.europesays.com\/fr\/wp-json\/wp\/v2\/posts\/282857","targetHints":{"allow":["GET"]}}],"collection":[{"href":"https:\/\/www.europesays.com\/fr\/wp-json\/wp\/v2\/posts"}],"about":[{"href":"https:\/\/www.europesays.com\/fr\/wp-json\/wp\/v2\/types\/post"}],"author":[{"embeddable":true,"href":"https:\/\/www.europesays.com\/fr\/wp-json\/wp\/v2\/users\/2"}],"replies":[{"embeddable":true,"href":"https:\/\/www.europesays.com\/fr\/wp-json\/wp\/v2\/comments?post=282857"}],"version-history":[{"count":0,"href":"https:\/\/www.europesays.com\/fr\/wp-json\/wp\/v2\/posts\/282857\/revisions"}],"wp:featuredmedia":[{"embeddable":true,"href":"https:\/\/www.europesays.com\/fr\/wp-json\/wp\/v2\/media\/282858"}],"wp:attachment":[{"href":"https:\/\/www.europesays.com\/fr\/wp-json\/wp\/v2\/media?parent=282857"}],"wp:term":[{"taxonomy":"category","embeddable":true,"href":"https:\/\/www.europesays.com\/fr\/wp-json\/wp\/v2\/categories?post=282857"},{"taxonomy":"post_tag","embeddable":true,"href":"https:\/\/www.europesays.com\/fr\/wp-json\/wp\/v2\/tags?post=282857"}],"curies":[{"name":"wp","href":"https:\/\/api.w.org\/{rel}","templated":true}]}}