{"id":282863,"date":"2025-07-29T22:01:21","date_gmt":"2025-07-29T22:01:21","guid":{"rendered":"https:\/\/www.europesays.com\/fr\/282863\/"},"modified":"2025-07-29T22:01:21","modified_gmt":"2025-07-29T22:01:21","slug":"grenoble-les-vols-dans-les-voitures-en-hausse-deux-hommes-interpelles-en-pleine-action","status":"publish","type":"post","link":"https:\/\/www.europesays.com\/fr\/282863\/","title":{"rendered":"Grenoble. Les vols dans les voitures en hausse, deux hommes interpell\u00e9s en pleine action"},"content":{"rendered":"<p>            Par<br \/>\n        <strong><br \/>\n            <a href=\"https:\/\/actu.fr\/auteur\/lisa-rodrigues\" title=\"Consulter tous les articles de Lisa Rodrigues\" target=\"_blank\" rel=\"noopener\">Lisa Rodrigues<\/a><br \/>\n        <\/strong><\/p>\n<p>        Publi\u00e9 le<\/p>\n<p>            29 juil. 2025 \u00e0 18h08        <\/p>\n<p>Ils ont tent\u00e9 de commettre leurs m\u00e9faits en plein milieu de la nuit du lundi 28 au mardi 29 juillet, mais la brigade anti-criminalit\u00e9 de <a href=\"https:\/\/actu.fr\/auvergne-rhone-alpes\/grenoble_38185\" target=\"_blank\" rel=\"noopener\">Grenoble<\/a> les a interpell\u00e9s en flagrant d\u00e9lit.<\/p>\n<p class=\" wall-content\">\n<p class=\" wall-content\">La Direction interd\u00e9partementale de la police nationale (DIPN) de l\u2019Is\u00e8re a communiqu\u00e9 sur l\u2019arrestation, quai Jongkind, de <strong>deux hommes<\/strong> \u00e2g\u00e9s de 31 et 29 ans pour des vols dans les voitures, dits \u00ab\u00a0vols \u00e0 la roulotte\u00a0\u00bb.<\/p>\n<p>    <a href=\"https:\/\/www.google.com\/maps\/embed?pb=!1m18!1m12!1m3!1d2811.4337267301194!2d5.731476475024935!3d45.198558071070856!2m3!1f0!2f0!3f0!3m2!1i1024!2i768!4f13.1!3m3!1m2!1s0x478af45de71d3d41%3A0xcb6c1c095f7dea9!2sQuai%20Jongkind%2C%2038000%20Grenoble!5e0!3m2!1sfr!2sfr!4v1753800521652!5m2!1sfr!2sfr\" title=\"Ouvrie le lien\" target=\"_blank\" rel=\"noopener\">Cliquez ici pour visualiser le contenu<\/a><\/p>\n<p class=\" wall-content\">Un d\u00e9lit de plus en plus courant dans les grandes agglom\u00e9rations. Il y a moins d\u2019une semaine, c\u2019est m\u00eame une <a href=\"https:\/\/actu.fr\/auvergne-rhone-alpes\/grenoble_38185\/grenoble-une-voiture-appartenant-au-cortege-du-tour-de-france-devalisee-dans-la-nuit_62954372.html\" target=\"_blank\" rel=\"noopener\">voiture du cort\u00e8ge du Tour de France<\/a> qui en a fait les frais : mat\u00e9riel vid\u00e9o et ordinateurs ont \u00e9t\u00e9 vol\u00e9s dans la nuit. Le tout repr\u00e9sentant un beau butin pour les voleurs.<\/p>\n<p>Hausse des vols \u00e0 la roulotte<\/p>\n<p class=\" wall-content\">Selon les derniers chiffres sur la d\u00e9linquance communiqu\u00e9s par le minist\u00e8re de l\u2019Int\u00e9rieur, les vols dans les voitures ont repr\u00e9sent\u00e9 <strong>4 324 d\u00e9lits<\/strong> recens\u00e9s sur Grenoble en 2024 par les forces de l\u2019ordre.<\/p>\n<p class=\" wall-content\">C\u2019est tout simplement, en termes purement quantitatifs, le type de d\u00e9lit le plus important sur cette m\u00eame ann\u00e9e dans la ville, juste devant les vols sans violence contre des personnes (4 020 en 2024).<\/p>\n<p class=\" wall-content\">Les vols \u00e0 la roulotte sont aussi en hausse sur la capitale des Alpes : <strong>+14,57%<\/strong> par rapport \u00e0 2023.<\/p>\n<p>Les bons gestes \u00e0 adopter<\/p>\n<p class=\" wall-content\">Ainsi, pour limiter les tentations des voleurs, la DIPN 38 rappelle les bons gestes \u00e0 avoir : <strong>ne pas laisser des objets de valeur <\/strong>(dont les c\u00e2bles ou support de GPS) \u00e0 la vue de tous dans sa voiture, et bien s\u2019assurer d\u2019avoir verrouill\u00e9 ses portes et ses fen\u00eatres.<\/p>\n<p class=\" wall-content\">Enfin, ne laissez surtout pas vos papiers d\u2019identit\u00e9 dans le v\u00e9hicule, m\u00eame \u00ab\u00a0cach\u00e9s\u00a0\u00bb dans la bo\u00eete \u00e0 gants ou dans le coffre.<\/p>\n<p class=\" wall-content\">Suivez toute l\u2019actualit\u00e9 de vos villes et m\u00e9dias favoris en vous inscrivant \u00e0 <a href=\"https:\/\/moncompte.actu.fr\" title=\"D\u00e9couvez Mon Actu\" rel=\"nofollow noopener\" data-trk=\"{&quot;cta&quot;:{&quot;action&quot;:&quot;https:\\\/\\\/moncompte.actu.fr&quot;,&quot;category&quot;:&quot;mon compte&quot;,&quot;from&quot;:&quot;article footer&quot;,&quot;name&quot;:&quot;Mon actu&quot;,&quot;type&quot;:&quot;cta&quot;}}\" target=\"_blank\">Mon Actu<\/a>.<\/p>\n","protected":false},"excerpt":{"rendered":"Par Lisa Rodrigues Publi\u00e9 le 29 juil. 2025 \u00e0 18h08 Ils ont tent\u00e9 de commettre leurs m\u00e9faits en&hellip;\n","protected":false},"author":2,"featured_media":282864,"comment_status":"","ping_status":"","sticky":false,"template":"","format":"standard","meta":{"footnotes":""},"categories":[9566],"tags":[1111,11,2430,1777,674,118,1011,27,2731,2825,12,1072,25],"class_list":{"0":"post-282863","1":"post","2":"type-post","3":"status-publish","4":"format-standard","5":"has-post-thumbnail","7":"category-grenoble","8":"tag-actu","9":"tag-actualites","10":"tag-auvergne-rhone-alpes","11":"tag-eu","12":"tag-europe","13":"tag-faits-divers","14":"tag-fr","15":"tag-france","16":"tag-grenoble","17":"tag-insecurite","18":"tag-news","19":"tag-police","20":"tag-republique-francaise"},"share_on_mastodon":{"url":"https:\/\/pubeurope.com\/@fr\/114938779003213744","error":""},"_links":{"self":[{"href":"https:\/\/www.europesays.com\/fr\/wp-json\/wp\/v2\/posts\/282863","targetHints":{"allow":["GET"]}}],"collection":[{"href":"https:\/\/www.europesays.com\/fr\/wp-json\/wp\/v2\/posts"}],"about":[{"href":"https:\/\/www.europesays.com\/fr\/wp-json\/wp\/v2\/types\/post"}],"author":[{"embeddable":true,"href":"https:\/\/www.europesays.com\/fr\/wp-json\/wp\/v2\/users\/2"}],"replies":[{"embeddable":true,"href":"https:\/\/www.europesays.com\/fr\/wp-json\/wp\/v2\/comments?post=282863"}],"version-history":[{"count":0,"href":"https:\/\/www.europesays.com\/fr\/wp-json\/wp\/v2\/posts\/282863\/revisions"}],"wp:featuredmedia":[{"embeddable":true,"href":"https:\/\/www.europesays.com\/fr\/wp-json\/wp\/v2\/media\/282864"}],"wp:attachment":[{"href":"https:\/\/www.europesays.com\/fr\/wp-json\/wp\/v2\/media?parent=282863"}],"wp:term":[{"taxonomy":"category","embeddable":true,"href":"https:\/\/www.europesays.com\/fr\/wp-json\/wp\/v2\/categories?post=282863"},{"taxonomy":"post_tag","embeddable":true,"href":"https:\/\/www.europesays.com\/fr\/wp-json\/wp\/v2\/tags?post=282863"}],"curies":[{"name":"wp","href":"https:\/\/api.w.org\/{rel}","templated":true}]}}