{"id":282884,"date":"2025-07-29T22:15:17","date_gmt":"2025-07-29T22:15:17","guid":{"rendered":"https:\/\/www.europesays.com\/fr\/282884\/"},"modified":"2025-07-29T22:15:17","modified_gmt":"2025-07-29T22:15:17","slug":"ce-celebre-bar-de-la-place-saint-pierre-rouvre-ce-quil-faut-savoir","status":"publish","type":"post","link":"https:\/\/www.europesays.com\/fr\/282884\/","title":{"rendered":"ce c\u00e9l\u00e8bre bar de la place Saint-Pierre rouvre, ce qu&rsquo;il faut savoir"},"content":{"rendered":"<p>            Par<br \/>\n        <strong><br \/>\n            <a href=\"https:\/\/actu.fr\/auteur\/lea-afonso\" title=\"Consulter tous les articles de L\u00e9a Afonso\" target=\"_blank\" rel=\"noopener\">L\u00e9a Afonso<\/a><br \/>\n        <\/strong><\/p>\n<p>        Publi\u00e9 le<\/p>\n<p>            29 juil. 2025 \u00e0 19h02        <\/p>\n<p>C\u2019\u00e9tait une d\u00e9ception pour les nombreux habitu\u00e9s, le<strong> Saint Des Seins<\/strong>, bar tr\u00e8s fr\u00e9quent\u00e9 de la place Saint-Pierre \u00e0 <strong><a href=\"https:\/\/actu.fr\/toulouse\/\" target=\"_blank\" rel=\"noopener\">Toulouse<\/a>, <\/strong>avait <a href=\"https:\/\/actu.fr\/occitanie\/toulouse_31555\/toulouse-ce-celebre-bar-de-la-place-saint-pierre-prepare-sa-soiree-d-aurevoir-il-va-fermer-pour-travaux_62829255.html\" target=\"_blank\" rel=\"noopener\">ferm\u00e9 ses portes en juin dernier<\/a>. Mais c\u2019est d\u00e9sormais une vieille histoire\u2009! Bonne nouvelle pour les f\u00eatards toulousains : le lieu<strong> rouvre d\u00e8s cet \u00e9t\u00e9.<\/strong> Voici toutes les informations.<\/p>\n<p>Une r\u00e9ouverture imminente<\/p>\n<p class=\" wall-content\">Star de la soir\u00e9e ou simple danseur d\u2019une nuit, vous pourrez d\u00e9montrer votre talent tr\u00e8s rapidement au Saint Des Seins. Apr\u00e8s une fermeture de quelques semaines, le c\u00e9l\u00e8bre bar de la place Saint-Pierre rouvre<strong> d\u00e8s ce jeudi 31\u00a0juillet<\/strong> et pour tout l\u2019\u00e9t\u00e9.<\/p>\n<p class=\" wall-content\">D\u00e9but septembre, une soir\u00e9e d\u2019inauguration sera organis\u00e9e, avant un lancement officiel de la saison.<\/p>\n<p>Un nouveau concept<\/p>\n<p class=\" wall-content\">Si le Saint Des Seins a ferm\u00e9 ses portes tout ce temps, c\u2019est pour <strong>changer de concept.<\/strong> Exit l\u2019ambiance que l\u2019on connaissait\u2009: \u00ab\u2009On a renouvel\u00e9 la <strong>d\u00e9coration<\/strong>,<strong> l\u2019int\u00e9rieur du bar<\/strong>, tout en gardant son essence\u2009\u00bb, explique l\u2019\u00e9quipe qui a aussi sollicit\u00e9 des artistes toulousains pour habiller l\u2019\u00e9tablissement.<\/p>\n<p class=\" wall-content\">\u00c0 pr\u00e9sent, entrer au Saint Des Seins, ce ne sera plus pour faire la f\u00eate dans une salle, mais dans deux, dont l\u2019une sera plong\u00e9e dans des <strong>couleurs rouges.<\/strong> \u00ab\u2009Du sol au plafond, en passant par les n\u00e9ons, on voulait une<strong> ambiance \u00e0 la couleur d\u2019Amsterdam,<\/strong> une ville tr\u00e8s connue pour sa vie nocturne et qui nous a beaucoup inspir\u00e9s dans nos r\u00e9novations\u2009\u00bb, continue l\u2019\u00e9quipe. La capacit\u00e9 d\u2019accueil reste de <strong>200 places<\/strong>.<\/p>\n<p>Vid\u00e9os : en ce moment sur Actu<\/p>\n<p class=\" wall-content\"><a href=\"https:\/\/www.instagram.com\/p\/DMnfpbANdUl\/embed\" title=\"Ouvrir le lien sur Instagram\" target=\"_blank\" rel=\"noopener\">Visualiser le contenu sur Instagram<\/a><\/p>\n<p>L\u2019IA au c\u0153ur du projet<\/p>\n<p class=\" wall-content\">Autre changement important, \u00ab\u2009nous avons<strong> int\u00e9gr\u00e9 l\u2019intelligence artificielle<\/strong> dans nos r\u00e9novations. Concr\u00e8tement, un pan de mur a \u00e9t\u00e9 recouvert d\u2019\u00e9crans, sur lesquels seront diffus\u00e9s des vid\u00e9os de fa\u00e7ades d\u2019immeubles, cr\u00e9e \u00e0 l\u2019aide de l\u2019IA par un artiste toulousain\u2009\u00bb, compl\u00e8te l\u2019\u00e9quipe.<\/p>\n<p class=\" wall-content\">L\u2019id\u00e9e \u00e9tant \u00ab\u2009d\u2019\u00eatre novateur et de proposer de nouvelles id\u00e9es de divertissement aux Toulousains\u2009\u00bb.<\/p>\n<p class=\" wall-content\">Suivez toute l\u2019actualit\u00e9 de vos villes et m\u00e9dias favoris en vous inscrivant \u00e0 <a href=\"https:\/\/moncompte.actu.fr\" title=\"D\u00e9couvez Mon Actu\" rel=\"nofollow noopener\" data-trk=\"{&quot;cta&quot;:{&quot;action&quot;:&quot;https:\\\/\\\/moncompte.actu.fr&quot;,&quot;category&quot;:&quot;mon compte&quot;,&quot;from&quot;:&quot;article footer&quot;,&quot;name&quot;:&quot;Mon actu&quot;,&quot;type&quot;:&quot;cta&quot;}}\" target=\"_blank\">Mon Actu<\/a>.<\/p>\n<p>                    <script async src=\"\/\/www.instagram.com\/embed.js\"><\/script><\/p>\n","protected":false},"excerpt":{"rendered":"Par L\u00e9a Afonso Publi\u00e9 le 29 juil. 2025 \u00e0 19h02 C\u2019\u00e9tait une d\u00e9ception pour les nombreux habitu\u00e9s, le&hellip;\n","protected":false},"author":2,"featured_media":282885,"comment_status":"","ping_status":"","sticky":false,"template":"","format":"standard","meta":{"footnotes":""},"categories":[2816],"tags":[1111,11,9782,1777,674,1011,27,1652,12,2680,25,1341,2312],"class_list":{"0":"post-282884","1":"post","2":"type-post","3":"status-publish","4":"format-standard","5":"has-post-thumbnail","7":"category-toulouse","8":"tag-actu","9":"tag-actualites","10":"tag-dans-les-bars","11":"tag-eu","12":"tag-europe","13":"tag-fr","14":"tag-france","15":"tag-loisirs-culture","16":"tag-news","17":"tag-occitanie","18":"tag-republique-francaise","19":"tag-sortir-a-toulouse","20":"tag-toulouse"},"share_on_mastodon":{"url":"https:\/\/pubeurope.com\/@fr\/114938834011161697","error":""},"_links":{"self":[{"href":"https:\/\/www.europesays.com\/fr\/wp-json\/wp\/v2\/posts\/282884","targetHints":{"allow":["GET"]}}],"collection":[{"href":"https:\/\/www.europesays.com\/fr\/wp-json\/wp\/v2\/posts"}],"about":[{"href":"https:\/\/www.europesays.com\/fr\/wp-json\/wp\/v2\/types\/post"}],"author":[{"embeddable":true,"href":"https:\/\/www.europesays.com\/fr\/wp-json\/wp\/v2\/users\/2"}],"replies":[{"embeddable":true,"href":"https:\/\/www.europesays.com\/fr\/wp-json\/wp\/v2\/comments?post=282884"}],"version-history":[{"count":0,"href":"https:\/\/www.europesays.com\/fr\/wp-json\/wp\/v2\/posts\/282884\/revisions"}],"wp:featuredmedia":[{"embeddable":true,"href":"https:\/\/www.europesays.com\/fr\/wp-json\/wp\/v2\/media\/282885"}],"wp:attachment":[{"href":"https:\/\/www.europesays.com\/fr\/wp-json\/wp\/v2\/media?parent=282884"}],"wp:term":[{"taxonomy":"category","embeddable":true,"href":"https:\/\/www.europesays.com\/fr\/wp-json\/wp\/v2\/categories?post=282884"},{"taxonomy":"post_tag","embeddable":true,"href":"https:\/\/www.europesays.com\/fr\/wp-json\/wp\/v2\/tags?post=282884"}],"curies":[{"name":"wp","href":"https:\/\/api.w.org\/{rel}","templated":true}]}}