{"id":282890,"date":"2025-07-29T22:18:09","date_gmt":"2025-07-29T22:18:09","guid":{"rendered":"https:\/\/www.europesays.com\/fr\/282890\/"},"modified":"2025-07-29T22:18:09","modified_gmt":"2025-07-29T22:18:09","slug":"percutee-lors-dune-course-poursuite-une-voiture-de-police-fait-un-tonneau-a-la-busserine","status":"publish","type":"post","link":"https:\/\/www.europesays.com\/fr\/282890\/","title":{"rendered":"percut\u00e9e lors d&rsquo;une course-poursuite, une voiture de police fait un tonneau \u00e0 la Busserine"},"content":{"rendered":"<p>Il est presque 21h, ce lundi 28 juillet 2025, lorsqu&rsquo;un motocross refuse un contr\u00f4le de police dans le 14e arrondissement de Marseille. Jusqu&rsquo;ici, rien d&rsquo;inhabituel. Le SUV Peugeot du groupe de s\u00e9curit\u00e9 de proximit\u00e9 (GSP) active le gyrophare et le deux-tons et se lance \u00e0 la poursuite du deux-roues.<\/p>\n<p>Mais alors qu&rsquo;ils remontent la rue de la Busserine \u00e0 contresens et \u00e0 bonne vitesse, le v\u00e9hicule de patrouille est heurt\u00e9, c\u00f4t\u00e9 conducteur, par une voiture blanche lanc\u00e9e \u00e0 la m\u00eame allure sur l&rsquo;avenue Salvator-Allende. Le choc, tr\u00e8s violent, projette la voiture de police \u00e0 travers le carrefour. La Peugeot s&rsquo;immobilise sur le flanc gauche apr\u00e8s un tonneau quasi-complet, tandis que l&rsquo;autre v\u00e9hicule est stopp\u00e9 net, l&rsquo;avant d\u00e9truit.<\/p>\n<p>Des cris et des coups de klaxon r\u00e9sonnent aussit\u00f4t dans le quartier de la Busserine, o\u00f9 un petit groupe de personnes se rassemble, filmant la sc\u00e8ne avec leurs t\u00e9l\u00e9phones, restant \u00e0 quelques dizaines de m\u00e8tres de l&rsquo;accident. Les policiers s&rsquo;extirpent p\u00e9niblement de l&rsquo;habitacle par la porte du passager, tandis que l&rsquo;autre automobiliste, manifestement sonn\u00e9 (il s&rsquo;av\u00e9rera en r\u00e8gle), s&rsquo;approche d&rsquo;eux.\u00a0<\/p>\n<p>Tirs de grenades lacrymog\u00e8nes<\/p>\n<p>\u00c0 d\u00e9faut d&rsquo;aide, les fonctionnaires essuient alors des jets de projectiles, auxquels ils r\u00e9pondent par une grenade de d\u00e9sencerclement et deux grenades lacrymog\u00e8nes, qui ach\u00e8vent de disperser le groupe, tandis que les renforts arrivent. Souffrant de douleurs aux cervicales, les deux policiers du GSP, l\u00e9g\u00e8rement bless\u00e9s, seront transport\u00e9s \u00e0 l&rsquo;h\u00f4pital par les marins-pompiers.<\/p>\n<p>L&rsquo;accident, tr\u00e8s impressionnant, a \u00e9t\u00e9 enti\u00e8rement film\u00e9 par un riverain depuis sa fen\u00eatre, et la vid\u00e9o publi\u00e9e sur les r\u00e9seaux sociaux. \u00ab\u00a0J&rsquo;ai honte ce soir d&rsquo;\u00eatre marseillaise\u00a0\u00bb, a comment\u00e9 la pr\u00e9sidente du d\u00e9partement, Martine Vassal, sur le r\u00e9seau social X o\u00f9 elle a republi\u00e9 la sc\u00e8ne, \u00ab\u00a0choqu\u00e9e par ces images o\u00f9 des policiers apr\u00e8s avoir \u00e9t\u00e9 accident\u00e9s se retrouvent attaqu\u00e9s, insult\u00e9s, m\u00e9pris\u00e9s, \u00e0 d\u00e9faut d&rsquo;\u00eatre secourus\u00a0\u00bb.<\/p>\n","protected":false},"excerpt":{"rendered":"Il est presque 21h, ce lundi 28 juillet 2025, lorsqu&rsquo;un motocross refuse un contr\u00f4le de police dans le&hellip;\n","protected":false},"author":2,"featured_media":282891,"comment_status":"","ping_status":"","sticky":false,"template":"","format":"standard","meta":{"footnotes":""},"categories":[2814],"tags":[17,1111,11,12930,4440,1777,674,274,1011,27,7826,884,12,18691,882,25,96,4752],"class_list":{"0":"post-282890","1":"post","2":"type-post","3":"status-publish","4":"format-standard","5":"has-post-thumbnail","7":"category-marseille","8":"tag-17","9":"tag-actu","10":"tag-actualites","11":"tag-course-poursuite","12":"tag-dune","13":"tag-eu","14":"tag-europe","15":"tag-faits-divers-justice","16":"tag-fr","17":"tag-france","18":"tag-lors","19":"tag-marseille","20":"tag-news","21":"tag-percutee","22":"tag-provence-alpes-cote-dazur","23":"tag-republique-francaise","24":"tag-une","25":"tag-voiture"},"share_on_mastodon":{"url":"https:\/\/pubeurope.com\/@fr\/114938845930501190","error":""},"_links":{"self":[{"href":"https:\/\/www.europesays.com\/fr\/wp-json\/wp\/v2\/posts\/282890","targetHints":{"allow":["GET"]}}],"collection":[{"href":"https:\/\/www.europesays.com\/fr\/wp-json\/wp\/v2\/posts"}],"about":[{"href":"https:\/\/www.europesays.com\/fr\/wp-json\/wp\/v2\/types\/post"}],"author":[{"embeddable":true,"href":"https:\/\/www.europesays.com\/fr\/wp-json\/wp\/v2\/users\/2"}],"replies":[{"embeddable":true,"href":"https:\/\/www.europesays.com\/fr\/wp-json\/wp\/v2\/comments?post=282890"}],"version-history":[{"count":0,"href":"https:\/\/www.europesays.com\/fr\/wp-json\/wp\/v2\/posts\/282890\/revisions"}],"wp:featuredmedia":[{"embeddable":true,"href":"https:\/\/www.europesays.com\/fr\/wp-json\/wp\/v2\/media\/282891"}],"wp:attachment":[{"href":"https:\/\/www.europesays.com\/fr\/wp-json\/wp\/v2\/media?parent=282890"}],"wp:term":[{"taxonomy":"category","embeddable":true,"href":"https:\/\/www.europesays.com\/fr\/wp-json\/wp\/v2\/categories?post=282890"},{"taxonomy":"post_tag","embeddable":true,"href":"https:\/\/www.europesays.com\/fr\/wp-json\/wp\/v2\/tags?post=282890"}],"curies":[{"name":"wp","href":"https:\/\/api.w.org\/{rel}","templated":true}]}}