{"id":282892,"date":"2025-07-29T22:19:10","date_gmt":"2025-07-29T22:19:10","guid":{"rendered":"https:\/\/www.europesays.com\/fr\/282892\/"},"modified":"2025-07-29T22:19:10","modified_gmt":"2025-07-29T22:19:10","slug":"om-les-olympiens-tiennent-en-echec-valence-1-1-avant-leur-retour-a-marseille","status":"publish","type":"post","link":"https:\/\/www.europesays.com\/fr\/282892\/","title":{"rendered":"OM. Les Olympiens tiennent en \u00e9chec Valence (1-1) avant leur retour \u00e0 Marseille"},"content":{"rendered":"<p>Apr\u00e8s quatorze jours loin de Marseille, \u00e0 peaufiner leur pr\u00e9paration <a href=\"https:\/\/www.laprovence.com\/article\/om\/2960687026246314\/om-apres-un-stage-aux-pays-bas-les-olympiens-passent-aux-choses-serieuses-en-espagne\" target=\"_blank\" rel=\"noopener\">entre les Pays-Bas, Andorre et l\u2019Espagne<\/a>, les Olympiens regagnent leurs p\u00e9nates ce mercredi. Avant leur d\u00e9part programm\u00e9 en fin de matin\u00e9e, ils ont livr\u00e9 un quatri\u00e8me galop amical, hier soir face au <a href=\"https:\/\/www.laprovence.com\/article\/om\/66529719539368\/om-pablo-longoria-a-l-heure-des-retrouvailles-emues-avec-valence-son-ancien-club\" target=\"_blank\" rel=\"noopener\">Valence CF cher \u00e0 Pablo Longoria<\/a>. Un duel \u00e2pre, extr\u00eamement disput\u00e9 face \u00e0 un adversaire qui leur a s\u00e9rieusement compliqu\u00e9 la t\u00e2che avec la vitesse de ses ailiers qui ont rappel\u00e9 combien l\u2019arri\u00e8re-garde marseillaise pouvait souffrir dans un tel contexte.<\/p>\n","protected":false},"excerpt":{"rendered":"Apr\u00e8s quatorze jours loin de Marseille, \u00e0 peaufiner leur pr\u00e9paration entre les Pays-Bas, Andorre et l\u2019Espagne, les Olympiens&hellip;\n","protected":false},"author":2,"featured_media":282893,"comment_status":"","ping_status":"","sticky":false,"template":"","format":"standard","meta":{"footnotes":""},"categories":[2814],"tags":[18141,17,1111,11,12329,1777,674,1011,27,151,884,12,12072,149,882,25,13544,2733],"class_list":{"0":"post-282892","1":"post","2":"type-post","3":"status-publish","4":"format-standard","5":"has-post-thumbnail","7":"category-marseille","8":"tag-1-1","9":"tag-17","10":"tag-actu","11":"tag-actualites","12":"tag-echec","13":"tag-eu","14":"tag-europe","15":"tag-fr","16":"tag-france","17":"tag-les","18":"tag-marseille","19":"tag-news","20":"tag-olympiens","21":"tag-om","22":"tag-provence-alpes-cote-dazur","23":"tag-republique-francaise","24":"tag-tiennent","25":"tag-valence"},"share_on_mastodon":{"url":"https:\/\/pubeurope.com\/@fr\/114938849811931165","error":""},"_links":{"self":[{"href":"https:\/\/www.europesays.com\/fr\/wp-json\/wp\/v2\/posts\/282892","targetHints":{"allow":["GET"]}}],"collection":[{"href":"https:\/\/www.europesays.com\/fr\/wp-json\/wp\/v2\/posts"}],"about":[{"href":"https:\/\/www.europesays.com\/fr\/wp-json\/wp\/v2\/types\/post"}],"author":[{"embeddable":true,"href":"https:\/\/www.europesays.com\/fr\/wp-json\/wp\/v2\/users\/2"}],"replies":[{"embeddable":true,"href":"https:\/\/www.europesays.com\/fr\/wp-json\/wp\/v2\/comments?post=282892"}],"version-history":[{"count":0,"href":"https:\/\/www.europesays.com\/fr\/wp-json\/wp\/v2\/posts\/282892\/revisions"}],"wp:featuredmedia":[{"embeddable":true,"href":"https:\/\/www.europesays.com\/fr\/wp-json\/wp\/v2\/media\/282893"}],"wp:attachment":[{"href":"https:\/\/www.europesays.com\/fr\/wp-json\/wp\/v2\/media?parent=282892"}],"wp:term":[{"taxonomy":"category","embeddable":true,"href":"https:\/\/www.europesays.com\/fr\/wp-json\/wp\/v2\/categories?post=282892"},{"taxonomy":"post_tag","embeddable":true,"href":"https:\/\/www.europesays.com\/fr\/wp-json\/wp\/v2\/tags?post=282892"}],"curies":[{"name":"wp","href":"https:\/\/api.w.org\/{rel}","templated":true}]}}