{"id":282894,"date":"2025-07-29T22:20:17","date_gmt":"2025-07-29T22:20:17","guid":{"rendered":"https:\/\/www.europesays.com\/fr\/282894\/"},"modified":"2025-07-29T22:20:17","modified_gmt":"2025-07-29T22:20:17","slug":"la-circulation-sera-fermee-cette-nuit-au-sud-de-lyon","status":"publish","type":"post","link":"https:\/\/www.europesays.com\/fr\/282894\/","title":{"rendered":"la circulation sera ferm\u00e9e cette nuit au sud de Lyon"},"content":{"rendered":"<p>Un grave accident s\u2019est produit ce mardi 29 juillet \u00e0 la mi-journ\u00e9e sur l\u2019autoroute A7, entre les sorties Mont\u00e9limar Nord (n\u00b017) et Mont\u00e9limar Sud \u2013 Pierrelatte (n\u00b018), en direction de Marseille.<\/p>\n<p>Ce contenu est bloqu\u00e9 car vous n&rsquo;avez pas accept\u00e9 les cookies et autres traceurs.<\/p>\n<p>En cliquant sur \u00ab J\u2019accepte \u00bb, les cookies et autres traceurs seront d\u00e9pos\u00e9s et vous pourrez visualiser les contenus  (<a href=\"\" class=\"consentModule_policy\" target=\"_blank\" title=\"Consulter la politique de protection des donn\u00e9es du fournisseur\">plus d&rsquo;informations<\/a>).<\/p>\n<p>En cliquant sur \u00ab J\u2019accepte tous les cookies \u00bb, vous autorisez des d\u00e9p\u00f4ts de cookies et autres traceurs pour le stockage de vos donn\u00e9es sur nos sites et applications \u00e0 des fins de personnalisation et de ciblage publicitaire.<\/p>\n<p class=\"consentModule_secondaryText\">Vous gardez la possibilit\u00e9 de retirer votre consentement \u00e0 tout moment en consultant notre <a href=\"https:\/\/www.leprogres.fr\/protection-des-donnees\" target=\"_blank\" title=\"Consulter notre politique de protection des donn\u00e9es\" rel=\"nofollow noopener\">politique de protection des donn\u00e9es<\/a>. <br \/>&#13;<br \/>\n            <a href=\"https:\/\/www.leprogres.fr\/transport\/2025\/07\/29\/javascript:Didomi.notice.show()\" class=\"consentModule_cmp\" rel=\"nofollow noopener\" target=\"_blank\">G\u00e9rer mes choix<\/a>&#13;\n        <\/p>\n<p>&#13;<br \/>\n                        J&rsquo;accepte&#13;<br \/>\n            J&rsquo;accepte tous les cookies&#13;\n        <\/p>\n<p>Selon Vinci autoroutes, un poids lourd circulant initialement vers Lyon a travers\u00e9 le terre-plein central, s\u2019immobilisant sur les voies oppos\u00e9es et entra\u00eenant une coupure totale de la circulation vers Marseille. Rapidement, les v\u00e9hicules bloqu\u00e9s sur cet axe ont \u00e9t\u00e9 \u00e9vacu\u00e9s par les secours encore mobilis\u00e9s sur place, un important dispositif humain et mat\u00e9riel \u00e9tant d\u00e9ploy\u00e9 pour proc\u00e9der au levage du camion et permettre un retour \u00e0 la normale.<\/p>\n<p>20 kilom\u00e8tres de bouchons, circulation perturb\u00e9e jusqu\u2019en fin de journ\u00e9e<\/p>\n<p>Cet \u00e9v\u00e9nement a g\u00e9n\u00e9r\u00e9 d\u2019impressionnants bouchons : 7 km en direction de Marseille, 13 km vers Lyon. Plusieurs mesures ont \u00e9t\u00e9 instaur\u00e9es : la sortie est obligatoire \u00e0 Mont\u00e9limar Nord pour ceux allant vers Marseille, tandis que les entr\u00e9es \u00e0 Loriol et Mont\u00e9limar Nord sont d\u00e9conseill\u00e9es ou interdites. Dans le sens Lyon, des d\u00e9viations conseillent la sortie \u00e0 Boll\u00e8ne, et l\u2019entr\u00e9e y est \u00e9galement d\u00e9conseill\u00e9e.<\/p>\n<p>Ce contenu est bloqu\u00e9 car vous n&rsquo;avez pas accept\u00e9 les cookies et autres traceurs.<\/p>\n<p>En cliquant sur \u00ab J\u2019accepte \u00bb, les cookies et autres traceurs seront d\u00e9pos\u00e9s et vous pourrez visualiser les contenus  (<a href=\"\" class=\"consentModule_policy\" target=\"_blank\" title=\"Consulter la politique de protection des donn\u00e9es du fournisseur\">plus d&rsquo;informations<\/a>).<\/p>\n<p>En cliquant sur \u00ab J\u2019accepte tous les cookies \u00bb, vous autorisez des d\u00e9p\u00f4ts de cookies et autres traceurs pour le stockage de vos donn\u00e9es sur nos sites et applications \u00e0 des fins de personnalisation et de ciblage publicitaire.<\/p>\n<p class=\"consentModule_secondaryText\">Vous gardez la possibilit\u00e9 de retirer votre consentement \u00e0 tout moment en consultant notre <a href=\"https:\/\/www.leprogres.fr\/protection-des-donnees\" target=\"_blank\" title=\"Consulter notre politique de protection des donn\u00e9es\" rel=\"nofollow noopener\">politique de protection des donn\u00e9es<\/a>. <br \/>&#13;<br \/>\n            <a href=\"https:\/\/www.leprogres.fr\/transport\/2025\/07\/29\/javascript:Didomi.notice.show()\" class=\"consentModule_cmp\" rel=\"nofollow noopener\" target=\"_blank\">G\u00e9rer mes choix<\/a>&#13;\n        <\/p>\n<p>&#13;<br \/>\n                        J&rsquo;accepte&#13;<br \/>\n            J&rsquo;accepte tous les cookies&#13;\n        <\/p>\n<p>Vinci\u00a0autoroutes indique que le trafic ne devrait revenir \u00e0 la normale qu\u2019en fin de journ\u00e9e et recommande \u00e0 tous les automobilistes de bien s\u2019informer avant tout d\u00e9placement. \u00ab Les \u00e9quipes de Vinci\u00a0autoroutes sont toujours mobilis\u00e9es pour proc\u00e9der au levage et \u00e0 l\u2019\u00e9vacuation du poids lourd \u00bb, assure l\u2019exploitant, invitant \u00e0 consulter la radio 107.7, l\u2019application Ulys ou les r\u00e9seaux sociaux pour suivre l\u2019\u00e9volution de la situation.<\/p>\n<p class=\"insetTitle\">[Ajout le 29 juillet, \u00e0 19:30]<\/p>\n<p><a href=\"https:\/\/www.ledauphine.com\/faits-divers-justice\/2025\/07\/29\/poids-lourd-couche-sur-l-a7-un-bouchon-de-13-5-km-en-direction-de-lyon\" target=\"_blank\" rel=\"nofollow noopener\">Selon le Dauphin\u00e9 Lib\u00e9r\u00e9<\/a>, il s\u2019agit d\u2019un\u00a0camion frigorifique transportant des fruits et l\u00e9gumes. Ce dernier circulait en direction du nord lorsqu\u2019il a perdu le contr\u00f4le, vraisemblablement \u00e0 cause de\u00a0l\u2019\u00e9clatement d\u2019un pneu du tracteur. Le camion aurait ensuite percut\u00e9 et projet\u00e9 un autre v\u00e9hicule sur le terre-plein central avant de terminer sa course couch\u00e9 au milieu des voies, empi\u00e9tant sur les deux sens de circulation.<\/p>\n<p>Le poids lourd a \u00e9t\u00e9 \u00e9vacu\u00e9. La circulation a pu reprendre dans les deux sens mais il y a 20 kilom\u00e8tres de bouchons dans le sens nord-sud.<\/p>\n<p>L&rsquo;autoroute sera ferm\u00e9e de 21 \u00e0 4 heures entre les \u00e9changeurs Mont\u00e9limar Nord et Mont\u00e9limar Sud afin de permettre aux \u00e9quipes de r\u00e9aliser les r\u00e9parations n\u00e9cessaires.<\/p>\n","protected":false},"excerpt":{"rendered":"Un grave accident s\u2019est produit ce mardi 29 juillet \u00e0 la mi-journ\u00e9e sur l\u2019autoroute A7, entre les sorties&hellip;\n","protected":false},"author":2,"featured_media":282895,"comment_status":"","ping_status":"","sticky":false,"template":"","format":"standard","meta":{"footnotes":""},"categories":[1889],"tags":[119,1111,11,2430,3542,3152,2757,3153,3154,1777,674,274,107,1011,27,2428,12,25,2429,2803],"class_list":{"0":"post-282894","1":"post","2":"type-post","3":"status-publish","4":"format-standard","5":"has-post-thumbnail","7":"category-lyon","8":"tag-accident","9":"tag-actu","10":"tag-actualites","11":"tag-auvergne-rhone-alpes","12":"tag-circulation","13":"tag-edition-est-lyonnais","14":"tag-edition-lyon-villeurbanne","15":"tag-edition-ouest-lyonnais","16":"tag-edition-sud-lyonnais","17":"tag-eu","18":"tag-europe","19":"tag-faits-divers-justice","20":"tag-fil-info","21":"tag-fr","22":"tag-france","23":"tag-lyon","24":"tag-news","25":"tag-republique-francaise","26":"tag-rhone","27":"tag-transport"},"share_on_mastodon":{"url":"https:\/\/pubeurope.com\/@fr\/114938853816050798","error":""},"_links":{"self":[{"href":"https:\/\/www.europesays.com\/fr\/wp-json\/wp\/v2\/posts\/282894","targetHints":{"allow":["GET"]}}],"collection":[{"href":"https:\/\/www.europesays.com\/fr\/wp-json\/wp\/v2\/posts"}],"about":[{"href":"https:\/\/www.europesays.com\/fr\/wp-json\/wp\/v2\/types\/post"}],"author":[{"embeddable":true,"href":"https:\/\/www.europesays.com\/fr\/wp-json\/wp\/v2\/users\/2"}],"replies":[{"embeddable":true,"href":"https:\/\/www.europesays.com\/fr\/wp-json\/wp\/v2\/comments?post=282894"}],"version-history":[{"count":0,"href":"https:\/\/www.europesays.com\/fr\/wp-json\/wp\/v2\/posts\/282894\/revisions"}],"wp:featuredmedia":[{"embeddable":true,"href":"https:\/\/www.europesays.com\/fr\/wp-json\/wp\/v2\/media\/282895"}],"wp:attachment":[{"href":"https:\/\/www.europesays.com\/fr\/wp-json\/wp\/v2\/media?parent=282894"}],"wp:term":[{"taxonomy":"category","embeddable":true,"href":"https:\/\/www.europesays.com\/fr\/wp-json\/wp\/v2\/categories?post=282894"},{"taxonomy":"post_tag","embeddable":true,"href":"https:\/\/www.europesays.com\/fr\/wp-json\/wp\/v2\/tags?post=282894"}],"curies":[{"name":"wp","href":"https:\/\/api.w.org\/{rel}","templated":true}]}}