{"id":283004,"date":"2025-07-29T23:27:11","date_gmt":"2025-07-29T23:27:11","guid":{"rendered":"https:\/\/www.europesays.com\/fr\/283004\/"},"modified":"2025-07-29T23:27:11","modified_gmt":"2025-07-29T23:27:11","slug":"previsions-du-mercredi-30-juillet-2025-5","status":"publish","type":"post","link":"https:\/\/www.europesays.com\/fr\/283004\/","title":{"rendered":"pr\u00e9visions du mercredi 30 juillet 2025"},"content":{"rendered":"<p>Aujourd&rsquo;hui, les valeurs s&rsquo;\u00e9chelonneront entre 15 et 24\u00b0C \u00e0 Lille. Un vent de nord-ouest rafra\u00eechira un peu l&rsquo;atmosph\u00e8re. Malheureusement, il y aura encore des nuages le matin. Il faudra emporter son parapluie pour \u00e9viter les pluies \u00e9parses. Il va faire 18\u00b0C en moyenne. Petits et grands pourront appr\u00e9cier leur apr\u00e8s-midi sous un ciel l\u00e9g\u00e8rement nuageux. Les temp\u00e9ratures vont conna\u00eetre une augmentation de plusieurs degr\u00e9s. Les valeurs afficheront entre 23 et 24\u00b0C. Entre mercredi et jeudi, la nuit sera pluvieuse.<\/p>\n<p>Demain, Lille devra encore patienter avant que les nuages ne se dissipent. Il fera environ 20\u00b0C. Un petit vent de sud-ouest sera ressenti par les habitants. Le matin, le soleil sera dissimul\u00e9 derri\u00e8re de petits nuages. Les temp\u00e9ratures seront de 21\u00b0C. La grisaille ne se dissipe toujours pas, il va y avoir encore des nuages demain apr\u00e8s-midi. Les valeurs seront de 17\u00b0C au minimum et de 24\u00b0C au maximum. Demain soir, toujours des nuages dans le ciel qui emp\u00eachent le soleil de faire son apparition. Le mercure affichera 17\u00b0C en moyenne.<\/p>\n<p>Le temps des journ\u00e9es suivantes va se d\u00e9grader. On anticipe des journ\u00e9es pluvieuses, avec des temp\u00e9ratures dans les 21\u00b0C en moyenne.<\/p>\n<p><\/p>\n","protected":false},"excerpt":{"rendered":"Aujourd&rsquo;hui, les valeurs s&rsquo;\u00e9chelonneront entre 15 et 24\u00b0C \u00e0 Lille. Un vent de nord-ouest rafra\u00eechira un peu l&rsquo;atmosph\u00e8re.&hellip;\n","protected":false},"author":2,"featured_media":283005,"comment_status":"","ping_status":"","sticky":false,"template":"","format":"standard","meta":{"footnotes":""},"categories":[2815],"tags":[1111,11,1777,674,1011,27,811,1307,12,1308,1309,2119,25],"class_list":{"0":"post-283004","1":"post","2":"type-post","3":"status-publish","4":"format-standard","5":"has-post-thumbnail","7":"category-lille","8":"tag-actu","9":"tag-actualites","10":"tag-eu","11":"tag-europe","12":"tag-fr","13":"tag-france","14":"tag-hauts-de-france","15":"tag-lille","16":"tag-news","17":"tag-nord","18":"tag-nord-pas-de-calais","19":"tag-previsions-meteo","20":"tag-republique-francaise"},"share_on_mastodon":{"url":"https:\/\/pubeurope.com\/@fr\/114939117171244448","error":""},"_links":{"self":[{"href":"https:\/\/www.europesays.com\/fr\/wp-json\/wp\/v2\/posts\/283004","targetHints":{"allow":["GET"]}}],"collection":[{"href":"https:\/\/www.europesays.com\/fr\/wp-json\/wp\/v2\/posts"}],"about":[{"href":"https:\/\/www.europesays.com\/fr\/wp-json\/wp\/v2\/types\/post"}],"author":[{"embeddable":true,"href":"https:\/\/www.europesays.com\/fr\/wp-json\/wp\/v2\/users\/2"}],"replies":[{"embeddable":true,"href":"https:\/\/www.europesays.com\/fr\/wp-json\/wp\/v2\/comments?post=283004"}],"version-history":[{"count":0,"href":"https:\/\/www.europesays.com\/fr\/wp-json\/wp\/v2\/posts\/283004\/revisions"}],"wp:featuredmedia":[{"embeddable":true,"href":"https:\/\/www.europesays.com\/fr\/wp-json\/wp\/v2\/media\/283005"}],"wp:attachment":[{"href":"https:\/\/www.europesays.com\/fr\/wp-json\/wp\/v2\/media?parent=283004"}],"wp:term":[{"taxonomy":"category","embeddable":true,"href":"https:\/\/www.europesays.com\/fr\/wp-json\/wp\/v2\/categories?post=283004"},{"taxonomy":"post_tag","embeddable":true,"href":"https:\/\/www.europesays.com\/fr\/wp-json\/wp\/v2\/tags?post=283004"}],"curies":[{"name":"wp","href":"https:\/\/api.w.org\/{rel}","templated":true}]}}