{"id":283008,"date":"2025-07-29T23:29:12","date_gmt":"2025-07-29T23:29:12","guid":{"rendered":"https:\/\/www.europesays.com\/fr\/283008\/"},"modified":"2025-07-29T23:29:12","modified_gmt":"2025-07-29T23:29:12","slug":"previsions-du-mercredi-30-juillet-2025-6","status":"publish","type":"post","link":"https:\/\/www.europesays.com\/fr\/283008\/","title":{"rendered":"pr\u00e9visions du mercredi 30 juillet 2025"},"content":{"rendered":"<p>Un magnifique soleil va briller sur Marseille et ce, tout au long de la journ\u00e9e. Les valeurs seront comprises entre 20 et 27\u00b0C. Un vent de nord-ouest est pr\u00e9vu : il soufflera \u00e0 21 km\/h. Il fera environ 23\u00b0C, le matin. Les temp\u00e9ratures vont conna\u00eetre une augmentation de quelques degr\u00e9s dans l&rsquo;apr\u00e8s-midi. Les valeurs avoisineront les 26\u00b0C dans la soir\u00e9e. Durant la nuit de mercredi \u00e0 jeudi, le ciel sera limpide.<\/p>\n<p>Demain, les Marseillais vont pouvoir b\u00e9n\u00e9ficier d&rsquo;un soleil radieux. Le mercure affichera 24\u00b0C en moyenne. Un vent de nord-ouest rafra\u00eechira sensiblement l&rsquo;atmosph\u00e8re. Dans la matin\u00e9e, les temp\u00e9ratures seront de 24\u00b0C. Les valeurs seront de 26\u00b0C au minimum et de 27\u00b0C au plus haut l&rsquo;apr\u00e8s-midi. Il va faire 24\u00b0C en moyenne demain soir.<\/p>\n<p>Les jours qui suivent s&rsquo;annoncent similaires. Il va faire un temps relativement ensoleill\u00e9 avec des temp\u00e9ratures autour de 27\u00b0C.<\/p>\n<p><\/p>\n","protected":false},"excerpt":{"rendered":"Un magnifique soleil va briller sur Marseille et ce, tout au long de la journ\u00e9e. Les valeurs seront&hellip;\n","protected":false},"author":2,"featured_media":283009,"comment_status":"","ping_status":"","sticky":false,"template":"","format":"standard","meta":{"footnotes":""},"categories":[2814],"tags":[1111,11,885,1777,674,1011,27,884,12,883,2119,882,25],"class_list":{"0":"post-283008","1":"post","2":"type-post","3":"status-publish","4":"format-standard","5":"has-post-thumbnail","7":"category-marseille","8":"tag-actu","9":"tag-actualites","10":"tag-bouches-du-rhone","11":"tag-eu","12":"tag-europe","13":"tag-fr","14":"tag-france","15":"tag-marseille","16":"tag-news","17":"tag-paca","18":"tag-previsions-meteo","19":"tag-provence-alpes-cote-dazur","20":"tag-republique-francaise"},"share_on_mastodon":{"url":"https:\/\/pubeurope.com\/@fr\/114939125285711126","error":""},"_links":{"self":[{"href":"https:\/\/www.europesays.com\/fr\/wp-json\/wp\/v2\/posts\/283008","targetHints":{"allow":["GET"]}}],"collection":[{"href":"https:\/\/www.europesays.com\/fr\/wp-json\/wp\/v2\/posts"}],"about":[{"href":"https:\/\/www.europesays.com\/fr\/wp-json\/wp\/v2\/types\/post"}],"author":[{"embeddable":true,"href":"https:\/\/www.europesays.com\/fr\/wp-json\/wp\/v2\/users\/2"}],"replies":[{"embeddable":true,"href":"https:\/\/www.europesays.com\/fr\/wp-json\/wp\/v2\/comments?post=283008"}],"version-history":[{"count":0,"href":"https:\/\/www.europesays.com\/fr\/wp-json\/wp\/v2\/posts\/283008\/revisions"}],"wp:featuredmedia":[{"embeddable":true,"href":"https:\/\/www.europesays.com\/fr\/wp-json\/wp\/v2\/media\/283009"}],"wp:attachment":[{"href":"https:\/\/www.europesays.com\/fr\/wp-json\/wp\/v2\/media?parent=283008"}],"wp:term":[{"taxonomy":"category","embeddable":true,"href":"https:\/\/www.europesays.com\/fr\/wp-json\/wp\/v2\/categories?post=283008"},{"taxonomy":"post_tag","embeddable":true,"href":"https:\/\/www.europesays.com\/fr\/wp-json\/wp\/v2\/tags?post=283008"}],"curies":[{"name":"wp","href":"https:\/\/api.w.org\/{rel}","templated":true}]}}