{"id":283010,"date":"2025-07-29T23:30:10","date_gmt":"2025-07-29T23:30:10","guid":{"rendered":"https:\/\/www.europesays.com\/fr\/283010\/"},"modified":"2025-07-29T23:30:10","modified_gmt":"2025-07-29T23:30:10","slug":"marseille-des-policiers-violemment-percutes-puis-pris-a-partie-aucun-respect-aucune-dignite","status":"publish","type":"post","link":"https:\/\/www.europesays.com\/fr\/283010\/","title":{"rendered":"Marseille. Des policiers violemment percut\u00e9s, puis \u00ab\u00a0pris \u00e0 partie\u00a0\u00bb : \u00ab\u00a0Aucun respect, aucune dignit\u00e9\u00a0\u00bb"},"content":{"rendered":"<p>            Par<br \/>\n        <strong><br \/>\n            <a href=\"https:\/\/actu.fr\/auteur\/fabien-binacchi\" title=\"Consulter tous les articles de Fabien Binacchi\" rel=\"nofollow noopener\" target=\"_blank\">Fabien Binacchi<\/a><br \/>\n        <\/strong><\/p>\n<p>        Publi\u00e9 le<\/p>\n<p>            30 juil. 2025 \u00e0 1h18        <\/p>\n<p>Les images sont tr\u00e8s impressionnantes. Elles ont fait le tour des r\u00e9seaux sociaux.<\/p>\n<p class=\" wall-content\">Ce lundi 28\u00a0juillet 2025, en d\u00e9but de soir\u00e9e, une voiture de police en intervention dans les <a href=\"https:\/\/actu.fr\/tag\/quartiers-nord\" rel=\"nofollow noopener\" target=\"_blank\">quartiers Nord<\/a> de <a href=\"https:\/\/actu.fr\/marseille\/\" rel=\"nofollow noopener\" target=\"_blank\">Marseille<\/a>, gyrophares et sir\u00e8ne en action, a \u00e9t\u00e9 violemment percut\u00e9e par un autre v\u00e9hicule. Apr\u00e8s un tonneau, elle s\u2019est immobilis\u00e9e sur le c\u00f4t\u00e9. Les agents, en plus d\u2019avoir \u00e9t\u00e9 <strong>l\u00e9g\u00e8rement bless\u00e9s,<\/strong> ont \u00e9t\u00e9 \u00ab\u2009pris \u00e0 partie par une douzaine d\u2019individus\u2009\u00bb, d\u00e9nonce la pr\u00e9fecture de police des <a href=\"https:\/\/actu.fr\/provence-alpes-cote-d-azur\/bouches-du-rhone_13\" rel=\"nofollow noopener\" target=\"_blank\">Bouches-du-Rh\u00f4ne.<\/a><\/p>\n<p>\u00ab\u2009En op\u00e9ration sur un refus d\u2019obtemp\u00e9rer\u2009\u00bb<\/p>\n<p class=\" wall-content\">La patrouille \u00e9tait \u00ab\u2009en op\u00e9ration sur un refus d\u2019obtemp\u00e9rer\u2009\u00bb d\u2019un deux-roues quand le choc s\u2019est produit ce lundi 28\u00a0juillet 2025, relatent les autorit\u00e9s. L\u2019action se d\u00e9roule sur la <strong>rue de la Busserine, dans le 14e arrondissement de Marseille.<\/strong> Il est pr\u00e8s de 21h.<\/p>\n<blockquote class=\"tiktok-embed\" cite=\"https:\/\/www.tiktok.com\/@mbmagueule\/video\/7532615771550125334\" data-video-id=\"7532615771550125334\" data-embed-from=\"oembed\" style=\"max-width:605px; min-width:325px;\"><p>\n<a target=\"_blank\" title=\"@mbmagueule\" href=\"https:\/\/www.tiktok.com\/@mbmagueule?refer=embed\" rel=\"nofollow noopener\">@mbmagueule<\/a> <\/p>\n<p><a title=\"pourtoi\" target=\"_blank\" href=\"https:\/\/www.tiktok.com\/tag\/pourtoi?refer=embed\" rel=\"nofollow noopener\">#pourtoi<\/a> <a title=\"humour\" target=\"_blank\" href=\"https:\/\/www.tiktok.com\/tag\/humour?refer=embed\" rel=\"nofollow noopener\">#humour<\/a> <a title=\"police\" target=\"_blank\" href=\"https:\/\/www.tiktok.com\/tag\/police?refer=embed\" rel=\"nofollow noopener\">#police<\/a> <a title=\"marseille\" target=\"_blank\" href=\"https:\/\/www.tiktok.com\/tag\/marseille?refer=embed\" rel=\"nofollow noopener\">#marseille<\/a> <a title=\"pov\" target=\"_blank\" href=\"https:\/\/www.tiktok.com\/tag\/pov?refer=embed\" rel=\"nofollow noopener\">#pov<\/a> <\/p>\n<p> <a target=\"_blank\" title=\"\u266c son original - mbmagueule ( Team Mb \ud83c\udf99\ufe0f)\" href=\"https:\/\/www.tiktok.com\/music\/son-original-7532615749836786454?refer=embed\" rel=\"nofollow noopener\">\u266c son original \u2013 mbmagueule ( Team Mb \ud83c\udf99\ufe0f)<\/a> <\/p>\n<\/blockquote>\n<p class=\" wall-content\">Sir\u00e8ne hurlante, une voiture de police du Groupe de s\u00e9curit\u00e9 de proximit\u00e9 (GSP) Nord d\u00e9boule \u00e0 contresens lorsqu\u2019elle est violemment percut\u00e9e par un autre v\u00e9hicule \u00e0 l\u2019intersection avec l\u2019avenue Salvator-Allende. Le SUV des forces de l\u2019ordre est <strong>projet\u00e9 sur un terre-plein.<\/strong> Il fait un tonneau quasi complet avant de s\u2019immobiliser sur le flanc.<\/p>\n<p class=\" wall-content\">Au final, plus de peur que de mal pour les agents, pris en charge par les marins-pompiers apr\u00e8s avoir \u00e9t\u00e9 l\u00e9g\u00e8rement bless\u00e9s. Ils souffriraient de <strong>douleurs aux cervicales.<\/strong><\/p>\n<p>Des jets de projectiles<\/p>\n<p class=\" wall-content\">Une image de cette sc\u00e8ne surr\u00e9aliste, extraite d\u2019une vid\u00e9o prise par un riverain, a \u00e9t\u00e9 partag\u00e9e par la pr\u00e9fecture de police des Bouches-du-Rh\u00f4ne elle-m\u00eame. Dans un post publi\u00e9 sur les r\u00e9seaux sociaux, <strong>elle d\u00e9nonce surtout ce qui a suivi.<\/strong><\/p>\n<p class=\" wall-content\">\n<p class=\" wall-content\">Imm\u00e9diatement apr\u00e8s l\u2019accident, <strong>un concert de klaxons et des cris<\/strong> r\u00e9sonnent dans le quartier. \u00ab\u2009Alors que [les agents] s\u2019extirpaient de leur v\u00e9hicule renvers\u00e9 par le choc, une douzaine d\u2019individus les ont pris \u00e0 partie, notamment par des jets de projectiles\u2009\u00bb, avance la pr\u00e9fecture. <strong>Une grenade de d\u00e9sencerclement et deux grenades lacrymog\u00e8nes<\/strong> ont m\u00eame \u00e9t\u00e9 utilis\u00e9es pour disperser le groupe, relate <a href=\"https:\/\/www.laprovence.com\/article\/faits-divers-justice\/1515420715011114\/marseille-percutee-lors-dune-course-poursuite-une-voiture-de-police-fait-un-tonneau-a-la-busserine\" rel=\"nofollow noopener\" target=\"_blank\">La Provence.<\/a><\/p>\n<p>\u00ab\u2009Attaqu\u00e9s, insult\u00e9s \u00e0 d\u00e9faut d\u2019\u00eatre secourus\u2009\u00bb<\/p>\n<p class=\" wall-content\">\u00ab\u2009Choqu\u00e9e\u2009\u00bb par les images, la pr\u00e9sidente (DVD) du d\u00e9partement Martine Vassal, a vivement r\u00e9agi sur X. <strong>\u00ab\u2009J\u2019ai honte ce soir d\u2019\u00eatre marseillaise\u2009\u00bb,<\/strong> \u00e9crit-elle, \u00e9bahie de voir que \u00ab\u2009des policiers apr\u00e8s avoir \u00e9t\u00e9 accident\u00e9s se retrouvent attaqu\u00e9s, insult\u00e9s, m\u00e9pris\u00e9s \u00e0 d\u00e9faut d\u2019\u00eatre secourus\u2009\u00bb. \u00ab\u2009Aucune honte, aucun respect, aucune dignit\u00e9 envers nos forces de l\u2019ordre\u2009\u00bb, d\u00e9nonce l\u2019\u00e9lue qui leur apporte son \u00ab\u2009soutien inconditionnel\u2009\u00bb.<\/p>\n<p class=\" wall-content\">\n<p class=\" wall-content\">La pr\u00e9fecture de police, elle, salue les membres de ses troupes qui \u00ab\u2009travaillent avec acharnement, <strong>au p\u00e9ril parfois de leur vie<\/strong>\u2009\u00bb et \u00ab\u2009dans les conditions les plus difficiles et p\u00e9rilleuses\u2009\u00bb. Et de trancher\u2009: \u00ab\u2009Ceux qui les insultent et les d\u00e9fient seront punis\u2009\u00bb.<\/p>\n<p class=\" wall-content\">Les autorit\u00e9s n\u2019ont pas pr\u00e9cis\u00e9 si des interpellations avaient eu lieu sur place, ni si le conducteur du v\u00e9hicule qui a percut\u00e9 les policiers a \u00e9t\u00e9 inqui\u00e9t\u00e9. Selon les premi\u00e8res constatations, <strong>le choc n\u2019aurait pas \u00e9t\u00e9 intentionnel.<\/strong><\/p>\n<p class=\" wall-content\">Suivez toute l\u2019actualit\u00e9 de vos villes et m\u00e9dias favoris en vous inscrivant \u00e0 <a href=\"https:\/\/moncompte.actu.fr\" title=\"D\u00e9couvez Mon Actu\" rel=\"nofollow noopener\" data-trk=\"{&quot;cta&quot;:{&quot;action&quot;:&quot;https:\\\/\\\/moncompte.actu.fr&quot;,&quot;category&quot;:&quot;mon compte&quot;,&quot;from&quot;:&quot;article footer&quot;,&quot;name&quot;:&quot;Mon actu&quot;,&quot;type&quot;:&quot;cta&quot;}}\" target=\"_blank\">Mon Actu<\/a>.<\/p>\n<p>                    <script async src=\"\/\/www.tiktok.com\/embed.js\"><\/script><\/p>\n","protected":false},"excerpt":{"rendered":"Par Fabien Binacchi Publi\u00e9 le 30 juil. 2025 \u00e0 1h18 Les images sont tr\u00e8s impressionnantes. Elles ont fait&hellip;\n","protected":false},"author":2,"featured_media":283011,"comment_status":"","ping_status":"","sticky":false,"template":"","format":"standard","meta":{"footnotes":""},"categories":[2814],"tags":[119,1111,11,1777,674,118,1011,27,884,12,1072,882,25],"class_list":{"0":"post-283010","1":"post","2":"type-post","3":"status-publish","4":"format-standard","5":"has-post-thumbnail","7":"category-marseille","8":"tag-accident","9":"tag-actu","10":"tag-actualites","11":"tag-eu","12":"tag-europe","13":"tag-faits-divers","14":"tag-fr","15":"tag-france","16":"tag-marseille","17":"tag-news","18":"tag-police","19":"tag-provence-alpes-cote-dazur","20":"tag-republique-francaise"},"share_on_mastodon":{"url":"https:\/\/pubeurope.com\/@fr\/114939128944710106","error":""},"_links":{"self":[{"href":"https:\/\/www.europesays.com\/fr\/wp-json\/wp\/v2\/posts\/283010","targetHints":{"allow":["GET"]}}],"collection":[{"href":"https:\/\/www.europesays.com\/fr\/wp-json\/wp\/v2\/posts"}],"about":[{"href":"https:\/\/www.europesays.com\/fr\/wp-json\/wp\/v2\/types\/post"}],"author":[{"embeddable":true,"href":"https:\/\/www.europesays.com\/fr\/wp-json\/wp\/v2\/users\/2"}],"replies":[{"embeddable":true,"href":"https:\/\/www.europesays.com\/fr\/wp-json\/wp\/v2\/comments?post=283010"}],"version-history":[{"count":0,"href":"https:\/\/www.europesays.com\/fr\/wp-json\/wp\/v2\/posts\/283010\/revisions"}],"wp:featuredmedia":[{"embeddable":true,"href":"https:\/\/www.europesays.com\/fr\/wp-json\/wp\/v2\/media\/283011"}],"wp:attachment":[{"href":"https:\/\/www.europesays.com\/fr\/wp-json\/wp\/v2\/media?parent=283010"}],"wp:term":[{"taxonomy":"category","embeddable":true,"href":"https:\/\/www.europesays.com\/fr\/wp-json\/wp\/v2\/categories?post=283010"},{"taxonomy":"post_tag","embeddable":true,"href":"https:\/\/www.europesays.com\/fr\/wp-json\/wp\/v2\/tags?post=283010"}],"curies":[{"name":"wp","href":"https:\/\/api.w.org\/{rel}","templated":true}]}}