{"id":283016,"date":"2025-07-29T23:35:12","date_gmt":"2025-07-29T23:35:12","guid":{"rendered":"https:\/\/www.europesays.com\/fr\/283016\/"},"modified":"2025-07-29T23:35:12","modified_gmt":"2025-07-29T23:35:12","slug":"lfi-appelle-a-la-mobilisation-ce-mardi-a-paris","status":"publish","type":"post","link":"https:\/\/www.europesays.com\/fr\/283016\/","title":{"rendered":"LFI appelle \u00e0 la mobilisation ce mardi \u00e0 Paris"},"content":{"rendered":"<p>            Par<br \/>\n        <strong><br \/>\n            <a href=\"https:\/\/actu.fr\/auteur\/redaction-paris\" title=\"Consulter tous les articles de R\u00e9daction Paris\" target=\"_blank\" rel=\"noopener\">R\u00e9daction Paris<\/a><br \/>\n        <\/strong><\/p>\n<p>        Publi\u00e9 le<\/p>\n<p>            29 juil. 2025 \u00e0 17h11        <\/p>\n<p>Alors qu\u2019une conf\u00e9rence pour trouver \u00ab\u00a0une solution \u00e0 deux \u00c9tats\u00a0\u00bb, copr\u00e9sid\u00e9e par la France et l\u2019Arabie saoudite, s\u2019est ouverte lundi 28 juillet 2025 au <a href=\"https:\/\/actu.fr\/monde\/la-paix-est-possible-emmanuel-macron-va-reconnaitre-l-etat-de-palestine-en-septembre_62955609.html\" target=\"_blank\" rel=\"noopener\">si\u00e8ge de l\u2019ONU<\/a>, la situation des Gazaouis est toujours cauchemardesque. Ce mardi 29 juillet 2025, <a href=\"https:\/\/actu.fr\/tag\/la-france-insoumise-lfi\" target=\"_blank\" rel=\"noopener\">La France insoumise<\/a> organise un rassemblement \u00ab\u00a0contre le g\u00e9nocide \u00e0 Gaza\u00a0\u00bb, \u00e0 <strong>19h30<\/strong>, place de la R\u00e9publique \u00e0 Paris.<\/p>\n<p>\u00ab\u00a0Des sanctions contre Isra\u00ebl\u00a0\u00bb<\/p>\n<p class=\" wall-content\">Une mobilisation \u00e0 laquelle assistera notamment <strong>Gabrielle Cathala<\/strong>. La d\u00e9put\u00e9e insoumise avait pris place \u00e0 bord du Handala, un bateau transportant de l\u2019aide humanitaire qui se dirigeait vers l\u2019enclave palestinienne avant d\u2019\u00eatre arr\u00eat\u00e9 par Isra\u00ebl dans la nuit du samedi 26 au dimanche 27 juillet 2025. Lib\u00e9r\u00e9e depuis, elle a pris la parole dans une vid\u00e9o post\u00e9e sur son compte X : \u00ab La famine n\u2019a jamais \u00e9t\u00e9 aussi immonde. [\u2026] Il n\u2019est pas question de fermer les yeux sur ce qui se passe \u00e0 Gaza pendant l\u2019\u00e9t\u00e9. \u00bb<\/p>\n<p class=\" wall-content\">\n<p class=\" wall-content\">Un rassemblement qui aura pour but de demander \u00ab le <strong>cessez-le-feu<\/strong>, la fin de cette famine\u00a0\u00bb et \u00ab\u00a0qu\u2019Emmanuel Macron prenne enfin des sanctions contre Isra\u00ebl\u2026 \u00bb, a \u00e9num\u00e9r\u00e9 la d\u00e9put\u00e9e.<\/p>\n<p class=\" wall-content\">\n<p class=\" wall-content\">En plus des bombardements de l\u2019arm\u00e9e isra\u00e9lienne qui ont fait, selon le minist\u00e8re de la Sant\u00e9 relevant du Hamas, plus de<strong> 60 000 morts<\/strong>, les Gazaouis doivent faire face, depuis plusieurs semaines, \u00e0 la faim. Mercredi 23 juillet 2025, une centaine d\u2019organisations humanitaires, dont M\u00e9decins sans fronti\u00e8res, M\u00e9decins du monde, Amnesty International ou Oxfam International, ont d\u00e9nonc\u00e9 \u00ab une famine de masse \u00bb \u00e0 Gaza en raison du \u00ab si\u00e8ge impos\u00e9 par le gouvernement isra\u00e9lien \u00bb.<\/p>\n<p class=\" wall-content\">Suivez toute l\u2019actualit\u00e9 de vos villes et m\u00e9dias favoris en vous inscrivant \u00e0 <a href=\"https:\/\/moncompte.actu.fr\" title=\"D\u00e9couvez Mon Actu\" rel=\"nofollow noopener\" data-trk=\"{&quot;cta&quot;:{&quot;action&quot;:&quot;https:\\\/\\\/moncompte.actu.fr&quot;,&quot;category&quot;:&quot;mon compte&quot;,&quot;from&quot;:&quot;article footer&quot;,&quot;name&quot;:&quot;Mon actu&quot;,&quot;type&quot;:&quot;cta&quot;}}\" target=\"_blank\">Mon Actu<\/a>.<\/p>\n","protected":false},"excerpt":{"rendered":"Par R\u00e9daction Paris Publi\u00e9 le 29 juil. 2025 \u00e0 17h11 Alors qu\u2019une conf\u00e9rence pour trouver \u00ab\u00a0une solution \u00e0&hellip;\n","protected":false},"author":2,"featured_media":173577,"comment_status":"","ping_status":"","sticky":false,"template":"","format":"standard","meta":{"footnotes":""},"categories":[1888],"tags":[1111,1928,11,1927,1777,674,1011,27,665,5643,1023,12,1926,626,1925,25,104],"class_list":{"0":"post-283016","1":"post","2":"type-post","3":"status-publish","4":"format-standard","5":"has-post-thumbnail","7":"category-paris","8":"tag-actu","9":"tag-actu-paris","10":"tag-actualites","11":"tag-actualites-paris","12":"tag-eu","13":"tag-europe","14":"tag-fr","15":"tag-france","16":"tag-gaza","17":"tag-guerre-israel-hamas","18":"tag-la-france-insoumise-lfi","19":"tag-news","20":"tag-news-paris","21":"tag-paris","22":"tag-paris-news","23":"tag-republique-francaise","24":"tag-societe"},"share_on_mastodon":{"url":"https:\/\/pubeurope.com\/@fr\/114939148598934905","error":""},"_links":{"self":[{"href":"https:\/\/www.europesays.com\/fr\/wp-json\/wp\/v2\/posts\/283016","targetHints":{"allow":["GET"]}}],"collection":[{"href":"https:\/\/www.europesays.com\/fr\/wp-json\/wp\/v2\/posts"}],"about":[{"href":"https:\/\/www.europesays.com\/fr\/wp-json\/wp\/v2\/types\/post"}],"author":[{"embeddable":true,"href":"https:\/\/www.europesays.com\/fr\/wp-json\/wp\/v2\/users\/2"}],"replies":[{"embeddable":true,"href":"https:\/\/www.europesays.com\/fr\/wp-json\/wp\/v2\/comments?post=283016"}],"version-history":[{"count":0,"href":"https:\/\/www.europesays.com\/fr\/wp-json\/wp\/v2\/posts\/283016\/revisions"}],"wp:featuredmedia":[{"embeddable":true,"href":"https:\/\/www.europesays.com\/fr\/wp-json\/wp\/v2\/media\/173577"}],"wp:attachment":[{"href":"https:\/\/www.europesays.com\/fr\/wp-json\/wp\/v2\/media?parent=283016"}],"wp:term":[{"taxonomy":"category","embeddable":true,"href":"https:\/\/www.europesays.com\/fr\/wp-json\/wp\/v2\/categories?post=283016"},{"taxonomy":"post_tag","embeddable":true,"href":"https:\/\/www.europesays.com\/fr\/wp-json\/wp\/v2\/tags?post=283016"}],"curies":[{"name":"wp","href":"https:\/\/api.w.org\/{rel}","templated":true}]}}