{"id":283021,"date":"2025-07-29T23:38:10","date_gmt":"2025-07-29T23:38:10","guid":{"rendered":"https:\/\/www.europesays.com\/fr\/283021\/"},"modified":"2025-07-29T23:38:10","modified_gmt":"2025-07-29T23:38:10","slug":"manifestation-a-paris-pour-exiger-la-liberation-de-lequipage-du-handala","status":"publish","type":"post","link":"https:\/\/www.europesays.com\/fr\/283021\/","title":{"rendered":"Manifestation \u00e0 Paris pour exiger la lib\u00e9ration de l\u2019\u00e9quipage du Handala"},"content":{"rendered":"<p>Mardi soir \u00e0 Paris, plus de 300 personnes se sont rassembl\u00e9es pour r\u00e9clamer la lib\u00e9ration de huit militants toujours d\u00e9tenus en <a href=\"https:\/\/www.20minutes.fr\/monde\/israel\/\" target=\"_blank\" class=\"color-ultramarine c-link\" rel=\"noopener\">Isra\u00ebl<\/a> apr\u00e8s l\u2019interception du navire humanitaire <a href=\"https:\/\/www.20minutes.fr\/monde\/israel\/4165475-20250727-gaza-equipage-deuxieme-bateau-flottille-liberte-apprehende-israel\" target=\"_blank\" class=\"color-ultramarine c-link\" rel=\"noopener\">Handala<\/a>, issu de la \u00ab\u00a0Flottille de la libert\u00e9\u00a0\u00bb, arraisonn\u00e9 samedi soir par les forces isra\u00e9liennes alors qu\u2019il approchait <a href=\"https:\/\/www.20minutes.fr\/monde\/gaza\/\" target=\"_blank\" class=\"color-ultramarine c-link\" rel=\"noopener\">Gaza<\/a> avec de l\u2019aide \u00e0 bord.<\/p>\n<p>A bord se trouvaient vingt-et-un militants propalestiniens venus de dix pays, dont les d\u00e9put\u00e9es de <a href=\"https:\/\/www.20minutes.fr\/politique\/france-insoumise\/\" target=\"_blank\" class=\"color-ultramarine c-link\" rel=\"noopener\">La France Insoumis<\/a>e Gabrielle Cathala et Emma Fourreau. L\u2019op\u00e9ration d\u2019interception, men\u00e9e par plusieurs embarcations militaires, a \u00e9t\u00e9 d\u00e9crite par <a href=\"https:\/\/www.20minutes.fr\/monde\/4164587-20250721-gaza-passagers-nouvelle-flottille-paix\" target=\"_blank\" class=\"color-ultramarine c-link\" rel=\"noopener\">Gabrielle Cathala<\/a> comme \u00ab\u00a0un film hollywoodien\u00a0\u00bb, avec \u00ab\u00a0une vingtaine d\u2019hommes sur\u00e9quip\u00e9s, arm\u00e9s de gros fusils d\u2019assaut et de s\u00e9cateurs\u00a0\u00bb.<\/p>\n<\/p>\n<p>Huit militants toujours incarc\u00e9r\u00e9s en Isra\u00ebl<\/p>\n<p>Huit militants restent aujourd\u2019hui incarc\u00e9r\u00e9s en Isra\u00ebl, tandis que les autres, dont la <a href=\"https:\/\/www.20minutes.fr\/dossier\/depute\" target=\"_blank\" class=\"color-ultramarine c-link\" rel=\"noopener\">d\u00e9put\u00e9e<\/a>, ont accept\u00e9 l\u2019expulsion. Emma Fourreau devait regagner la France mardi soir. Sur le parvis parisien, Gabrielle Cathala a d\u00e9nonc\u00e9 l\u2019inaction des autorit\u00e9s fran\u00e7aises\u00a0: \u00ab\u00a0Le gouvernement fran\u00e7ais n\u2019est \u00e9videmment pas \u00e0 la hauteur\u00a0\u00bb, a-t-elle fustig\u00e9, appelant \u00e0 \u00ab\u00a0de r\u00e9elles sanctions financi\u00e8res, \u00e9conomiques et diplomatiques \u00e0 l\u2019encontre de dirigeants isra\u00e9liens\u00a0\u00bb.<\/p>\n<p><a href=\"https:\/\/www.20minutes.fr\/monde\/gaza\/\" target=\"_blank\" class=\"c-link c-btn c-btn--primary\" rel=\"noopener\">Notre dossier sur Gaza<\/a><\/p>\n<p>L\u2019<a href=\"https:\/\/www.20minutes.fr\/dossier\/ong\" target=\"_blank\" class=\"color-ultramarine c-link\" rel=\"noopener\">ONG<\/a> Adalah, qui fournit une assistance juridique, rapporte des t\u00e9moignages de \u00ab\u00a0violences physiques\u00a0\u00bb, notamment celui de l\u2019Am\u00e9ricain Christian Smalls, ainsi que des \u00ab\u00a0mauvaises conditions\u00a0\u00bb de d\u00e9tention. L\u2019organisation souligne que \u00ab\u00a0la d\u00e9tention prolong\u00e9e de <a href=\"https:\/\/www.20minutes.fr\/monde\/civils\/\" target=\"_blank\" class=\"color-ultramarine c-link\" rel=\"noopener\">civils<\/a>, emmen\u00e9s de force en Isra\u00ebl depuis les eaux internationales alors qu\u2019ils tentaient de briser le blocus de Gaza et de livrer de l\u2019aide humanitaire, constitue une violation flagrante du droit international\u00a0\u00bb.<\/p>\n","protected":false},"excerpt":{"rendered":"Mardi soir \u00e0 Paris, plus de 300 personnes se sont rassembl\u00e9es pour r\u00e9clamer la lib\u00e9ration de huit militants&hellip;\n","protected":false},"author":2,"featured_media":283022,"comment_status":"","ping_status":"","sticky":false,"template":"","format":"standard","meta":{"footnotes":""},"categories":[1888],"tags":[47,11,5160,422,1777,674,1011,27,665,664,1023,1272,74,12,626,25],"class_list":{"0":"post-283021","1":"post","2":"type-post","3":"status-publish","4":"format-standard","5":"has-post-thumbnail","7":"category-paris","8":"tag-actualite","9":"tag-actualites","10":"tag-bateau","11":"tag-depute","12":"tag-eu","13":"tag-europe","14":"tag-fr","15":"tag-france","16":"tag-gaza","17":"tag-israel","18":"tag-la-france-insoumise-lfi","19":"tag-manifestations","20":"tag-monde","21":"tag-news","22":"tag-paris","23":"tag-republique-francaise"},"share_on_mastodon":{"url":"https:\/\/pubeurope.com\/@fr\/114939160385817953","error":""},"_links":{"self":[{"href":"https:\/\/www.europesays.com\/fr\/wp-json\/wp\/v2\/posts\/283021","targetHints":{"allow":["GET"]}}],"collection":[{"href":"https:\/\/www.europesays.com\/fr\/wp-json\/wp\/v2\/posts"}],"about":[{"href":"https:\/\/www.europesays.com\/fr\/wp-json\/wp\/v2\/types\/post"}],"author":[{"embeddable":true,"href":"https:\/\/www.europesays.com\/fr\/wp-json\/wp\/v2\/users\/2"}],"replies":[{"embeddable":true,"href":"https:\/\/www.europesays.com\/fr\/wp-json\/wp\/v2\/comments?post=283021"}],"version-history":[{"count":0,"href":"https:\/\/www.europesays.com\/fr\/wp-json\/wp\/v2\/posts\/283021\/revisions"}],"wp:featuredmedia":[{"embeddable":true,"href":"https:\/\/www.europesays.com\/fr\/wp-json\/wp\/v2\/media\/283022"}],"wp:attachment":[{"href":"https:\/\/www.europesays.com\/fr\/wp-json\/wp\/v2\/media?parent=283021"}],"wp:term":[{"taxonomy":"category","embeddable":true,"href":"https:\/\/www.europesays.com\/fr\/wp-json\/wp\/v2\/categories?post=283021"},{"taxonomy":"post_tag","embeddable":true,"href":"https:\/\/www.europesays.com\/fr\/wp-json\/wp\/v2\/tags?post=283021"}],"curies":[{"name":"wp","href":"https:\/\/api.w.org\/{rel}","templated":true}]}}