{"id":283023,"date":"2025-07-29T23:39:13","date_gmt":"2025-07-29T23:39:13","guid":{"rendered":"https:\/\/www.europesays.com\/fr\/283023\/"},"modified":"2025-07-29T23:39:13","modified_gmt":"2025-07-29T23:39:13","slug":"au-moins-trois-soldats-tues-et-18-blesses-par-une-frappe-russe-contre-un-camp-dentrainement-lexpress","status":"publish","type":"post","link":"https:\/\/www.europesays.com\/fr\/283023\/","title":{"rendered":"au moins trois soldats tu\u00e9s et 18 bless\u00e9s par une frappe russe contre un camp d&rsquo;entra\u00eenement \u2013 L&rsquo;Express"},"content":{"rendered":"<p class=\"paragraph article-body-paragraph article__item   article-body-paragraph--first \">Ces attaques interviennent alors que le pr\u00e9sident am\u00e9ricain Donald Trump a donn\u00e9 dix jours \u00e0 compter de mardi \u00e0 son homologue russe Vladimir Poutine pour mettre un terme au conflit, sous peine de sanctions des Etats-Unis.<\/p>\n<p class=\"paragraph article-body-paragraph article__item   \">L&rsquo;ennemi a lanc\u00e9 une frappe de missile sur le territoire d&rsquo;une des unit\u00e9s \u00e0 l&rsquo;entra\u00eenement des forces terrestres, a indiqu\u00e9 l&rsquo;arm\u00e9e de terre d&rsquo;Ukraine sur Facebook. Trois militaires sont morts et 18 sont bless\u00e9s, a-t-elle ajout\u00e9, sans pr\u00e9ciser o\u00f9 l&rsquo;attaque s&rsquo;est produite.<\/p>\n<p class=\"paragraph article-body-paragraph article__item   \">Sur la journ\u00e9e de mardi, la Russie a tir\u00e9 six missiles et men\u00e9 1.229 frappes avec des drones suicide, a d\u00e9taill\u00e9 l&rsquo;arm\u00e9e.<\/p>\n<p class=\"paragraph article-body-paragraph article__item   \">Au cours de la nuit pr\u00e9c\u00e9dente, au moins 25 civils dont une femme enceinte et une quizaine de personnes d\u00e9tenues dans une colonie p\u00e9nitentiaire de la r\u00e9gion de Zaporijjia (sud), ont perdu la vie dans des bombardements russes, selon les autorit\u00e9s. Celles-ci ont fait \u00e9tat de plus de 70 bless\u00e9s.<\/p>\n<p class=\"paragraph article-body-paragraph article__item   \">Le pr\u00e9sident ukrainien, Volodymyr Zelensky, a d\u00e9nonc\u00e9 l&rsquo;attaque contre la prison, la qualifiant de frappe d\u00e9lib\u00e9r\u00e9e, intentionnelle, assurant que les Russes ne pouvaient ignorer qu&rsquo;ils y visaient des civils. Seize personnes ont p\u00e9ri et 43 ont \u00e9t\u00e9 bless\u00e9es dans cet assaut, d&rsquo;apr\u00e8s l&rsquo;administration r\u00e9gionale.<\/p>\n<p class=\"paragraph article-body-paragraph article__item   \">Le Kremlin a d\u00e9menti s&rsquo;en prendre \u00e0 des cibles civiles par la voix de son porte-parole Dmitri Peskov, affirmant que l&rsquo;arm\u00e9e russe n&rsquo;effectuait des bombardements que sur des infrastructures militaires ou li\u00e9es \u00e0 l&rsquo;arm\u00e9e.<\/p>\n<p> Aucun progr\u00e8s <\/p>\n<p class=\"paragraph article-body-paragraph article__item   \">L&rsquo;arm\u00e9e de l&rsquo;air ukrainienne a expliqu\u00e9 avoir fait face dans la nuit de lundi \u00e0 mardi \u00e0 deux missiles et 37 drones ou leurres, dont 32 ont \u00e9t\u00e9 abattus. Ce nombre est plus bas que d&rsquo;habitude alors que la Russie a intensifi\u00e9 ses frappes ces derniers mois, \u00e9tant capable de tirer plus de 500 engins par nuit.<\/p>\n<p><img decoding=\"async\" src=\"https:\/\/www.europesays.com\/fr\/wp-content\/uploads\/2025\/07\/RSIAKYDPGFAJ3C4HXYJSC544QY.jpg\" class=\"image-with-legend__cover-img\" alt=\"Un b\u00e2timent d\u00e9truit de la colonie p\u00e9nitentiaire de la r\u00e9gion de Zaporijjia en Ukraine, apr\u00e8s des frappes russes, le 29 juillet 2025\" width=\"883\" height=\"0\" loading=\"lazy\"\/><\/p>\n<p class=\"image-with-legend__legend\">Un b\u00e2timent d\u00e9truit de la colonie p\u00e9nitentiaire de la r\u00e9gion de Zaporijjia en Ukraine, apr\u00e8s des frappes russes, le 29 juillet 2025<\/p>\n<p class=\"image-with-legend__credits\"> \u00a9  \/ afp.com\/Olexandr PAVLOV<\/p>\n<p class=\"paragraph article-body-paragraph article__item   \">Volodymyr Zelensky a accus\u00e9 les militaires russes d&rsquo;avoir tir\u00e9 sur un h\u00f4pital de la ville de Kamianske, dans la r\u00e9gion de Dnipropetrovsk (centre), y provoquant la mort de trois personnes dont une femme enceinte de 23 ans, et en blessant 22.<\/p>\n<p class=\"paragraph article-body-paragraph article__item   \">D&rsquo;autres attaques russes ont fait six morts dans la r\u00e9gion de Kharkiv (nord-est), ont fait savoir les autorit\u00e9s. La ville de Kharviv \u00e9tait \u00e0 nouveau vis\u00e9e mercredi \u00e0 l&rsquo;aube par une attaque de drones, selon le maire Igor Terekhov.<\/p>\n<p class=\"paragraph article-body-paragraph article__item   \">Poutine rejette un cessez-le-feu, \u00e9vite une r\u00e9union des dirigeants et prolonge la guerre, s&rsquo;est agac\u00e9 mardi le ministre ukrainien des Affaires \u00e9trang\u00e8res Andri\u00ef Sybiga, appelant \u00e0 priver la Russie de son budget de guerre.<\/p>\n<p class=\"paragraph article-body-paragraph article__item   \">De son c\u00f4t\u00e9, Donald Trump a accentu\u00e9 la pression en pr\u00e9cisant son ultimatum lanc\u00e9 \u00e0 Vladimir Poutine: ce dernier dispose de dix jours &#8212; \u00e0 compter de mardi &#8212; pour mettre fin \u00e0 la guerre d\u00e9clench\u00e9e par l&rsquo;invasion russe de l&rsquo;Ukraine en f\u00e9vrier 2022. Sans quoi les Etats-Unis infligeront des sanctions \u00e0 Moscou, des droits de douane et d&rsquo;autres choses.<\/p>\n<p class=\"paragraph article-body-paragraph article__item    article__text__endpicto\">Il n&rsquo;y a aucune raison d&rsquo;attendre. Nous ne voyons aucun progr\u00e8s, avait justifi\u00e9 lundi le pr\u00e9sident am\u00e9ricain, qui avait d&rsquo;abord privil\u00e9gi\u00e9 l&rsquo;option du dialogue mais avec tr\u00e8s peu de r\u00e9sultats.<\/p>\n","protected":false},"excerpt":{"rendered":"Ces attaques interviennent alors que le pr\u00e9sident am\u00e9ricain Donald Trump a donn\u00e9 dix jours \u00e0 compter de mardi&hellip;\n","protected":false},"author":2,"featured_media":283024,"comment_status":"","ping_status":"","sticky":false,"template":"","format":"standard","meta":{"footnotes":""},"categories":[1591],"tags":[11,10944,1887,12,1885,1886,132],"class_list":{"0":"post-283023","1":"post","2":"type-post","3":"status-publish","4":"format-standard","5":"has-post-thumbnail","7":"category-russie","8":"tag-actualites","9":"tag-archives","10":"tag-federation-de-russie","11":"tag-news","12":"tag-russia","13":"tag-russian-federation","14":"tag-russie"},"share_on_mastodon":{"url":"https:\/\/pubeurope.com\/@fr\/114939164445580117","error":""},"_links":{"self":[{"href":"https:\/\/www.europesays.com\/fr\/wp-json\/wp\/v2\/posts\/283023","targetHints":{"allow":["GET"]}}],"collection":[{"href":"https:\/\/www.europesays.com\/fr\/wp-json\/wp\/v2\/posts"}],"about":[{"href":"https:\/\/www.europesays.com\/fr\/wp-json\/wp\/v2\/types\/post"}],"author":[{"embeddable":true,"href":"https:\/\/www.europesays.com\/fr\/wp-json\/wp\/v2\/users\/2"}],"replies":[{"embeddable":true,"href":"https:\/\/www.europesays.com\/fr\/wp-json\/wp\/v2\/comments?post=283023"}],"version-history":[{"count":0,"href":"https:\/\/www.europesays.com\/fr\/wp-json\/wp\/v2\/posts\/283023\/revisions"}],"wp:featuredmedia":[{"embeddable":true,"href":"https:\/\/www.europesays.com\/fr\/wp-json\/wp\/v2\/media\/283024"}],"wp:attachment":[{"href":"https:\/\/www.europesays.com\/fr\/wp-json\/wp\/v2\/media?parent=283023"}],"wp:term":[{"taxonomy":"category","embeddable":true,"href":"https:\/\/www.europesays.com\/fr\/wp-json\/wp\/v2\/categories?post=283023"},{"taxonomy":"post_tag","embeddable":true,"href":"https:\/\/www.europesays.com\/fr\/wp-json\/wp\/v2\/tags?post=283023"}],"curies":[{"name":"wp","href":"https:\/\/api.w.org\/{rel}","templated":true}]}}