{"id":283025,"date":"2025-07-29T23:40:13","date_gmt":"2025-07-29T23:40:13","guid":{"rendered":"https:\/\/www.europesays.com\/fr\/283025\/"},"modified":"2025-07-29T23:40:13","modified_gmt":"2025-07-29T23:40:13","slug":"au-moins-trois-soldats-tues-et-18-blesses-par-une-frappe-russe-contre-un-camp-dentrainement","status":"publish","type":"post","link":"https:\/\/www.europesays.com\/fr\/283025\/","title":{"rendered":"au moins trois soldats tu\u00e9s et 18 bless\u00e9s par une frappe russe contre un camp d&rsquo;entra\u00eenement"},"content":{"rendered":"<p>Ces attaques interviennent alors que le pr\u00e9sident am\u00e9ricain Donald Trump a donn\u00e9 dix jours \u00e0 compter de mardi \u00e0 son homologue russe Vladimir Poutine pour mettre un terme au conflit, sous peine de sanctions des Etats-Unis.<\/p>\n<p>\u00ab\u00a0L&rsquo;ennemi a lanc\u00e9 une frappe de missile sur le territoire d&rsquo;une des unit\u00e9s \u00e0 l&rsquo;entra\u00eenement des forces terrestres\u00a0\u00bb, a indiqu\u00e9 l&rsquo;arm\u00e9e de terre d&rsquo;Ukraine sur Facebook. \u00ab\u00a0Trois militaires sont morts et 18 sont bless\u00e9s\u00a0\u00bb, a-t-elle ajout\u00e9, sans pr\u00e9ciser o\u00f9 l&rsquo;attaque s&rsquo;est produite.<\/p>\n<p>Sur la journ\u00e9e de mardi, la Russie a tir\u00e9 \u00ab\u00a0six missiles\u00a0\u00bb et men\u00e9 \u00ab\u00a01.229 frappes\u00a0\u00bb avec des drones suicide, a d\u00e9taill\u00e9 l&rsquo;arm\u00e9e.<\/p>\n<p>Au cours de la nuit pr\u00e9c\u00e9dente, au moins 25 civils dont une femme enceinte et une quizaine de personnes d\u00e9tenues dans une colonie p\u00e9nitentiaire de la r\u00e9gion de Zaporijjia (sud), ont perdu la vie dans des bombardements russes, selon les autorit\u00e9s. Celles-ci ont fait \u00e9tat de plus de 70 bless\u00e9s.<\/p>\n<p>Le pr\u00e9sident ukrainien, Volodymyr Zelensky, a d\u00e9nonc\u00e9 l&rsquo;attaque contre la prison, la qualifiant de \u00ab\u00a0frappe d\u00e9lib\u00e9r\u00e9e, intentionnelle\u00a0\u00bb, assurant que \u00ab\u00a0les Russes ne pouvaient ignorer qu&rsquo;ils y visaient des civils\u00a0\u00bb. Seize personnes ont p\u00e9ri et 43 ont \u00e9t\u00e9 bless\u00e9es dans cet assaut, d&rsquo;apr\u00e8s l&rsquo;administration r\u00e9gionale.<\/p>\n<p>Le Kremlin a d\u00e9menti s&rsquo;en prendre \u00e0 \u00ab\u00a0des cibles civiles\u00a0\u00bb par la voix de son porte-parole Dmitri Peskov, affirmant que l&rsquo;arm\u00e9e russe n&rsquo;effectuait des bombardements que \u00ab\u00a0sur des infrastructures militaires ou li\u00e9es \u00e0 l&rsquo;arm\u00e9e\u00a0\u00bb.<\/p>\n<p>L&rsquo;arm\u00e9e de l&rsquo;air ukrainienne a expliqu\u00e9 avoir fait face dans la nuit de lundi \u00e0 mardi \u00e0 deux missiles et 37 drones ou leurres, dont 32 ont \u00e9t\u00e9 abattus. Ce nombre est plus bas que d&rsquo;habitude alors que la Russie a intensifi\u00e9 ses frappes ces derniers mois, \u00e9tant capable de tirer plus de 500 engins par nuit.<\/p>\n<p><img alt=\"Un b\u00e2timent d\u00e9truit de la colonie p\u00e9nitentiaire de la r\u00e9gion de Zaporijjia en Ukraine, apr\u00e8s des frappes russes, le 29 juillet 2025\" loading=\"lazy\" decoding=\"async\" data-nimg=\"fill\" class=\" TwicCore_img__i9TC1 undefined  undefined\" style=\"position:absolute;height:100%;width:100%;left:0;top:0;right:0;bottom:0;color:transparent;background-size:cover;background-position:50% 50%;background-repeat:no-repeat;background-image:url(&quot;data:image\/svg+xml;charset=utf-8,%3Csvg xmlns='http:\/\/www.w3.org\/2000\/svg' %3E%3Cfilter id='b' color-interpolation-filters='sRGB'%3E%3CfeGaussianBlur stdDeviation='20'\/%3E%3CfeColorMatrix values='1 0 0 0 0 0 1 0 0 0 0 0 1 0 0 0 0 0 100 -1' result='s'\/%3E%3CfeFlood x='0' y='0' width='100%25' height='100%25'\/%3E%3CfeComposite operator='out' in='s'\/%3E%3CfeComposite in2='SourceGraphic'\/%3E%3CfeGaussianBlur stdDeviation='20'\/%3E%3C\/filter%3E%3Cimage width='100%25' height='100%25' x='0' y='0' preserveAspectRatio='none' style='filter: url(%23b);' href='https:\/\/pictures.laprovence.com\/cdn-cgi\/image\/blur=250\/media\/afp\/35fa096d90097675524b04ae95558736b62e269d.jpg'\/%3E%3C\/svg%3E&quot;)\"   src=\"https:\/\/www.europesays.com\/fr\/wp-content\/uploads\/2025\/07\/35fa096d90097675524b04ae95558736b62e269d.jpg\"\/>Un b\u00e2timent d\u00e9truit de la colonie p\u00e9nitentiaire de la r\u00e9gion de Zaporijjia en Ukraine, apr\u00e8s des frappes russes, le 29 juillet 2025 PHOTO AFP \/ Olexandr PAVLOV<\/p>\n<p>Volodymyr Zelensky a accus\u00e9 les militaires russes d&rsquo;avoir tir\u00e9 sur un h\u00f4pital de la ville de Kamianske, dans la r\u00e9gion de Dnipropetrovsk (centre), y provoquant la mort de trois personnes dont une femme enceinte de 23 ans, et en blessant 22.<\/p>\n<p>D&rsquo;autres attaques russes ont fait six morts dans la r\u00e9gion de Kharkiv (nord-est), ont fait savoir les autorit\u00e9s. La ville de Kharviv \u00e9tait \u00e0 nouveau vis\u00e9e mercredi \u00e0 l&rsquo;aube par une attaque de drones, selon le maire Igor Terekhov.<\/p>\n<p>\u00ab\u00a0Poutine rejette un cessez-le-feu, \u00e9vite une r\u00e9union des dirigeants et prolonge la guerre\u00a0\u00bb, s&rsquo;est agac\u00e9 mardi le ministre ukrainien des Affaires \u00e9trang\u00e8res Andri\u00ef Sybiga, appelant \u00e0 priver la Russie de son \u00ab\u00a0budget de guerre\u00a0\u00bb.<\/p>\n<p>De son c\u00f4t\u00e9, Donald Trump a accentu\u00e9 la pression en pr\u00e9cisant son ultimatum lanc\u00e9 \u00e0 Vladimir Poutine: ce dernier dispose de dix jours &#8212; \u00e0 compter de mardi &#8212; pour mettre fin \u00e0 la guerre d\u00e9clench\u00e9e par l&rsquo;invasion russe de l&rsquo;Ukraine en f\u00e9vrier 2022. Sans quoi les Etats-Unis infligeront des sanctions \u00e0 Moscou, des \u00ab\u00a0droits de douane et d&rsquo;autres choses\u00a0\u00bb.<\/p>\n<p>\u00ab\u00a0Il n&rsquo;y a aucune raison d&rsquo;attendre. Nous ne voyons aucun progr\u00e8s\u00a0\u00bb, avait justifi\u00e9 lundi le pr\u00e9sident am\u00e9ricain, qui avait d&rsquo;abord privil\u00e9gi\u00e9 l&rsquo;option du dialogue mais avec tr\u00e8s peu de r\u00e9sultats.<\/p>\n","protected":false},"excerpt":{"rendered":"Ces attaques interviennent alors que le pr\u00e9sident am\u00e9ricain Donald Trump a donn\u00e9 dix jours \u00e0 compter de mardi&hellip;\n","protected":false},"author":2,"featured_media":283026,"comment_status":"","ping_status":"","sticky":false,"template":"","format":"standard","meta":{"footnotes":""},"categories":[1590],"tags":[17,11,4901,1777,674,329,379,12,5912,11232,1100,10470,220],"class_list":{"0":"post-283025","1":"post","2":"type-post","3":"status-publish","4":"format-standard","5":"has-post-thumbnail","7":"category-ukraine","8":"tag-17","9":"tag-actualites","10":"tag-blesses","11":"tag-eu","12":"tag-europe","13":"tag-france-monde","14":"tag-moins","15":"tag-news","16":"tag-par","17":"tag-soldats","18":"tag-trois","19":"tag-tues","20":"tag-ukraine"},"share_on_mastodon":{"url":"https:\/\/pubeurope.com\/@fr\/114939168468943146","error":""},"_links":{"self":[{"href":"https:\/\/www.europesays.com\/fr\/wp-json\/wp\/v2\/posts\/283025","targetHints":{"allow":["GET"]}}],"collection":[{"href":"https:\/\/www.europesays.com\/fr\/wp-json\/wp\/v2\/posts"}],"about":[{"href":"https:\/\/www.europesays.com\/fr\/wp-json\/wp\/v2\/types\/post"}],"author":[{"embeddable":true,"href":"https:\/\/www.europesays.com\/fr\/wp-json\/wp\/v2\/users\/2"}],"replies":[{"embeddable":true,"href":"https:\/\/www.europesays.com\/fr\/wp-json\/wp\/v2\/comments?post=283025"}],"version-history":[{"count":0,"href":"https:\/\/www.europesays.com\/fr\/wp-json\/wp\/v2\/posts\/283025\/revisions"}],"wp:featuredmedia":[{"embeddable":true,"href":"https:\/\/www.europesays.com\/fr\/wp-json\/wp\/v2\/media\/283026"}],"wp:attachment":[{"href":"https:\/\/www.europesays.com\/fr\/wp-json\/wp\/v2\/media?parent=283025"}],"wp:term":[{"taxonomy":"category","embeddable":true,"href":"https:\/\/www.europesays.com\/fr\/wp-json\/wp\/v2\/categories?post=283025"},{"taxonomy":"post_tag","embeddable":true,"href":"https:\/\/www.europesays.com\/fr\/wp-json\/wp\/v2\/tags?post=283025"}],"curies":[{"name":"wp","href":"https:\/\/api.w.org\/{rel}","templated":true}]}}