{"id":283027,"date":"2025-07-29T23:41:17","date_gmt":"2025-07-29T23:41:17","guid":{"rendered":"https:\/\/www.europesays.com\/fr\/283027\/"},"modified":"2025-07-29T23:41:17","modified_gmt":"2025-07-29T23:41:17","slug":"lepa-de-trump-cible-la-base-de-toutes-les-regles-americaines-en-matiere-de-gaz-a-effet-de-serre-29-07-2025-a-2303","status":"publish","type":"post","link":"https:\/\/www.europesays.com\/fr\/283027\/","title":{"rendered":"L&rsquo;EPA de Trump cible la base de toutes les r\u00e8gles am\u00e9ricaines en mati\u00e8re de gaz \u00e0 effet de serre &#8211; 29\/07\/2025 \u00e0 23:03"},"content":{"rendered":"<p>\n ((Traduction automatis\u00e9e par Reuters \u00e0 l&rsquo;aide de l&rsquo;apprentissage<br \/>\nautomatique et de l&rsquo;IA g\u00e9n\u00e9rative, veuillez vous r\u00e9f\u00e9rer \u00e0<br \/>\nl&rsquo;avertissement suivant: https:\/\/bit.ly\/rtrsauto))\n<\/p>\n<p>\n *\n<\/p>\n<p>\n L&rsquo;abrogation mettra fin aux limites impos\u00e9es aux \u00e9missions<br \/>\ndes<br \/>\nv\u00e9hicules et des centrales \u00e9lectriques, et entravera les efforts<br \/>\nfuturs des \u00c9tats-Unis en mati\u00e8re de climat\n<\/p>\n<p>\n *\n<\/p>\n<p>\n L&rsquo;action de l&rsquo;EPA marque le plus grand mouvement de<br \/>\nd\u00e9r\u00e9glementation de l&rsquo;histoire des \u00c9tats-Unis\n<\/p>\n<p>\n *\n<\/p>\n<p>\n La proposition pourrait permettre d&rsquo;\u00e9conomiser 54<br \/>\nmilliards de<br \/>\ndollars par an en abrogeant les normes &#8211; Zeldin\n<\/p>\n<p>\n *\n<\/p>\n<p>\n Les groupes de d\u00e9fense de l&rsquo;environnement pr\u00e9voient des<br \/>\nrecours<br \/>\njuridiques contre la proposition\n<\/p>\n<p>\n *\n<\/p>\n<p>\n Les conclusions ont \u00e9t\u00e9 confirm\u00e9es lors de plusieurs<br \/>\nrecours en<br \/>\njustice depuis 2009\n<\/p>\n<p>\n *\n<\/p>\n<p>\n D\u00e9cision de l&rsquo;EPA sous Obama\n<\/p>\n<p>\n (Ajout d&rsquo;un commentaire de Zeldin et du contexte dans les<br \/>\nparagraphes 4 \u00e0 6)<br \/>\npar Valerie Volcovici\n<\/p>\n<p>\n L&rsquo;administration Trump a<br \/>\nd\u00e9clar\u00e9 mardi qu&rsquo;elle abrogerait le constat de longue date selon<br \/>\nlequel les \u00e9missions de gaz \u00e0 effet de serre mettent en danger<br \/>\nla sant\u00e9 humaine, supprimant ainsi le fondement juridique de<br \/>\ntoutes les r\u00e9glementations am\u00e9ricaines en mati\u00e8re de gaz \u00e0 effet<br \/>\nde serre.\n<\/p>\n<p>\n Si elle est finalis\u00e9e, l&rsquo;abrogation mettra fin aux limites<br \/>\nactuelles de la pollution par les gaz \u00e0 effet de serre provenant<br \/>\ndes pots d&rsquo;\u00e9chappement des v\u00e9hicules, des chemin\u00e9es des<br \/>\ncentrales \u00e9lectriques ( ) et d&rsquo;autres sources, et entravera les<br \/>\nefforts futurs des \u00c9tats-Unis pour lutter contre le<br \/>\nr\u00e9chauffement de la plan\u00e8te.\n<\/p>\n<p>\n L&rsquo;administrateur de l&rsquo;Agence de protection de<br \/>\nl&rsquo;environnement, Lee Zeldin, a annonc\u00e9 le projet de l&rsquo;agence<br \/>\nd&rsquo;abroger le \u00ab\u00a0constat de mise en danger\u00a0\u00bb lors d&rsquo;un \u00e9v\u00e9nement<br \/>\norganis\u00e9 chez un concessionnaire automobile de l&rsquo;Indiana, aux<br \/>\nc\u00f4t\u00e9s du secr\u00e9taire \u00e0 l&rsquo;\u00c9nergie, Chris Wright, et l&rsquo;a qualifi\u00e9<br \/>\nd&rsquo;action de d\u00e9r\u00e9glementation la plus importante de l&rsquo;histoire<br \/>\ndes \u00c9tats-Unis.\n<\/p>\n<p>\n Il a affirm\u00e9 que cette d\u00e9cision refl\u00e9tait la volont\u00e9 des<br \/>\n\u00e9lecteurs am\u00e9ricains de voir l&rsquo;autorit\u00e9 de r\u00e9gulation prot\u00e9ger<br \/>\nl&rsquo;\u00e9conomie.\n<\/p>\n<p>\n \u00ab\u00a0Nous, \u00e0 l&rsquo;EPA de Trump, sous la direction du pr\u00e9sident<br \/>\nTrump, choisissons \u00e0 la fois de prot\u00e9ger l&rsquo;environnement et de<br \/>\nfaire cro\u00eetre l&rsquo;\u00e9conomie\u00a0\u00bb, a-t-il d\u00e9clar\u00e9.\n<\/p>\n<p>\n Le pr\u00e9sident r\u00e9publicain Donald Trump a jet\u00e9 le doute sur le<br \/>\nchangement climatique, alors m\u00eame qu&rsquo;un consensus de<br \/>\nscientifiques avertit que l&rsquo;augmentation de la temp\u00e9rature<br \/>\nmondiale due \u00e0 l&rsquo;activit\u00e9 humaine d\u00e9clenche des temp\u00eates<br \/>\nd\u00e9vastatrices, des incendies de for\u00eat et des inondations plus<br \/>\nfr\u00e9quents.\n<\/p>\n<p>\n La proposition, qui doit faire l&rsquo;objet d&rsquo;une p\u00e9riode de<br \/>\nconsultation publique, permettrait de r\u00e9duire les co\u00fbts de 54<br \/>\nmilliards de dollars par an gr\u00e2ce \u00e0 l&rsquo;abrogation de toutes les<br \/>\nnormes relatives aux gaz \u00e0 effet de serre, y compris la norme<br \/>\nrelative aux gaz d&rsquo;\u00e9chappement des v\u00e9hicules, a-t-il d\u00e9clar\u00e9.\n<\/p>\n<p>\n Les groupes de d\u00e9fense de l&rsquo;environnement ont fustig\u00e9 cette<br \/>\nd\u00e9cision, estimant qu&rsquo;elle marquait la fin de l&rsquo;action des<br \/>\n\u00c9tats-Unis contre le changement climatique, alors m\u00eame que les<br \/>\neffets de ce dernier se font de plus en plus sentir.\n<\/p>\n<p>\n \u00ab\u00a0Avec l&rsquo;annonce d&rsquo;aujourd&rsquo;hui, l&rsquo;EPA nous dit sans ambigu\u00eft\u00e9<br \/>\nque les efforts des \u00c9tats-Unis pour lutter contre le changement<br \/>\nclimatique sont termin\u00e9s. Pour les industries qui contribuent le<br \/>\nplus au changement climatique, le message est &lsquo;polluez plus&rsquo;.<br \/>\nPour tous ceux qui souffrent des catastrophes climatiques, le<br \/>\nmessage est &lsquo;d\u00e9brouillez-vous tout seuls'\u00a0\u00bb, a d\u00e9clar\u00e9 Abigail<br \/>\nDillen, pr\u00e9sidente d&rsquo;Earthjustice.\n<\/p>\n<p>\n Selon plusieurs groupes de d\u00e9fense de l&rsquo;environnement, des<br \/>\n\u00c9tats et des avocats, cette d\u00e9cision devrait donner lieu \u00e0 des<br \/>\nrecours en justice.\n<\/p>\n<p>\n M. Zeldin a d\u00e9clar\u00e9 qu&rsquo;une d\u00e9cision de la Cour supr\u00eame<br \/>\ndatant de 2024 et r\u00e9duisant le pouvoir des agences f\u00e9d\u00e9rales<br \/>\nd&rsquo;interpr\u00e9ter les lois qu&rsquo;elles administrent, connue sous le nom<br \/>\nde d\u00e9f\u00e9rence Chevron , signifie que l&rsquo;EPA n&rsquo;a pas la<br \/>\ncapacit\u00e9 de r\u00e9glementer les gaz \u00e0 effet de serre.\n<\/p>\n<p>\n \u00ab\u00a0Nous n&rsquo;avons pas le pouvoir de d\u00e9cider en tant qu&rsquo;agence de<br \/>\nlutter contre le changement climatique mondial parce que nous<br \/>\nnous donnons ce pouvoir\u00a0\u00bb, a d\u00e9clar\u00e9 M. Zeldin.\n<\/p>\n<p>\n Il a ajout\u00e9 que si le Congr\u00e8s d\u00e9cidait de modifier la loi<br \/>\nf\u00e9d\u00e9rale sur la qualit\u00e9 de l&rsquo;air afin de stipuler explicitement<br \/>\nque les \u00c9tats-Unis doivent r\u00e9glementer le dioxyde de carbone, le<br \/>\nm\u00e9thane et d&rsquo;autres gaz responsables du r\u00e9chauffement de la<br \/>\nplan\u00e8te, l&rsquo;EPA suivrait son exemple.\n<\/p>\n<p>\n \u00c9BRANLER LES FONDATIONS\n<\/p>\n<p>\n Les origines du constat de mise en danger remontent \u00e0 2009,<br \/>\nlorsque l&rsquo;EPA, sous l&rsquo;autorit\u00e9 de l&rsquo;ancien pr\u00e9sident d\u00e9mocrate<br \/>\nBarack Obama, a publi\u00e9 un constat selon lequel les \u00e9missions des<br \/>\nnouveaux v\u00e9hicules \u00e0 moteur contribuent \u00e0 la pollution et<br \/>\nmettent en danger la sant\u00e9 et le bien-\u00eatre publics.\n<\/p>\n<p>\n Cette \u00e9valuation faisait suite \u00e0 une d\u00e9cision de 2007 de la<br \/>\nCour supr\u00eame des \u00c9tats-Unis dans l&rsquo;affaire historique<br \/>\nMassachusetts v. EPA, qui d\u00e9clarait que l&rsquo;EPA \u00e9tait habilit\u00e9e,<br \/>\nen vertu de la loi sur la qualit\u00e9 de l&rsquo;air, \u00e0 r\u00e9glementer les<br \/>\n\u00e9missions de gaz \u00e0 effet de serre et exigeait de l&rsquo;agence<br \/>\nqu&rsquo;elle \u00e9tablisse une conclusion scientifique sur la question de<br \/>\nsavoir si ces \u00e9missions mettaient en danger la sant\u00e9 publique.\n<\/p>\n<p>\n Cette conclusion a \u00e9t\u00e9 confirm\u00e9e dans le cadre de plusieurs<br \/>\nrecours juridiques et a servi de base aux r\u00e9glementations<br \/>\nult\u00e9rieures sur les gaz \u00e0 effet de serre, qu&rsquo;il s&rsquo;agisse des<br \/>\nnormes sur les gaz d&rsquo;\u00e9chappement des v\u00e9hicules, des normes sur<br \/>\nle dioxyde de carbone pour les a\u00e9ronefs ou des normes sur le<br \/>\nm\u00e9thane pour les op\u00e9rations p\u00e9troli\u00e8res et gazi\u00e8res.\n<\/p>\n<p>\n Zeldin et Wright ont remis en question le consensus<br \/>\nscientifique mondial  sur le changement climatique, selon<br \/>\nlequel le r\u00e9chauffement de la plan\u00e8te et ses effets se sont<br \/>\nproduits plus rapidement que pr\u00e9vu et que les d\u00e9cideurs<br \/>\npolitiques doivent intensifier leurs actions pour r\u00e9duire les<br \/>\n\u00e9missions mondiales de gaz \u00e0 effet de serre.\n<\/p>\n<p>\n Ils contredisent \u00e9galement l&rsquo;avis consultatif publi\u00e9 la<br \/>\nsemaine derni\u00e8re  par la Cour internationale de justice,<br \/>\nqui a d\u00e9clar\u00e9 que l&rsquo;incapacit\u00e9 des gouvernements \u00e0 r\u00e9duire les<br \/>\n\u00e9missions pourrait \u00eatre un acte internationalement illicite, et<br \/>\na estim\u00e9 que les trait\u00e9s tels que l&rsquo;Accord de Paris de 2015 sur<br \/>\nle changement climatique devraient \u00eatre consid\u00e9r\u00e9s comme<br \/>\njuridiquement contraignants.\n<\/p>\n<p>\n L&rsquo;administration a d\u00e9j\u00e0 rejet\u00e9 tous les auteurs  de<br \/>\nl&rsquo;\u00e9valuation nationale du climat des \u00c9tats-Unis, qui d\u00e9taillait<br \/>\nles impacts du changement climatique \u00e0 travers le pays.\n<\/p>\n<p>\n \u00ab\u00a0Maintenant, le public est ouvert \u00e0 un dialogue r\u00e9fl\u00e9chi sur<br \/>\nce qu&rsquo;est le changement climatique. Il s&rsquo;agit d&rsquo;un ph\u00e9nom\u00e8ne<br \/>\nphysique r\u00e9el. Il m\u00e9rite d&rsquo;\u00eatre \u00e9tudi\u00e9. Il m\u00e9rite m\u00eame que l&rsquo;on<br \/>\nprenne des mesures, mais ce que nous avons fait au lieu de cela<br \/>\nn&rsquo;a rien \u00e0 voir avec la science r\u00e9elle du changement climatique<br \/>\nou avec des moyens pragmatiques de progresser\u00a0\u00bb, a d\u00e9clar\u00e9 M.<br \/>\nWright.\n<\/p>\n<p>\n M. Zeldin a d\u00e9clar\u00e9 lors d&rsquo;un podcast plus t\u00f4t dans la<br \/>\njourn\u00e9e de mardi que le constat de mise en danger n&rsquo;a jamais<br \/>\nreconnu \u00ab\u00a0un quelconque avantage ou besoin pour le dioxyde de<br \/>\ncarbone.\u00a0\u00bb\n<\/p>\n<p>\n Les r\u00e9actions de l&rsquo;industrie ont \u00e9t\u00e9 limit\u00e9es mardi,<br \/>\ncertains groupes commerciaux ayant pris la parole et certaines<br \/>\nentreprises \u00e9tant rest\u00e9es silencieuses.\n<\/p>\n<p>\n L&rsquo;American Trucking Associations a salu\u00e9 l&rsquo;annonce,<br \/>\nd\u00e9clarant que les normes d&rsquo;\u00e9missions des v\u00e9hicules de l&rsquo;\u00e8re<br \/>\nBiden \u00ab\u00a0mettaient l&rsquo;industrie du camionnage sur la voie de la<br \/>\nruine \u00e9conomique et auraient paralys\u00e9 notre cha\u00eene<br \/>\nd&rsquo;approvisionnement\u00a0\u00bb, a d\u00e9clar\u00e9 son pr\u00e9sident, Chris Spear.\n<\/p>\n<p>\n Ford<br \/>\n <a href=\"https:\/\/www.boursorama.com\/cours\/F\/\" rel=\"nofollow noopener\" target=\"_blank\"><br \/>\n  F.N<br \/>\n <\/a><br \/>\n a d\u00e9clar\u00e9 dans un communiqu\u00e9 que les normes<br \/>\nd&rsquo;\u00e9mission de gaz d&rsquo;\u00e9chappement cr\u00e9\u00e9es par M. Biden \u00ab\u00a0ne<br \/>\ns&rsquo;alignaient pas sur le march\u00e9\u00a0\u00bb et que l&rsquo;Am\u00e9rique avait besoin<br \/>\n\u00ab\u00a0d&rsquo;une norme unique et stable pour favoriser la planification<br \/>\ndes activit\u00e9s.\u00a0\u00bb\n<\/p>\n<p>\n \u00ab\u00a0La norme devrait s&rsquo;aligner sur la science et le choix des<br \/>\nclients, r\u00e9duire les \u00e9missions de carbone en devenant plus<br \/>\nstricte au fil du temps, et d\u00e9velopper la fabrication<br \/>\nam\u00e9ricaine\u00a0\u00bb, a d\u00e9clar\u00e9 Ford.\n<\/p>\n<p>\n Les autres constructeurs automobiles, Toyota  7203.T , GM\n<\/p>\n<p>\n <a href=\"https:\/\/www.boursorama.com\/cours\/GM\/\" rel=\"nofollow noopener\" target=\"_blank\"><br \/>\n  GM.N<br \/>\n <\/a><br \/>\n , Stellantis<br \/>\n <a href=\"https:\/\/www.boursorama.com\/cours\/1gSTLAM\/\" rel=\"nofollow noopener\" target=\"_blank\"><br \/>\n  STLAM.MI<br \/>\n <\/a><br \/>\n , n&rsquo;ont pas r\u00e9pondu aux demandes de<br \/>\ncommentaires.\n<\/p>\n<p>\n Marty Durbin, pr\u00e9sident du Global Energy Institute de la<br \/>\nChambre de commerce am\u00e9ricaine, a d\u00e9clar\u00e9 qu&rsquo;il se f\u00e9licitait de<br \/>\nl&rsquo;importance accord\u00e9e par l&rsquo;administration \u00e0 l&rsquo;\u00e9nergie<br \/>\nabordable, mais qu&rsquo;il continuait d&rsquo;\u00e9valuer la proposition.\n<\/p>\n<p>\n \u00ab\u00a0Bien que nous n&rsquo;ayons pas demand\u00e9 cette proposition, nous<br \/>\nl&rsquo;examinons et nous consulterons nos membres afin de pouvoir<br \/>\nfournir des commentaires constructifs \u00e0 l&rsquo;agence\u00a0\u00bb, a-t-il<br \/>\nd\u00e9clar\u00e9.<\/p>\n","protected":false},"excerpt":{"rendered":"((Traduction automatis\u00e9e par Reuters \u00e0 l&rsquo;aide de l&rsquo;apprentissage automatique et de l&rsquo;IA g\u00e9n\u00e9rative, veuillez vous r\u00e9f\u00e9rer \u00e0 l&rsquo;avertissement&hellip;\n","protected":false},"author":2,"featured_media":17400,"comment_status":"","ping_status":"","sticky":false,"template":"","format":"standard","meta":{"footnotes":""},"categories":[1589],"tags":[400,11,398,408,405,73,1866,403,402,399,404,12,401,406,1864,1865,1863,308,407],"class_list":{"0":"post-283027","1":"post","2":"type-post","3":"status-publish","4":"format-standard","5":"has-post-thumbnail","7":"category-etats-unis","8":"tag-action-cac-40","9":"tag-actualites","10":"tag-bourse-de-paris","11":"tag-boursorama","12":"tag-cotations","13":"tag-etats-unis","14":"tag-etats-unis-damerique","15":"tag-indices-devises","16":"tag-investir","17":"tag-investissement","18":"tag-marche-boursier","19":"tag-news","20":"tag-sicav","21":"tag-trackers","22":"tag-united-states","23":"tag-united-states-of-america","24":"tag-us","25":"tag-usa","26":"tag-warrants"},"share_on_mastodon":{"url":"https:\/\/pubeurope.com\/@fr\/114939172444248813","error":""},"_links":{"self":[{"href":"https:\/\/www.europesays.com\/fr\/wp-json\/wp\/v2\/posts\/283027","targetHints":{"allow":["GET"]}}],"collection":[{"href":"https:\/\/www.europesays.com\/fr\/wp-json\/wp\/v2\/posts"}],"about":[{"href":"https:\/\/www.europesays.com\/fr\/wp-json\/wp\/v2\/types\/post"}],"author":[{"embeddable":true,"href":"https:\/\/www.europesays.com\/fr\/wp-json\/wp\/v2\/users\/2"}],"replies":[{"embeddable":true,"href":"https:\/\/www.europesays.com\/fr\/wp-json\/wp\/v2\/comments?post=283027"}],"version-history":[{"count":0,"href":"https:\/\/www.europesays.com\/fr\/wp-json\/wp\/v2\/posts\/283027\/revisions"}],"wp:featuredmedia":[{"embeddable":true,"href":"https:\/\/www.europesays.com\/fr\/wp-json\/wp\/v2\/media\/17400"}],"wp:attachment":[{"href":"https:\/\/www.europesays.com\/fr\/wp-json\/wp\/v2\/media?parent=283027"}],"wp:term":[{"taxonomy":"category","embeddable":true,"href":"https:\/\/www.europesays.com\/fr\/wp-json\/wp\/v2\/categories?post=283027"},{"taxonomy":"post_tag","embeddable":true,"href":"https:\/\/www.europesays.com\/fr\/wp-json\/wp\/v2\/tags?post=283027"}],"curies":[{"name":"wp","href":"https:\/\/api.w.org\/{rel}","templated":true}]}}