{"id":283028,"date":"2025-07-29T23:42:19","date_gmt":"2025-07-29T23:42:19","guid":{"rendered":"https:\/\/www.europesays.com\/fr\/283028\/"},"modified":"2025-07-29T23:42:19","modified_gmt":"2025-07-29T23:42:19","slug":"serie-adolescence-le-royaume-uni-introduite-des-cours-contre-le-sexisme-en-ligne-et-la-culture-incel-des-2026","status":"publish","type":"post","link":"https:\/\/www.europesays.com\/fr\/283028\/","title":{"rendered":"S\u00e9rie \u00ab\u00a0Adolescence\u00a0\u00bb\u00a0: le Royaume-Uni introduite des cours contre le sexisme en ligne et la culture \u00ab\u00a0incel\u00a0\u00bb d\u00e8s 2026"},"content":{"rendered":"<p>SENSIBILISER LES JEUNES A LA LUTTE CONTRE LE SEXISME EN LIGNE<\/p>\n<p>\t\t\t\t\t\t S\u00e9rie \u00ab\u00a0Adolescence\u00a0\u00bb\u00a0: le Royaume-Uni introduite des cours contre le sexisme en ligne et la culture \u00ab\u00a0incel\u00a0\u00bb d\u00e8s 2026<\/p>\n<p>\t\t\t\t\t\t\t\tPubli\u00e9 le mardi 29 juillet 2025 \u00e0 23:47 | Temps de lecture estim\u00e9 :   5  min.<\/p>\n<p>\t                        <img decoding=\"async\" width=\"1142\" height=\"800\" src=\"https:\/\/www.europesays.com\/fr\/wp-content\/uploads\/2025\/07\/Belgaimage-UK-serie-adolescence-acteurs-2.jpg\" class=\"attachment-full size-full wp-post-image\" alt=\"\" loading=\"lazy\"  \/>(De gauche \u00e0 droite) Les acteurs britanniques Owen Cooper, Stephen Graham (sc\u00e9nariste et producteur ex\u00e9cutif de la s\u00e9rie), Ashley Walters et Erin Doherty assistent \u00e0 l&rsquo;\u00e9v\u00e9nement ATAS (Academy of Television Arts &amp; Sciences) \u00ab Adolescence \u00bb de Netflix au Television Academy Saban Media Center \u00e0 North Hollywood, Californie, le 27 mai 2025. AFP\t\t\t\t\t\t<\/p>\n<p><strong>\u00c0 partir de la rentr\u00e9e 2026, les \u00e9coles secondaires britanniques accueilleront un nouveau programme obligatoire : des cours consacr\u00e9s \u00e0 la lutte contre le sexisme en ligne, les st\u00e9r\u00e9otypes de genre et la culture \u00ab\u00a0incel\u00a0\u00bb. Cette derni\u00e8re est un sous-courant misogyne issu des recoins les plus toxiques du web, o\u00f9 la haine des femmes se formule sous couvert de frustration romantique ou sexuelle. C\u2019est la s\u00e9rie \u00ab\u00a0Adolescence\u00a0\u00bb qui est \u00e0 l\u2019origine de l\u2019initiative des autorit\u00e9s britanniques. La d\u00e9marche est salu\u00e9e par les syndicats des enseignants, mais elle est d\u00e9nonc\u00e9e par une opposition conservatrice qui estime qu\u2019il s\u2019agit d\u2019un endoctrinement des enfants. Elle appelle \u00e0 s\u2019opposer \u00e0 l\u2019id\u00e9ologie \u00ab\u00a0woke\u00a0\u00bb.<\/strong><\/p>\n<p>D\u00e9voil\u00e9e, ce mardi 29 juillet 2025 par le minist\u00e8re de l\u2019\u00c9ducation, cette initiative marque une inflexion nette dans les politiques publiques \u00e9ducatives du Royaume-Uni. Face \u00e0 la prolif\u00e9ration de discours antif\u00e9ministes sur les r\u00e9seaux sociaux et \u00e0 la popularit\u00e9 croissante de figures masculinistes aupr\u00e8s des jeunes gar\u00e7ons, le Gouvernement travailliste du Premier ministre, Keir Starmer, veut frapper un grand coup via l\u2019\u00e9ducation.<\/p>\n<blockquote>\n<p>Nous avons trop longtemps ferm\u00e9 les yeux sur un ph\u00e9nom\u00e8ne qui tue, litt\u00e9ralement. La culture de la haine sexiste n\u2019est plus virtuelle : elle est sociale, elle est politique, elle est r\u00e9elle.<\/p>\n<\/blockquote>\n<p>    <strong>Vous voulez lire la suite de cet article ?<\/strong><\/p>\n<p style=\"text-align: center\">Cet article premium <strong><br \/>est r\u00e9serv\u00e9 \u00e0 nos abonn\u00e9s.<\/strong><\/p>\n<p style=\"text-align: center\">Vous \u00eates d\u00e9j\u00e0 abonn\u00e9 ?<br \/><strong>Connectez-vous<br \/><\/strong><\/p>\n<p style=\"text-align: center\">Pas encore abonn\u00e9 ?<br \/><strong><a style=\"color: #ee5612;text-decoration: underline\" href=\"https:\/\/lpost.be\/espace-abonnement\/\" target=\"_blank\" rel=\"noopener nofollow\">Abonnez-vous<\/a><\/strong><br \/>\u00e0 L Post pour promouvoir la pluralit\u00e9 de la presse. L-Post n\u2019est financ\u00e9 par aucun grand groupe et d\u00e9pend uniquement des lecteurs. Informer avec rigueur et ind\u00e9pendance a un co\u00fbt.<\/p>\n<p style=\"text-align: center\">Soutenez L Post et le journalisme ind\u00e9pendant : BE85 0689 4115 0106<\/p>\n<p>\t\t\t\t\t\t\t\tVos commentaires<\/p>\n<p>\t<a href=\"https:\/\/lpost.be\/espace-abonnement\/\" rel=\"nofollow noopener\" target=\"_blank\">&#13;<br \/>\n<img decoding=\"async\" class=\"banner-subs-small\" src=\"https:\/\/www.europesays.com\/fr\/wp-content\/uploads\/2025\/07\/Carte-22.png\" alt=\"banniere abonnements\"\/>&#13;<br \/>\n<\/a><\/p>\n<p>&#13;<br \/>\n\tT\u00e9l\u00e9chargez notre application&#13;\n\t<\/p>\n<p>Plus d&rsquo;articles de politique<\/p>\n<ul class=\"rpwe-ul\">\n<li class=\"rpwe-li rpwe-clearfix\"><a class=\"rpwe-img\" href=\"https:\/\/lpost.be\/2025\/07\/28\/edito-accord-union-europeenne-usa-un-deal-ou-leurope-est-perdante-sur-toute-la-ligne\/\" target=\"_self\" rel=\"nofollow noopener\"><img class=\"rpwe-alignleft rpwe-thumb\" src=\"https:\/\/www.europesays.com\/fr\/wp-content\/uploads\/2025\/07\/Belgaimage-Ursula-von-der-leyen-et-Trump-accord-325x225.jpg\" alt=\"Edito. Accord Union Europ\u00e9enne-USA\u00a0: un deal o\u00f9 l\u2019Europe est perdante sur toute la ligne\" height=\"225\" width=\"325\" loading=\"lazy\" decoding=\"async\"\/><\/a><a href=\"https:\/\/lpost.be\/2025\/07\/28\/edito-accord-union-europeenne-usa-un-deal-ou-leurope-est-perdante-sur-toute-la-ligne\/\" target=\"_self\" rel=\"nofollow noopener\">Edito. Accord Union Europ\u00e9enne-USA\u00a0: un deal o\u00f9 l\u2019Europe est perdante sur toute la ligne<\/a>lundi 28 juillet 2025\n<p>\u00a0\u00a0\u00a0\u00a0\u00a0\u00a0Par la voix de la pr\u00e9sidente de la Commission europ\u00e9enne, Ursula von der Leyen, l\u2019Europe a sign\u00e9, dimanche 27 juillet, un accord sur les droits de douane et le commerce \u2026<\/p>\n<\/li>\n<li class=\"rpwe-li rpwe-clearfix\"><a class=\"rpwe-img\" href=\"https:\/\/lpost.be\/2025\/07\/28\/royaume-uni-ancien-president-du-parti-travailliste-jeremy-corbyn-secoue-le-paysage-politique-avec-un-nouveau-parti\/\" target=\"_self\" rel=\"nofollow noopener\"><img class=\"rpwe-alignleft rpwe-thumb\" src=\"https:\/\/www.europesays.com\/fr\/wp-content\/uploads\/2025\/07\/Belgaimage-UK-Zarah-Sultana-325x225.jpg\" alt=\"Royaume-Uni : ancien pr\u00e9sident du parti travailliste, Jeremy Corbyn secoue le paysage politique avec un nouveau parti\" height=\"225\" width=\"325\" loading=\"lazy\" decoding=\"async\"\/><\/a><a href=\"https:\/\/lpost.be\/2025\/07\/28\/royaume-uni-ancien-president-du-parti-travailliste-jeremy-corbyn-secoue-le-paysage-politique-avec-un-nouveau-parti\/\" target=\"_self\" rel=\"nofollow noopener\">Royaume-Uni : ancien pr\u00e9sident du parti travailliste, Jeremy Corbyn secoue le paysage politique avec un nouveau parti<\/a>lundi 28 juillet 2025\n<p>Un frisson de dissidence traverse la gauche britannique. Ce jeudi 24 juillet 2025, Jeremy Corbyn et Zarah Sultana, deux figures d\u00e9sormais affranchies du Parti travailliste, ont lanc\u00e9 un nouveau mouvement \u2026<\/p>\n<\/li>\n<li class=\"rpwe-li rpwe-clearfix\"><a class=\"rpwe-img\" href=\"https:\/\/lpost.be\/2025\/07\/24\/france-marine-le-pen-attaque-lineligibilite-provisoire-au-coeur-meme-de-la-constitution\/\" target=\"_self\" rel=\"nofollow noopener\"><img class=\"rpwe-alignleft rpwe-thumb\" src=\"https:\/\/www.europesays.com\/fr\/wp-content\/uploads\/2025\/07\/bePress_PHB_discours_marien_le_pen_1er_tour_45pix_26_sur_45-325x225.jpg\" alt=\"France : Marine Le Pen attaque l\u2019in\u00e9ligibilit\u00e9 provisoire au c\u0153ur m\u00eame de la Constitution\" height=\"225\" width=\"325\" loading=\"lazy\" decoding=\"async\"\/><\/a><a href=\"https:\/\/lpost.be\/2025\/07\/24\/france-marine-le-pen-attaque-lineligibilite-provisoire-au-coeur-meme-de-la-constitution\/\" target=\"_self\" rel=\"nofollow noopener\">France : Marine Le Pen attaque l\u2019in\u00e9ligibilit\u00e9 provisoire au c\u0153ur m\u00eame de la Constitution<\/a>jeudi 24 juillet 2025\n<p>Marine Le Pen ne compte pas attendre sagement son proc\u00e8s en appel. Condamn\u00e9e au printemps \u00e0 cinq ans d\u2019in\u00e9ligibilit\u00e9 dans l\u2019affaire des assistants parlementaires europ\u00e9ens, la pr\u00e9sidente du groupe RN \u2026<\/p>\n<\/li>\n<li class=\"rpwe-li rpwe-clearfix\"><a class=\"rpwe-img\" href=\"https:\/\/lpost.be\/2025\/07\/24\/discours-de-haine-la-belgique-va-se-donner-les-moyens-dinterdire-des-associations-comme-samidoun\/\" target=\"_self\" rel=\"nofollow noopener\"><img class=\"rpwe-alignleft rpwe-thumb\" src=\"https:\/\/www.europesays.com\/fr\/wp-content\/uploads\/2025\/07\/Belgaimage-Samidoun-325x225.jpg\" alt=\"Discours de haine\u00a0: la Belgique va se donner les moyens d\u2019interdire des associations comme Samidoun\" height=\"225\" width=\"325\" loading=\"lazy\" decoding=\"async\"\/><\/a><a href=\"https:\/\/lpost.be\/2025\/07\/24\/discours-de-haine-la-belgique-va-se-donner-les-moyens-dinterdire-des-associations-comme-samidoun\/\" target=\"_self\" rel=\"nofollow noopener\">Discours de haine\u00a0: la Belgique va se donner les moyens d\u2019interdire des associations comme Samidoun<\/a>jeudi 24 juillet 2025\n<p>Lors de la d\u00e9fense de l\u2019accord d\u2019\u00e9t\u00e9 ce jeudi matin, 24 juillet 2025, devant une commission de la Chambre, le Premier ministre, Bart De Wever (N-VA), a annonc\u00e9 que la \u2026<\/p>\n<\/li>\n<li class=\"rpwe-li rpwe-clearfix\"><a class=\"rpwe-img\" href=\"https:\/\/lpost.be\/2025\/07\/24\/bart-de-wever-n-va-sans-reforme-notre-systeme-de-pension-sera-impayable-a-lavenir\/\" target=\"_self\" rel=\"nofollow noopener\"><img class=\"rpwe-alignleft rpwe-thumb\" src=\"https:\/\/www.europesays.com\/fr\/wp-content\/uploads\/2025\/07\/Belgaimage-Bart-de-wever-accord-dete-2-325x225.jpg\" alt=\"Bart De Wever\u00a0(N-VA) : \u00ab\u00a0sans r\u00e9forme, notre syst\u00e8me de pension sera impayable \u00e0 l\u2019avenir\u00a0\u00bb\" height=\"225\" width=\"325\" loading=\"lazy\" decoding=\"async\"\/><\/a><a href=\"https:\/\/lpost.be\/2025\/07\/24\/bart-de-wever-n-va-sans-reforme-notre-systeme-de-pension-sera-impayable-a-lavenir\/\" target=\"_self\" rel=\"nofollow noopener\">Bart De Wever\u00a0(N-VA) : \u00ab\u00a0sans r\u00e9forme, notre syst\u00e8me de pension sera impayable \u00e0 l\u2019avenir\u00a0\u00bb<\/a>jeudi 24 juillet 2025\n<p>Le Premier ministre a d\u00e9fendu, jeudi 24 juillet 2025, l\u2019accord d\u2019\u00e9t\u00e9 devant les d\u00e9put\u00e9s de la commission de l\u2019Int\u00e9rieur, de la S\u00e9curit\u00e9, des Migrations et des Mati\u00e8res administratives. Bart De \u2026<\/p>\n<\/li>\n<\/ul>\n","protected":false},"excerpt":{"rendered":"SENSIBILISER LES JEUNES A LA LUTTE CONTRE LE SEXISME EN LIGNE S\u00e9rie \u00ab\u00a0Adolescence\u00a0\u00bb\u00a0: le Royaume-Uni introduite des cours&hellip;\n","protected":false},"author":2,"featured_media":283029,"comment_status":"","ping_status":"","sticky":false,"template":"","format":"standard","meta":{"footnotes":""},"categories":[1588],"tags":[11,1777,674,12,473,1853,1851,1850,1852],"class_list":{"0":"post-283028","1":"post","2":"type-post","3":"status-publish","4":"format-standard","5":"has-post-thumbnail","7":"category-royaume-uni","8":"tag-actualites","9":"tag-eu","10":"tag-europe","11":"tag-news","12":"tag-royaume-uni","13":"tag-royaume-uni-de-grande-bretagne-et-dirlande-du-nord","14":"tag-uk","15":"tag-united-kingdom","16":"tag-united-kingdom-of-great-britain-and-northern-ireland"},"share_on_mastodon":{"url":"https:\/\/pubeurope.com\/@fr\/114939176338038025","error":""},"_links":{"self":[{"href":"https:\/\/www.europesays.com\/fr\/wp-json\/wp\/v2\/posts\/283028","targetHints":{"allow":["GET"]}}],"collection":[{"href":"https:\/\/www.europesays.com\/fr\/wp-json\/wp\/v2\/posts"}],"about":[{"href":"https:\/\/www.europesays.com\/fr\/wp-json\/wp\/v2\/types\/post"}],"author":[{"embeddable":true,"href":"https:\/\/www.europesays.com\/fr\/wp-json\/wp\/v2\/users\/2"}],"replies":[{"embeddable":true,"href":"https:\/\/www.europesays.com\/fr\/wp-json\/wp\/v2\/comments?post=283028"}],"version-history":[{"count":0,"href":"https:\/\/www.europesays.com\/fr\/wp-json\/wp\/v2\/posts\/283028\/revisions"}],"wp:featuredmedia":[{"embeddable":true,"href":"https:\/\/www.europesays.com\/fr\/wp-json\/wp\/v2\/media\/283029"}],"wp:attachment":[{"href":"https:\/\/www.europesays.com\/fr\/wp-json\/wp\/v2\/media?parent=283028"}],"wp:term":[{"taxonomy":"category","embeddable":true,"href":"https:\/\/www.europesays.com\/fr\/wp-json\/wp\/v2\/categories?post=283028"},{"taxonomy":"post_tag","embeddable":true,"href":"https:\/\/www.europesays.com\/fr\/wp-json\/wp\/v2\/tags?post=283028"}],"curies":[{"name":"wp","href":"https:\/\/api.w.org\/{rel}","templated":true}]}}