{"id":283030,"date":"2025-07-29T23:43:11","date_gmt":"2025-07-29T23:43:11","guid":{"rendered":"https:\/\/www.europesays.com\/fr\/283030\/"},"modified":"2025-07-29T23:43:11","modified_gmt":"2025-07-29T23:43:11","slug":"leconomie-allemande-va-subir-des-dommages-considerables","status":"publish","type":"post","link":"https:\/\/www.europesays.com\/fr\/283030\/","title":{"rendered":"\u00ab\u00a0L\u2019\u00e9conomie allemande va subir des dommages consid\u00e9rables\u00a0\u00bb"},"content":{"rendered":"<p>L\u2019accord douanier entre l\u2019Union europ\u00e9enne et les \u00c9tats-Unis a du mal \u00e0 passer en Allemagne. Les voix les plus positives se trouvent du c\u00f4t\u00e9 du parti conservateur (CDU\/CSU), au pouvoir depuis mai. Le <a href=\"https:\/\/www.la-croix.com\/international\/entre-paris-et-berlin-les-relations-redemarrent-meme-si-plusieurs-dossiers-patinent-encore-20250722\" data-tracking=\"inpage_click\" data-tracking-action=\"suivre un lien dans l&#039;article\" data-tracking-category=\"engagement\" rel=\"nofollow noopener\" target=\"_blank\">chancelier Friedrich Merz<\/a>, qui avait milit\u00e9 pour un accord rapide avec les \u00c9tats-Unis, se r\u00e9jouit qu\u2019\u00ab\u00a0un conflit commercial qui aurait durement touch\u00e9 l\u2019\u00e9conomie allemande, fortement orient\u00e9e vers l\u2019exportation\u00a0\u00bb ait \u00e9t\u00e9 \u00e9vit\u00e9.<\/p>\n<p>Cet article est r\u00e9serv\u00e9 aux abonn\u00e9s<\/p>\n<p>\n                    Vous souhaitez lire la suite\u00a0? Abonnez-vous sans engagement \u00e0 notre offre num\u00e9rique\n                <\/p>\n<p>                <a href=\"https:\/\/www.la-croix.com\/abonnement\" class=\"default-paywall__subscribe-button\" data-tracking=\"cta_click\" data-tracking-action=\"voir la page abonnement\" data-tracking-category=\"abonnement\" rel=\"nofollow noopener\" target=\"_blank\">Je m&rsquo;abonne<\/a><\/p>\n","protected":false},"excerpt":{"rendered":"L\u2019accord douanier entre l\u2019Union europ\u00e9enne et les \u00c9tats-Unis a du mal \u00e0 passer en Allemagne. Les voix les&hellip;\n","protected":false},"author":2,"featured_media":283031,"comment_status":"","ping_status":"","sticky":false,"template":"","format":"standard","meta":{"footnotes":""},"categories":[1587],"tags":[11,672,1804,1805,1803,1777,674,1801,12,1802],"class_list":{"0":"post-283030","1":"post","2":"type-post","3":"status-publish","4":"format-standard","5":"has-post-thumbnail","7":"category-allemagne","8":"tag-actualites","9":"tag-allemagne","10":"tag-bundesrepublik-deutschland","11":"tag-de","12":"tag-deutschland","13":"tag-eu","14":"tag-europe","15":"tag-germany","16":"tag-news","17":"tag-republique-federale-dallemagne"},"share_on_mastodon":{"url":"https:\/\/pubeurope.com\/@fr\/114939180094615138","error":""},"_links":{"self":[{"href":"https:\/\/www.europesays.com\/fr\/wp-json\/wp\/v2\/posts\/283030","targetHints":{"allow":["GET"]}}],"collection":[{"href":"https:\/\/www.europesays.com\/fr\/wp-json\/wp\/v2\/posts"}],"about":[{"href":"https:\/\/www.europesays.com\/fr\/wp-json\/wp\/v2\/types\/post"}],"author":[{"embeddable":true,"href":"https:\/\/www.europesays.com\/fr\/wp-json\/wp\/v2\/users\/2"}],"replies":[{"embeddable":true,"href":"https:\/\/www.europesays.com\/fr\/wp-json\/wp\/v2\/comments?post=283030"}],"version-history":[{"count":0,"href":"https:\/\/www.europesays.com\/fr\/wp-json\/wp\/v2\/posts\/283030\/revisions"}],"wp:featuredmedia":[{"embeddable":true,"href":"https:\/\/www.europesays.com\/fr\/wp-json\/wp\/v2\/media\/283031"}],"wp:attachment":[{"href":"https:\/\/www.europesays.com\/fr\/wp-json\/wp\/v2\/media?parent=283030"}],"wp:term":[{"taxonomy":"category","embeddable":true,"href":"https:\/\/www.europesays.com\/fr\/wp-json\/wp\/v2\/categories?post=283030"},{"taxonomy":"post_tag","embeddable":true,"href":"https:\/\/www.europesays.com\/fr\/wp-json\/wp\/v2\/tags?post=283030"}],"curies":[{"name":"wp","href":"https:\/\/api.w.org\/{rel}","templated":true}]}}