{"id":283033,"date":"2025-07-29T23:45:31","date_gmt":"2025-07-29T23:45:31","guid":{"rendered":"https:\/\/www.europesays.com\/fr\/283033\/"},"modified":"2025-07-29T23:45:31","modified_gmt":"2025-07-29T23:45:31","slug":"pourquoi-le-site-de-commerce-chinois-temu-est-dans-le-viseur-de-lunion-europeenne","status":"publish","type":"post","link":"https:\/\/www.europesays.com\/fr\/283033\/","title":{"rendered":"Pourquoi le site de commerce chinois Temu est dans le viseur de l&rsquo;Union europ\u00e9enne"},"content":{"rendered":"<p>Une enqu\u00eate de l\u2019Union europ\u00e9enne (UE) est en cours sur le marketplace chinois Temu \u00e9tablissant qu\u2019il existe \u00abun risque \u00e9lev\u00e9 pour les consommateurs de l\u2019UE\u00bb de trouver \u00abdes produits ill\u00e9gaux sur la plateforme\u00bb. Ainsi, la Commission europ\u00e9enne a accus\u00e9, lundi 28 juillet, le site de commerce en ligne d\u2019origine chinoise Temu <strong>de violer sa l\u00e9gislation sur des services num\u00e9riques<\/strong> susceptibles de ne pas respecter les normes fix\u00e9es <a href=\"https:\/\/www.capital.fr\/economie-politique\/droits-de-douane-tout-comprendre-a-l-accord-commercial-entre-les-etats-unis-et-lunion-europeenne-1516658\" rel=\"nofollow noopener\" target=\"_blank\">par l\u2019institution europ\u00e9enne<\/a>.<\/p>\n<p>Bruxelles entend donc poursuivre son <strong>enqu\u00eate, ouverte en octobre 2024<\/strong>, sur d\u2019autres infractions pr\u00e9sum\u00e9es, comme le \u00abdesign addictif\u00bb de l\u2019application Temu ou encore le manque de transparence dans les recommandations d\u2019achats. Apr\u00e8s ces accusations, <a href=\"https:\/\/www.capital.fr\/entreprises-marches\/la-chine-en-alerte-confrontee-a-une-situation-economique-tres-grave-et-complexe-1516290\" rel=\"nofollow noopener\" target=\"_blank\">le site chinois<\/a> a la possibilit\u00e9 de r\u00e9pondre, mais risque cependant une <strong>amende pouvant aller jusqu\u2019\u00e0 6 % de son chiffre d\u2019affaires annuel<\/strong> si l\u2019infraction est confirm\u00e9e.<\/p>\n<p>La popularit\u00e9 rapide de Temu<\/p>\n<p>Temu conna\u00eet une progression assez fulgurante en Europe gr\u00e2ce \u00e0 des prix bas sur un large choix de produits, allant des v\u00eatements aux jouets, en passant par la d\u00e9coration ou les objets high-tech. Pourtant, Temu est arriv\u00e9 <strong>sur le march\u00e9 europ\u00e9en seulement en 2023<\/strong>. Ces accusations pourraient ainsi \u00eatre un vrai coup dur pour l\u2019e-commerce chinois. N\u00e9anmoins, celles-ci ne datent pas d\u2019hier\u2026<\/p>\n<p>En mai 2024, des associations europ\u00e9ennes de consommateurs avaient d\u00e9pos\u00e9 une plainte contre la plate-forme, l\u2019accusant notamment d\u2019inciter les utilisateurs \u00e0 d\u00e9penser plus. Rappel\u00e9e \u00e0 l\u2019ordre, l\u2019entreprise avait assur\u00e9 avoir pris \u00abdes mesures importantes\u00bb et \u00abaffiner\u00bb ses pratiques \u00abdans le cadre du r\u00e8glement\u00bb europ\u00e9en sur les services num\u00e9riques en octobre dernier. Mais il n\u2019y a pas que Temu qui se voit se faire taper ses doigts par l\u2019UE. <a href=\"https:\/\/www.capital.fr\/entreprises-marches\/tiktok-shop-debarque-enfin-en-france-voici-les-coulisses-de-cette-machine-a-vendre-1510149\" rel=\"nofollow noopener\" target=\"_blank\">D\u2019autres entreprises sont vis\u00e9es<\/a> pour les m\u00eames motifs par la Commission Europ\u00e9enne.<\/p>\n","protected":false},"excerpt":{"rendered":"Une enqu\u00eate de l\u2019Union europ\u00e9enne (UE) est en cours sur le marketplace chinois Temu \u00e9tablissant qu\u2019il existe \u00abun&hellip;\n","protected":false},"author":2,"featured_media":283034,"comment_status":"","ping_status":"","sticky":false,"template":"","format":"standard","meta":{"footnotes":""},"categories":[1586],"tags":[11,1777,674,1779,1011,27,12,25,1778,364],"class_list":{"0":"post-283033","1":"post","2":"type-post","3":"status-publish","4":"format-standard","5":"has-post-thumbnail","7":"category-europe","8":"tag-actualites","9":"tag-eu","10":"tag-europe","11":"tag-european-union","12":"tag-fr","13":"tag-france","14":"tag-news","15":"tag-republique-francaise","16":"tag-ue","17":"tag-union-europeenne"},"share_on_mastodon":{"url":"https:\/\/pubeurope.com\/@fr\/114939187934350979","error":""},"_links":{"self":[{"href":"https:\/\/www.europesays.com\/fr\/wp-json\/wp\/v2\/posts\/283033","targetHints":{"allow":["GET"]}}],"collection":[{"href":"https:\/\/www.europesays.com\/fr\/wp-json\/wp\/v2\/posts"}],"about":[{"href":"https:\/\/www.europesays.com\/fr\/wp-json\/wp\/v2\/types\/post"}],"author":[{"embeddable":true,"href":"https:\/\/www.europesays.com\/fr\/wp-json\/wp\/v2\/users\/2"}],"replies":[{"embeddable":true,"href":"https:\/\/www.europesays.com\/fr\/wp-json\/wp\/v2\/comments?post=283033"}],"version-history":[{"count":0,"href":"https:\/\/www.europesays.com\/fr\/wp-json\/wp\/v2\/posts\/283033\/revisions"}],"wp:featuredmedia":[{"embeddable":true,"href":"https:\/\/www.europesays.com\/fr\/wp-json\/wp\/v2\/media\/283034"}],"wp:attachment":[{"href":"https:\/\/www.europesays.com\/fr\/wp-json\/wp\/v2\/media?parent=283033"}],"wp:term":[{"taxonomy":"category","embeddable":true,"href":"https:\/\/www.europesays.com\/fr\/wp-json\/wp\/v2\/categories?post=283033"},{"taxonomy":"post_tag","embeddable":true,"href":"https:\/\/www.europesays.com\/fr\/wp-json\/wp\/v2\/tags?post=283033"}],"curies":[{"name":"wp","href":"https:\/\/api.w.org\/{rel}","templated":true}]}}