{"id":283037,"date":"2025-07-29T23:47:12","date_gmt":"2025-07-29T23:47:12","guid":{"rendered":"https:\/\/www.europesays.com\/fr\/283037\/"},"modified":"2025-07-29T23:47:12","modified_gmt":"2025-07-29T23:47:12","slug":"face-a-la-famine-a-gaza-benyamin-netanyahou-sous-pression","status":"publish","type":"post","link":"https:\/\/www.europesays.com\/fr\/283037\/","title":{"rendered":"face \u00e0 la famine \u00e0 Gaza, Benyamin Netanyahou sous pression"},"content":{"rendered":"<p><strong>R\u00c9CIT &#8211;<\/strong> Isra\u00ebl est de plus en plus isol\u00e9, y compris aux \u00c9tats-Unis, et doit r\u00e9pondre aux accusations de famine organis\u00e9e.<\/p>\n<p class=\"fig-paragraph\">Plus que jamais depuis le d\u00e9but de la guerre dans la bande de Gaza, Isra\u00ebl se retrouve le dos au mur. Les accusations d\u2019avoir provoqu\u00e9\u00a0<a href=\"http:\/\/www.lefigaro.fr\/international\/guerre-a-gaza-l-armee-israelienne-annonce-une-pause-tactique-quotidienne-a-des-fins-humanitaires-20250727\" data-fig-type=\"NewsFlash\" data-gtm-custom-categorie=\"navigation\" data-gtm-custom-action=\"crossclick\" data-gtm-custom-label=\"Contextuel\" data-gtm-event=\"customEventSPE\" data-fig-domain=\"LEFIGARO\" rel=\"nofollow noopener\" target=\"_blank\">un d\u00e9but de famine<\/a>\u00a0dans cette r\u00e9gion mis\u00e9reuse sont, en effet, d\u00e9sormais reprises\u00a0<a href=\"http:\/\/www.lefigaro.fr\/flash-actu\/donald-trump-evoque-une-reelle-famine-a-gaza-20250728\" data-fig-type=\"NewsFlash\" data-gtm-custom-categorie=\"navigation\" data-gtm-custom-action=\"crossclick\" data-gtm-custom-label=\"Contextuel\" data-gtm-event=\"customEventSPE\" data-fig-domain=\"LEFIGARO\" rel=\"nofollow noopener\" target=\"_blank\">par Donald Trump lui-m\u00eame<\/a>. Pour le pr\u00e9sident am\u00e9ricain, les images de famine, notamment d\u2019enfants, diffus\u00e9es dans le monde sont bien \u00ab\u00a0r\u00e9elles\u00a0\u00bb. \u00ab\u00a0Il n\u2019est pas possible de simuler tout cela, beaucoup de gens meurent de faim\u00a0\u00bb, a-t-il affirm\u00e9. Il a \u00e9galement annonc\u00e9 que les \u00c9tats-Unis allaient prendre les choses en main en \u00ab\u00a0mettant en place des centres alimentaires ou les gens pourront entrer librement, sans limite, nous n\u2019aurons pas de cl\u00f4ture\u00a0\u00bb, un projet qui sonne comme un v\u00e9ritable d\u00e9saveu de la politique men\u00e9e par Isra\u00ebl. Bon gr\u00e9, mal gr\u00e9, Benyamin Netanyahou a d\u00fb admettre, en utilisant un euph\u00e9misme, que la situation alimentaire \u00e0 Gaza est \u00ab\u00a0difficile\u00a0\u00bb.<\/p>\n<p class=\"fig-paragraph\">Apr\u00e8s la France, la semaine pass\u00e9e, le Royaume-Uni a annonc\u00e9, mercredi,\u00a0<a href=\"http:\/\/www.lefigaro.fr\/international\/le-royaume-uni-reconnaitra-un-etat-palestinien-en-septembre-sauf-si-israel-prend-certains-engagements-20250729\" data-fig-type=\"NewsFlash\" data-gtm-custom-categorie=\"navigation\" data-gtm-custom-action=\"crossclick\" data-gtm-custom-label=\"Contextuel\" data-gtm-event=\"customEventSPE\" data-fig-domain=\"LEFIGARO\" rel=\"nofollow noopener\" target=\"_blank\">son intention de reconna\u00eetre\u2026<\/a><\/p>\n<p class=\"fig-premium-paywall__infos\">\n        Cet article est r\u00e9serv\u00e9 aux abonn\u00e9s.        Il vous reste 83% \u00e0 d\u00e9couvrir.\n    <\/p>\n<p>                <img  data- alt=\"Le Figaro\" class=\"fig-img--complete fig-img\"\/><\/p>\n<p class=\"fig-premium-paywall__title\">Vous avez envie de lire la suite ?<\/p>\n<p class=\"fig-premium-paywall__subtitle\">D\u00e9bloquez tous les articles imm\u00e9diatement.<\/p>\n<p class=\"fig-premium-paywall__connect\">\n                D\u00e9j\u00e0 abonn\u00e9\u00a0?                <a class=\"fig-premium-paywall__connect-link\" href=\"https:\/\/connect.lefigaro.fr\/login?client=horizon_web&amp;type=main&amp;redirect_uri=https%3A%2F%2Fwww.lefigaro.fr%2Finternational%2Fbeaucoup-de-gens-meurent-de-faim-face-a-la-famine-a-gaza-benyamin-netanyahou-sous-pression-20250729\" data-js-gtm=\"{&quot;customCategorie&quot;: &quot;conversion&quot;, &quot;customAction&quot;: &quot;before_Landing_Connexion_paywall_auto&quot;, &quot;customLabel&quot;: &quot;bGVmaWdhcm8uZnJfXzFmMDZjODJlLThiNGUtNmQ1Mi05NmUzLWY3NWQzNzI0YjdhN19fQXJ0aWNsZQ==_\u00abBeaucoup de gens meurent de faim\u00bb: face \u00e0 la famine \u00e0 Gaza, Benyamin Netanyahou sous pression_94&quot;, &quot;customIDSPE&quot;: &quot;bGVmaWdhcm8uZnJfXzFmMDZjODJlLThiNGUtNmQ1Mi05NmUzLWY3NWQzNzI0YjdhN19fQXJ0aWNsZQ==&quot;, &quot;event&quot;: &quot;customEventSPE&quot;}\" rel=\"nofollow noopener\" target=\"_blank\"><br \/>\n                    Connectez-vous<br \/>\n                <\/a>\n            <\/p>\n","protected":false},"excerpt":{"rendered":"R\u00c9CIT &#8211; Isra\u00ebl est de plus en plus isol\u00e9, y compris aux \u00c9tats-Unis, et doit r\u00e9pondre aux accusations&hellip;\n","protected":false},"author":2,"featured_media":283038,"comment_status":"","ping_status":"","sticky":false,"template":"","format":"standard","meta":{"footnotes":""},"categories":[2],"tags":[11,12980,1011,27,665,664,12,25],"class_list":{"0":"post-283037","1":"post","2":"type-post","3":"status-publish","4":"format-standard","5":"has-post-thumbnail","7":"category-actualites","8":"tag-actualites","9":"tag-famine","10":"tag-fr","11":"tag-france","12":"tag-gaza","13":"tag-israel","14":"tag-news","15":"tag-republique-francaise"},"share_on_mastodon":{"url":"https:\/\/pubeurope.com\/@fr\/114939195907784399","error":""},"_links":{"self":[{"href":"https:\/\/www.europesays.com\/fr\/wp-json\/wp\/v2\/posts\/283037","targetHints":{"allow":["GET"]}}],"collection":[{"href":"https:\/\/www.europesays.com\/fr\/wp-json\/wp\/v2\/posts"}],"about":[{"href":"https:\/\/www.europesays.com\/fr\/wp-json\/wp\/v2\/types\/post"}],"author":[{"embeddable":true,"href":"https:\/\/www.europesays.com\/fr\/wp-json\/wp\/v2\/users\/2"}],"replies":[{"embeddable":true,"href":"https:\/\/www.europesays.com\/fr\/wp-json\/wp\/v2\/comments?post=283037"}],"version-history":[{"count":0,"href":"https:\/\/www.europesays.com\/fr\/wp-json\/wp\/v2\/posts\/283037\/revisions"}],"wp:featuredmedia":[{"embeddable":true,"href":"https:\/\/www.europesays.com\/fr\/wp-json\/wp\/v2\/media\/283038"}],"wp:attachment":[{"href":"https:\/\/www.europesays.com\/fr\/wp-json\/wp\/v2\/media?parent=283037"}],"wp:term":[{"taxonomy":"category","embeddable":true,"href":"https:\/\/www.europesays.com\/fr\/wp-json\/wp\/v2\/categories?post=283037"},{"taxonomy":"post_tag","embeddable":true,"href":"https:\/\/www.europesays.com\/fr\/wp-json\/wp\/v2\/tags?post=283037"}],"curies":[{"name":"wp","href":"https:\/\/api.w.org\/{rel}","templated":true}]}}