{"id":283043,"date":"2025-07-29T23:52:16","date_gmt":"2025-07-29T23:52:16","guid":{"rendered":"https:\/\/www.europesays.com\/fr\/283043\/"},"modified":"2025-07-29T23:52:16","modified_gmt":"2025-07-29T23:52:16","slug":"atp-ivanisevic-repond-sechement-a-mouratoglou-sil-a-un-probleme-avec-moi-il-devrait-mappeler-il-ne-vaut-mieux-pas-que-je-dise-ce-que-je-pense-de-lui-donc-pour-le-moment-je-vais-rester-silen","status":"publish","type":"post","link":"https:\/\/www.europesays.com\/fr\/283043\/","title":{"rendered":"ATP > Ivanisevic r\u00e9pond s\u00e8chement \u00e0 Mouratoglou : \u00ab\u00a0S&rsquo;il a un probl\u00e8me avec moi, il devrait m&rsquo;appeler. Il ne vaut mieux pas que je dise ce que je pense de lui. Donc pour le moment, je vais rester silencieux\u00a0\u00bb"},"content":{"rendered":"<p>Goran Ivanisevic n\u2019est pas du genre \u00e0 se laisser faire.\u00a0<\/p>\n<p><a href=\"https:\/\/www.welovetennis.fr\/wimbledon\/mouratoglou-se-paie-ivanisevic-qui-entraine-tsitsipas-ce-nest-pas-du-coaching-cest-meme-honnetement-le-contraire-de-ce-que-devrait-etre-le-coaching-je-serais-tres-surpris-quils-puissent-t\" data-wpel-link=\"internal\" rel=\"nofollow noopener\" target=\"_blank\">Critiqu\u00e9 il y a quelques jours par Patrick Mouratoglou pour ses m\u00e9thodes de coaching envers son ancien joueur, Stefanos Tsitsipas<\/a>, le coach croate lui a s\u00e8che\u00adment r\u00e9pondu lors d\u2019une inter\u00adview avec la cha\u00eene Youtube <a href=\"https:\/\/www.youtube.com\/@FirstandRedcom\" data-wpel-link=\"external\" target=\"_blank\" rel=\"nofollow external noopener\">First et Red<\/a>. <\/p>\n<blockquote class=\"twitter-tweet\">\n<p lang=\"zxx\" dir=\"ltr\"><a href=\"https:\/\/t.co\/Y5BcQ2tF22\" data-wpel-link=\"external\" target=\"_blank\" rel=\"nofollow external noopener\">pic.twitter.com\/Y5BcQ2tF22<\/a><\/p>\n<p>\u2014 Anna Chakvetadze (@achakv87) <a href=\"https:\/\/twitter.com\/achakv87\/status\/1950222113349972206?ref_src=twsrc%5Etfw\" data-wpel-link=\"external\" target=\"_blank\" rel=\"nofollow external noopener\">July 29,\u00a02025<\/a><\/p><\/blockquote>\n<p><strong>\u00ab\u202fJe vais lui parler quand je le verrai. Tu ne fais pas \u00e7a. S\u2019il a un probl\u00e8me avec moi, il devrait m\u2019ap\u00adpeler, me dire ce qu\u2019il pense. Je lui dirai ce que je pense. Je ne vais pas raconter partout ce que je pense de lui. Il ne vaut mieux pas que je dise ce que je pense de lui. Donc pour le moment, je vais rester silen\u00adcieux. Peut\u2010\u00eatre que je le ferai une prochaine fois. Si je vais \u00e0 Toronto ou Cincinnati, je suis plus qu\u2019ex\u00adcit\u00e9 \u00e0 l\u2019id\u00e9e de voir Mouratoglou pour lui parler et pour expli\u00adquer certaines choses. Je sais pour\u00adquoi il a fait \u00e7a mais je n\u2019ai jamais eu de probl\u00e8mes avec aucun entra\u00ee\u00adneur dans ma vie. Les coachs devraient se soutenir et pas aller sur Internet pour parler.\u202f\u00bb<\/strong><\/p>\n<p class=\"post-published-date\" style=\"color: silver; font-size: 75%; text-align: left;\">Publi\u00e9 le mardi 29 juillet 2025 \u00e0 19:59<\/p>\n<p><script async src=\"https:\/\/platform.twitter.com\/widgets.js\" charset=\"utf-8\"><\/script><\/p>\n","protected":false},"excerpt":{"rendered":"Goran Ivanisevic n\u2019est pas du genre \u00e0 se laisser faire.\u00a0 Critiqu\u00e9 il y a quelques jours par Patrick&hellip;\n","protected":false},"author":2,"featured_media":283044,"comment_status":"","ping_status":"","sticky":false,"template":"","format":"standard","meta":{"footnotes":""},"categories":[1415],"tags":[1011,27,60,1467,5443],"class_list":{"0":"post-283043","1":"post","2":"type-post","3":"status-publish","4":"format-standard","5":"has-post-thumbnail","7":"category-tennis","8":"tag-fr","9":"tag-france","10":"tag-sports","11":"tag-tennis","12":"tag-tsitsipas"},"share_on_mastodon":{"url":"https:\/\/pubeurope.com\/@fr\/114939215376099787","error":""},"_links":{"self":[{"href":"https:\/\/www.europesays.com\/fr\/wp-json\/wp\/v2\/posts\/283043","targetHints":{"allow":["GET"]}}],"collection":[{"href":"https:\/\/www.europesays.com\/fr\/wp-json\/wp\/v2\/posts"}],"about":[{"href":"https:\/\/www.europesays.com\/fr\/wp-json\/wp\/v2\/types\/post"}],"author":[{"embeddable":true,"href":"https:\/\/www.europesays.com\/fr\/wp-json\/wp\/v2\/users\/2"}],"replies":[{"embeddable":true,"href":"https:\/\/www.europesays.com\/fr\/wp-json\/wp\/v2\/comments?post=283043"}],"version-history":[{"count":0,"href":"https:\/\/www.europesays.com\/fr\/wp-json\/wp\/v2\/posts\/283043\/revisions"}],"wp:featuredmedia":[{"embeddable":true,"href":"https:\/\/www.europesays.com\/fr\/wp-json\/wp\/v2\/media\/283044"}],"wp:attachment":[{"href":"https:\/\/www.europesays.com\/fr\/wp-json\/wp\/v2\/media?parent=283043"}],"wp:term":[{"taxonomy":"category","embeddable":true,"href":"https:\/\/www.europesays.com\/fr\/wp-json\/wp\/v2\/categories?post=283043"},{"taxonomy":"post_tag","embeddable":true,"href":"https:\/\/www.europesays.com\/fr\/wp-json\/wp\/v2\/tags?post=283043"}],"curies":[{"name":"wp","href":"https:\/\/api.w.org\/{rel}","templated":true}]}}