{"id":283049,"date":"2025-07-29T23:56:13","date_gmt":"2025-07-29T23:56:13","guid":{"rendered":"https:\/\/www.europesays.com\/fr\/283049\/"},"modified":"2025-07-29T23:56:13","modified_gmt":"2025-07-29T23:56:13","slug":"cyclisme-route-aldag-remercie-par-la-red-bull-bora-et-remplace-par-un-proche-devenepoel","status":"publish","type":"post","link":"https:\/\/www.europesays.com\/fr\/283049\/","title":{"rendered":"Cyclisme. Route &#8211; Aldag remerci\u00e9 par la Red Bull-BORA et remplac\u00e9 par un proche d&rsquo;Evenepoel"},"content":{"rendered":"<p>La <strong>Red Bull-BORA-hansgrohe<\/strong> a annonc\u00e9 ce lundi le d\u00e9part de <strong>Rolf Aldag<\/strong>, son directeur du sport depuis 2022. L\u2019ancien coureur allemand quittera ses fonctions \u00e0 la fin du mois de juillet. Une s\u00e9paration \u00e0 l\u2019amiable, selon le communiqu\u00e9 de l\u2019\u00e9quipe allemande, qui ouvre la voie \u00e0 l\u2019arriv\u00e9e attendue de <strong><a href=\"https:\/\/www.cyclismactu.net\/..\/news-route-sven-vanthourenhout-ex-selectionneur-de-belgique-va-chez-red-bull-88894.html\" target=\"_blank\" rel=\"nofollow noopener\">Sven Vanthourenhout<\/a><\/strong>. Le timing de ce changement semble loin d\u2019\u00eatre anodin, alors que la rumeur de la signature prochaine de <strong><a href=\"https:\/\/www.cyclismactu.net\/..\/news-transfert-route-remco-evenepoel-chez-red-bull-bora-hansgrohe-en-2026-ce-serait-signe-89216.html\" target=\"_blank\" rel=\"nofollow noopener\">Remco Evenepoel<\/a> <\/strong>(Soudal Quick-Step) continue de prendre de l\u2019ampleur.<\/p>\n<p>Vid\u00e9o &#8211; Rolf Aldag au micro de Cyclism&rsquo;Actu sur le Tour 2024 Lire la suite de l&rsquo;article&#13;<\/p>\n<p>\u00a0<\/p>\n<p>&#13;<br \/>\n<strong>Fin de cycle pour Rolf Aldag<\/strong>&#13;<\/p>\n<p>Pr\u00e9sent depuis 2022 \u00e0 la t\u00eate du secteur sportif,<strong> Rolf Aldag <\/strong>aura marqu\u00e9 son passage par des succ\u00e8s de prestige. Sous sa direction, l\u2019\u00e9quipe a remport\u00e9 le <strong>Giro <\/strong>2022 avec <strong>Jai Hindley<\/strong>, <strong>La Vuelta<\/strong> 2024 avec <strong>Primoz Roglic<\/strong>, et vient tout juste de terminer sur le podium du<strong> Tour de France <\/strong>gr\u00e2ce \u00e0<strong> Florian Lipowitz<\/strong>.Cependant, plusieurs de ses d\u00e9cisions ont r\u00e9cemment \u00e9t\u00e9 grandement critiqu\u00e9es, que ce soit dans l&rsquo;organisation ou dans les strat\u00e9gies mises en place par\u00a0l&rsquo;\u00e9quipe.<\/p>\n<p>&#13;<\/p>\n<p>\u00ab\u00a0Nous lui sommes reconnaissants pour son engagement. Il a laiss\u00e9 une empreinte durable, \u00e0 la fois sportive et humaine\u00a0\u00bb, a d\u00e9clar\u00e9 <strong>Ralph Denk<\/strong>, manager g\u00e9n\u00e9ral de la<strong> Red Bull-BORA-hansgrohe<\/strong>. \u00ab\u00a0Rolf a particip\u00e9 \u00e0 la construction de notre \u00e9quipe. Nous regardons ces ann\u00e9es avec beaucoup de respect et de gratitude, et nous lui souhaitons le meilleur pour la suite. Pour le prochain chapitre de notre histoire, nous avons d\u00e9cid\u00e9 ensemble d\u2019insuffler une nouvelle dynamique.\u00a0\u00bb<\/p>\n<p>&#13;<\/p>\n<p>\u00a0<\/p>\n<p>&#13;<br \/>\n<strong>Sven Vanthourenhout prend les commandes&#8230; avec Evenepoel ?<\/strong>&#13;<\/p>\n<p>Cette \u00ab\u00a0nouvelle dynamique\u00a0\u00bb sera incarn\u00e9e par <strong>Sven Vanthourenhout<\/strong>. Ancien cyclo-crossman et s\u00e9lectionneur national de la Belgique, il \u00e9tait d\u00e9j\u00e0 pressenti depuis plusieurs mois pour int\u00e9grer la<strong> Red Bull-BORA-hansgrohe<\/strong>. <strong>Vanthourenhout <\/strong>a confirm\u00e9 \u00e0 <a href=\"https:\/\/sporza.be\/nl\/2025\/07\/29\/sven-vanthourenhout-bevestigt-ik-word-sportief-manager-bij-red-bull-bora-hansgrohe~1753794704479\/\" target=\"_blank\" rel=\"nofollow noopener\">Sporza<\/a> qu\u2019il allait \u00ab\u00a0imm\u00e9diatement commencer chez Red Bull-BORA-hansgrohe\u00a0\u00bb, o\u00f9 il occupera un r\u00f4le transversal de directeur de la performance et manager sportif, supervisant aussi bien l\u2019\u00e9quipe WorldTour que la formation de d\u00e9veloppement.<\/p>\n<p>&#13;<\/p>\n<p>Le d\u00e9part d\u2019<strong>Aldag <\/strong>et l\u2019arriv\u00e9e de <strong>Vanthourenhout <\/strong>semblent aussi \u00e9troitement li\u00e9s \u00e0 un autre dossier br\u00fblant : celui de <strong>Remco Evenepoel<\/strong>. D\u2019apr\u00e8s plusieurs m\u00e9dias internationaux, un accord aurait \u00e9t\u00e9 trouv\u00e9 entre le camp du coureur belge, son \u00e9quipe actuelle <strong>Soudal Quick-Step<\/strong> et la <strong>Red Bull-BORA-hansgrohe<\/strong>. Rappelons que les nombreux titres de Remco Evenepoel acquis avec le maillot de la s\u00e9lection belge \u00e9taient sous les ordres d&rsquo;un certain\u00a0<strong>Sven Vanthourenhout<\/strong>&#8230;\u00a0Selon les informations de <a href=\"https:\/\/www.wielerflits.nl\/nieuws\/red-bull-bora-hansgrohe-breekt-met-sportief-directeur-plek-vrij-voor-sven-vanthourenhout\/\" target=\"_blank\" rel=\"nofollow noopener\">WielerFlits<\/a>, l\u2019annonce officielle de la signature d\u2019<strong>Evenepoel <\/strong>serait m\u00eame pr\u00e9vue pour\u00a0la premi\u00e8re semaine d\u2019ao\u00fbt.<\/p>\n","protected":false},"excerpt":{"rendered":"La Red Bull-BORA-hansgrohe a annonc\u00e9 ce lundi le d\u00e9part de Rolf Aldag, son directeur du sport depuis 2022.&hellip;\n","protected":false},"author":2,"featured_media":283050,"comment_status":"","ping_status":"","sticky":false,"template":"","format":"standard","meta":{"footnotes":""},"categories":[1411],"tags":[1154,207,211,1011,27,209,60,210,212,208,213],"class_list":{"0":"post-283049","1":"post","2":"type-post","3":"status-publish","4":"format-standard","5":"has-post-thumbnail","7":"category-cyclisme","8":"tag-cycling","9":"tag-cyclisme","10":"tag-ffc","11":"tag-fr","12":"tag-france","13":"tag-route","14":"tag-sports","15":"tag-tour-de-france","16":"tag-uci","17":"tag-velo","18":"tag-world-tour"},"share_on_mastodon":{"url":"https:\/\/pubeurope.com\/@fr\/114939231196698777","error":""},"_links":{"self":[{"href":"https:\/\/www.europesays.com\/fr\/wp-json\/wp\/v2\/posts\/283049","targetHints":{"allow":["GET"]}}],"collection":[{"href":"https:\/\/www.europesays.com\/fr\/wp-json\/wp\/v2\/posts"}],"about":[{"href":"https:\/\/www.europesays.com\/fr\/wp-json\/wp\/v2\/types\/post"}],"author":[{"embeddable":true,"href":"https:\/\/www.europesays.com\/fr\/wp-json\/wp\/v2\/users\/2"}],"replies":[{"embeddable":true,"href":"https:\/\/www.europesays.com\/fr\/wp-json\/wp\/v2\/comments?post=283049"}],"version-history":[{"count":0,"href":"https:\/\/www.europesays.com\/fr\/wp-json\/wp\/v2\/posts\/283049\/revisions"}],"wp:featuredmedia":[{"embeddable":true,"href":"https:\/\/www.europesays.com\/fr\/wp-json\/wp\/v2\/media\/283050"}],"wp:attachment":[{"href":"https:\/\/www.europesays.com\/fr\/wp-json\/wp\/v2\/media?parent=283049"}],"wp:term":[{"taxonomy":"category","embeddable":true,"href":"https:\/\/www.europesays.com\/fr\/wp-json\/wp\/v2\/categories?post=283049"},{"taxonomy":"post_tag","embeddable":true,"href":"https:\/\/www.europesays.com\/fr\/wp-json\/wp\/v2\/tags?post=283049"}],"curies":[{"name":"wp","href":"https:\/\/api.w.org\/{rel}","templated":true}]}}