{"id":28305,"date":"2025-04-16T03:33:21","date_gmt":"2025-04-16T03:33:21","guid":{"rendered":"https:\/\/www.europesays.com\/fr\/28305\/"},"modified":"2025-04-16T03:33:21","modified_gmt":"2025-04-16T03:33:21","slug":"un-axe-routier-strategique-va-etre-ferme-a-la-circulation","status":"publish","type":"post","link":"https:\/\/www.europesays.com\/fr\/28305\/","title":{"rendered":"un axe routier strat\u00e9gique va \u00eatre ferm\u00e9 \u00e0 la circulation"},"content":{"rendered":"<p itemprop=\"description\"><strong>Ces mardi 15 et jeudi 17 avril, les travaux de l\u2019\u00e9changeur du Rondeau vont se poursuivre, provocant des nouvelles perturbations de circulation \u00e0 Grenoble.<\/strong><\/p>\n<p class=\"MsoNormal\" style=\"caret-color: #212121; color: #212121; font-size: 12pt; font-style: normal; font-variant-caps: normal; font-weight: 400; letter-spacing: normal; orphans: auto; text-align: start; text-indent: 0px; text-transform: none; white-space: normal; widows: auto; word-spacing: 0px; -webkit-text-stroke-width: 0px; text-decoration: none; margin: 0cm 0cm 8pt; line-height: 18.4px; font-family: Calibri, sans-serif;\">Les automobilistes vont devoir \u00eatre vigilants durant les nuits du mardi 15 et jeudi 17 avril. Au sud de Grenoble, le chantier de l\u2019\u00e9changeur du Rondeau va causer des fermetures de routes. La bretelle d\u2019entr\u00e9e vers la N87 sur l\u2019axe Lyon-Chamb\u00e9ry sera coup\u00e9e de la circulation \u00e0 partir de 20h30, ce mardi, et jusqu\u2019\u00e0 5h30 le lendemain.<\/p>\n<p class=\"MsoNormal\" style=\"caret-color: #212121; color: #212121; font-size: 12pt; font-style: normal; font-variant-caps: normal; font-weight: 400; letter-spacing: normal; orphans: auto; text-align: start; text-indent: 0px; text-transform: none; white-space: normal; widows: auto; word-spacing: 0px; -webkit-text-stroke-width: 0px; text-decoration: none; margin: 0cm 0cm 8pt; line-height: 18.4px; font-family: Calibri, sans-serif;\">La N87 en direction de la Savoie sera \u00e9galement ferm\u00e9e dans la nuit de jeudi, de 21h30 \u00e0 4h30. Cela va donc s\u2019additionner \u00e0 la bretelle reliant la rocade sud \u00e0 l\u2019A480 en direction de Gap, compl\u00e9tement ferm\u00e9e \u00e0 la circulation depuis le 17 mars dernier.<\/p>\n<p class=\"MsoNormal\" style=\"caret-color: #212121; color: #212121; font-size: 12pt; font-style: normal; font-variant-caps: normal; font-weight: 400; letter-spacing: normal; orphans: auto; text-align: start; text-indent: 0px; text-transform: none; white-space: normal; widows: auto; word-spacing: 0px; -webkit-text-stroke-width: 0px; text-decoration: none; margin: 0cm 0cm 8pt; line-height: 18.4px; font-family: Calibri, sans-serif;\"><strong>Les d\u00e9viations possibles<\/strong><\/p>\n<p class=\"MsoNormal\" style=\"caret-color: #212121; color: #212121; font-size: 12pt; font-style: normal; font-variant-caps: normal; font-weight: 400; letter-spacing: normal; orphans: auto; text-align: start; text-indent: 0px; text-transform: none; white-space: normal; widows: auto; word-spacing: 0px; -webkit-text-stroke-width: 0px; text-decoration: none; margin: 0cm 0cm 8pt; line-height: 18.4px; font-family: Calibri, sans-serif;\">Plusieurs d\u00e9viations vont \u00eatre mises en place. Pour la nuit du 15 avril, vous pourrez emprunter la sortie 3 vers la D1532, la D1075 et la D5b pour rejoindre la N87 si vous circulez dans le sens Lyon-Chamb\u00e9ry. En ce qui concerne le sens Chamb\u00e9ry-Sisteron, vous pourrez prendre la sortie 6, les avenues de Kimberley et de Grugliasco, puis la D1075 jusqu\u2019\u00e0 r\u00e9cup\u00e9rer l\u2019A480 \u00e0 la bretelle n\u00b07.<\/p>\n<p class=\"MsoNormal\" style=\"caret-color: #212121; color: #212121; font-size: 12pt; font-style: normal; font-variant-caps: normal; font-weight: 400; letter-spacing: normal; orphans: auto; text-align: start; text-indent: 0px; text-transform: none; white-space: normal; widows: auto; word-spacing: 0px; -webkit-text-stroke-width: 0px; text-decoration: none; margin: 0cm 0cm 8pt; line-height: 18.4px; font-family: Calibri, sans-serif;\">Pour la nuit du 17 avril, trois d\u00e9viations seront possibles. Il y aura les m\u00eames sorties pour les sens Lyon-Chamb\u00e9ry et Chamb\u00e9ry-Sisteron que le mardi 15 avril. Si vous circulez sur l\u2019axe Seyssins-Chamb\u00e9ry, il faudra emprunter l\u2019A480 jusqu\u2019\u00e0 la sortie 7 et remonter par la D1075 et les avenues de Grugliasco et de Kimberley pour retrouver la N87 au niveau de la bretelle n\u00b06.<\/p>\n","protected":false},"excerpt":{"rendered":"Ces mardi 15 et jeudi 17 avril, les travaux de l\u2019\u00e9changeur du Rondeau vont se poursuivre, provocant des&hellip;\n","protected":false},"author":2,"featured_media":28306,"comment_status":"","ping_status":"","sticky":false,"template":"","format":"standard","meta":{"footnotes":""},"categories":[9566],"tags":[1111,11,7733,8279,2430,7736,650,7734,2889,2263,1777,674,1011,27,2731,8280,6417,1114,108,4662,12,3725,1825,25,7737],"class_list":{"0":"post-28305","1":"post","2":"type-post","3":"status-publish","4":"format-standard","5":"has-post-thumbnail","7":"category-grenoble","8":"tag-actu","9":"tag-actualites","10":"tag-alpes","11":"tag-alpes1","12":"tag-auvergne-rhone-alpes","13":"tag-cds","14":"tag-cinema","15":"tag-ecoute","16":"tag-emission","17":"tag-equipe","18":"tag-eu","19":"tag-europe","20":"tag-fr","21":"tag-france","22":"tag-grenoble","23":"tag-haute","24":"tag-information","25":"tag-infos","26":"tag-isere","27":"tag-journal","28":"tag-news","29":"tag-podcast","30":"tag-radio","31":"tag-republique-francaise","32":"tag-winamp"},"share_on_mastodon":{"url":"https:\/\/pubeurope.com\/@fr\/114345541848187518","error":""},"_links":{"self":[{"href":"https:\/\/www.europesays.com\/fr\/wp-json\/wp\/v2\/posts\/28305","targetHints":{"allow":["GET"]}}],"collection":[{"href":"https:\/\/www.europesays.com\/fr\/wp-json\/wp\/v2\/posts"}],"about":[{"href":"https:\/\/www.europesays.com\/fr\/wp-json\/wp\/v2\/types\/post"}],"author":[{"embeddable":true,"href":"https:\/\/www.europesays.com\/fr\/wp-json\/wp\/v2\/users\/2"}],"replies":[{"embeddable":true,"href":"https:\/\/www.europesays.com\/fr\/wp-json\/wp\/v2\/comments?post=28305"}],"version-history":[{"count":0,"href":"https:\/\/www.europesays.com\/fr\/wp-json\/wp\/v2\/posts\/28305\/revisions"}],"wp:featuredmedia":[{"embeddable":true,"href":"https:\/\/www.europesays.com\/fr\/wp-json\/wp\/v2\/media\/28306"}],"wp:attachment":[{"href":"https:\/\/www.europesays.com\/fr\/wp-json\/wp\/v2\/media?parent=28305"}],"wp:term":[{"taxonomy":"category","embeddable":true,"href":"https:\/\/www.europesays.com\/fr\/wp-json\/wp\/v2\/categories?post=28305"},{"taxonomy":"post_tag","embeddable":true,"href":"https:\/\/www.europesays.com\/fr\/wp-json\/wp\/v2\/tags?post=28305"}],"curies":[{"name":"wp","href":"https:\/\/api.w.org\/{rel}","templated":true}]}}