{"id":283053,"date":"2025-07-29T23:58:10","date_gmt":"2025-07-29T23:58:10","guid":{"rendered":"https:\/\/www.europesays.com\/fr\/283053\/"},"modified":"2025-07-29T23:58:10","modified_gmt":"2025-07-29T23:58:10","slug":"kalash-en-conflit-avec-la-mere-de-ses-enfants-ingrid-littre-lancienne-candidate-a-miss-monde-placee-en-garde-a-vue","status":"publish","type":"post","link":"https:\/\/www.europesays.com\/fr\/283053\/","title":{"rendered":"Kalash en conflit avec la m\u00e8re de ses enfants, Ingrid Littr\u00e9 : l\u2019ancienne candidate \u00e0 Miss Monde plac\u00e9e en garde \u00e0 vue"},"content":{"rendered":"<p>      R\u00e9sum\u00e9<\/p>\n<p>Ingrid Littr\u00e9 a \u00e9t\u00e9 plac\u00e9e en garde \u00e0 vue apr\u00e8s un litige avec Kalash concernant la garde de leurs enfants, suscitant un rassemblement de soutien \u00e0 son encontre.<\/p>\n<p>        Sommaire<\/p>\n<p>Suite \u00e0 un diff\u00e9rend avec <a href=\"https:\/\/www.public.fr\/kalash-le-rappeur-arrete-apres-avoir-embouti-plusieurs-voitures-sur-les-champs-elysees\" target=\"_blank\" rel=\"noopener\">le rappeur Kalash<\/a> par rapport \u00e0 la garde de leurs enfants, Ingrid Littr\u00e9 vient de passer <strong>plusieurs heures en garde \u00e0 vue<\/strong>. En effet, l\u2019ex-candidate au concours Miss Monde aurait ignor\u00e9 une convocation devant le tribunal datant du 24\u00a0juillet dernier.<\/p>\n<p>Selon nos confr\u00e8res de Martinique La Premi\u00e8re, <strong>celle-ci refuserait de coop\u00e9rer avec les policiers<\/strong> et notamment indiquer o\u00f9 se trouvent ses enfants. L\u2019ex-avocate d\u2019Ingrid Littr\u00e9, Catherine Marceline, indique via un communiqu\u00e9 de presse que la m\u00e8re de famille aurait refus\u00e9 de remettre ses enfants au rappeur \u00ab\u00a0<strong>en dehors des modalit\u00e9s fix\u00e9es par leur jugement de divorce\u00a0\u00bb<\/strong>.\u00a0<\/p>\n<p>L&rsquo;ancienne compagne du rappeur Kalash est sortie de garde \u00e0 vue<\/p>\n<p><a href=\"https:\/\/www.public.fr\/videos\/exclu-video-kalash-jeune-je-me-suis-retrouve-livre-a-moi-meme-sans-toit-fixe\" target=\"_blank\" rel=\"noopener\">Le rappeur Kalash<\/a> aurait finalement pu <strong>les r\u00e9cup\u00e9rer neuf jours apr\u00e8s la date pr\u00e9vue<\/strong> du 15\u00a0juillet. Catherine Marceline en profite pour rappeler que \u00ab\u00a0la loi et la jurisprudence pr\u00e9voient que, pass\u00e9 la premi\u00e8re journ\u00e9e, celui qui ne vient pas r\u00e9cup\u00e9rer ses enfants a renonc\u00e9 \u00e0 son droit\u00a0\u00bb.\u00a0<\/p>\n<p>N\u00e9anmoins, la garde \u00e0 vue de l\u2019ancienne compagne <a href=\"https:\/\/www.instagram.com\/kalash972\/?hl=fr\" target=\"_blank\" rel=\"noopener\">du rappeur <\/a>Kalash serait <strong>enfin termin\u00e9e<\/strong>. Ce mardi 29 juillet 2025, au matin, plusieurs dizaines de femmes se sont rassembl\u00e9es devant l\u2019h\u00f4tel de police du Lamentin \u00e0 l\u2019appel de Catherine Marceline, justement, dans le but de soutenir Ingrid Littr\u00e9.<\/p>\n<p>Une action qui a visiblement port\u00e9 ses fruits, la garde \u00e0 vue de la m\u00e8re de famille \u00e9tant lev\u00e9e. Nos confr\u00e8res de France Info Martinique indiquent toutefois qu\u2019elle pourrait se faire convoquer ult\u00e9rieurement devant la justice.\u00a0<\/p>\n<p>Le coup de gueule de l&rsquo;ancienne candidate \u00e0 Miss Monde<\/p>\n<p>En ce qui concerne les enfants de l\u2019ancienne candidate \u00e0 Miss Monde et ex-compagne du rappeur Kalash, se trouveraient en ce moment m\u00eame aupr\u00e8s de la famille d\u2019Ingrid Littr\u00e9. Comme le relaient nos confr\u00e8res de France Info Martinique, la m\u00e8re de famille a souhait\u00e9 se d\u00e9fendre \u00e0 sa sortie de garde \u00e0 vue.\u00a0<\/p>\n<p>\u00ab\u00a0J\u2019ai toujours accept\u00e9, <strong>j\u2019ai toujours arrang\u00e9 Monsieur Valleray<\/strong> (Kalash de son vrai nom:ndlr) sur ses droits de visites et d\u2019h\u00e9bergement et, apr\u00e8s beaucoup d\u2019abus et retour des enfants dans un \u00e9tat physique et \u00e9motionnel non stable, j\u2019ai uniquement d\u00e9cid\u00e9 d\u2019appliquer le jugement\u00a0\u00bb, a-t-elle assur\u00e9.\u00a0<\/p>\n<p>Avant de poursuivre : \u00ab\u00a0L\u00e0, ce n\u2019est plus seulement la voix d\u2019une femme que l\u2019on veut faire taire, c\u2019est une voix que l\u2019on veut \u00e9teindre.\u00a0\u00bb<\/p>\n<p>      Mentionn\u00e9s dans cet article<\/p>\n<p>\u00c0 lire aussi<\/p>\n<p><script async src=\"\/\/www.instagram.com\/embed.js\"><\/script><\/p>\n","protected":false},"excerpt":{"rendered":"R\u00e9sum\u00e9 Ingrid Littr\u00e9 a \u00e9t\u00e9 plac\u00e9e en garde \u00e0 vue apr\u00e8s un litige avec Kalash concernant la garde&hellip;\n","protected":false},"author":2,"featured_media":283054,"comment_status":"","ping_status":"","sticky":false,"template":"","format":"standard","meta":{"footnotes":""},"categories":[1359],"tags":[58,59,1011,27,7774,42214,27042,973],"class_list":{"0":"post-283053","1":"post","2":"type-post","3":"status-publish","4":"format-standard","5":"has-post-thumbnail","7":"category-people","8":"tag-divertissement","9":"tag-entertainment","10":"tag-fr","11":"tag-france","12":"tag-garde-a-vue","13":"tag-kalash","14":"tag-miss-monde","15":"tag-people"},"share_on_mastodon":{"url":"https:\/\/pubeurope.com\/@fr\/114939239073000061","error":""},"_links":{"self":[{"href":"https:\/\/www.europesays.com\/fr\/wp-json\/wp\/v2\/posts\/283053","targetHints":{"allow":["GET"]}}],"collection":[{"href":"https:\/\/www.europesays.com\/fr\/wp-json\/wp\/v2\/posts"}],"about":[{"href":"https:\/\/www.europesays.com\/fr\/wp-json\/wp\/v2\/types\/post"}],"author":[{"embeddable":true,"href":"https:\/\/www.europesays.com\/fr\/wp-json\/wp\/v2\/users\/2"}],"replies":[{"embeddable":true,"href":"https:\/\/www.europesays.com\/fr\/wp-json\/wp\/v2\/comments?post=283053"}],"version-history":[{"count":0,"href":"https:\/\/www.europesays.com\/fr\/wp-json\/wp\/v2\/posts\/283053\/revisions"}],"wp:featuredmedia":[{"embeddable":true,"href":"https:\/\/www.europesays.com\/fr\/wp-json\/wp\/v2\/media\/283054"}],"wp:attachment":[{"href":"https:\/\/www.europesays.com\/fr\/wp-json\/wp\/v2\/media?parent=283053"}],"wp:term":[{"taxonomy":"category","embeddable":true,"href":"https:\/\/www.europesays.com\/fr\/wp-json\/wp\/v2\/categories?post=283053"},{"taxonomy":"post_tag","embeddable":true,"href":"https:\/\/www.europesays.com\/fr\/wp-json\/wp\/v2\/tags?post=283053"}],"curies":[{"name":"wp","href":"https:\/\/api.w.org\/{rel}","templated":true}]}}