{"id":283055,"date":"2025-07-29T23:59:14","date_gmt":"2025-07-29T23:59:14","guid":{"rendered":"https:\/\/www.europesays.com\/fr\/283055\/"},"modified":"2025-07-29T23:59:14","modified_gmt":"2025-07-29T23:59:14","slug":"comment-la-photographe-nan-goldin-a-perdu-la-vue","status":"publish","type":"post","link":"https:\/\/www.europesays.com\/fr\/283055\/","title":{"rendered":"comment la photographe Nan Goldin a perdu la vue"},"content":{"rendered":"<p>\n    Chroniqueuse culture \u00e0 \u00ab Marianne \u00bb, Val\u00e9rie Ab\u00e9cassis livre un portrait douloureux, marqu\u00e9 du sceau de la trahison, de la photographe juive am\u00e9ricaine Nan Goldin. D&rsquo;Arles 1987 \u00e0 Arles 2025, l&rsquo;\u00e9g\u00e9rie de la contre-culture new-yorkaise s&rsquo;est mu\u00e9e en une ardente militante pro-Gaza, qui n&rsquo;a pas eu un regard pour les victimes du 7 octobre.\n<\/p>\n<p class=\"article-text article-body__item\">\n    Dans les ann\u00e9es 80, c&rsquo;est elle, entre autres, qui nous a ouvert les yeux. Dans cette France sous Mitterrand qui commen\u00e7ait \u00e0 miser sur la vertu et l&rsquo;humanit\u00e9, la petite rousse du Massachusetts nous r\u00e9v\u00e9lait les marges, les corps non norm\u00e9s, les genres fluides, les visages ou les yeux tum\u00e9fi\u00e9s, la violence faite aux femmes, aux gays, aux transgenres. Elle nous montrait les d\u00e9pendances et les toxicos et, derri\u00e8re son objectif, ce monde moche \u00e9tait beau.\n<\/p>\n<p class=\"article-text article-body__item\">\n    <strong>\u00c0 LIRE AUSSI : <a href=\"https:\/\/www.marianne.net\/agora\/tribunes-libres\/deborah-munzer-avignon-est-devenue-la-citadelle-d-un-entre-soi\" rel=\"nofollow noopener\" target=\"_blank\">D\u00e9borah M\u00fcnzer\u00a0: Avignon est devenu \u00ab\u00a0la citadelle d&rsquo;un entre-soi\u00a0\u00bb<\/a><\/strong>\n<\/p>\n<p class=\"article-text article-body__item\">\n    En 1987, \u00e0 Arles, Nan Godin pr\u00e9sentait The Ballad of Sexual Dependency, \u0153uvre sur l\u2019amour, le sexe, la drogue et la perte, \u00e0 travers une Am\u00e9rique marginale qu\u2019elle portait \u00e0 bout de regard. Elle \u00e9tait juive, fille de survivants de la Shoah, des grands-parents qui avaient fui les pogroms en Russie, \u00e9lev\u00e9e, dixit, dans la conscience de l\u2019Holocauste. Une juive trash, qui a \u00e9t\u00e9 pute, serveuse, addict, lesbienne. Quel bonheur pour nous tous, aspirants rebelles.<\/p>\n","protected":false},"excerpt":{"rendered":"Chroniqueuse culture \u00e0 \u00ab Marianne \u00bb, Val\u00e9rie Ab\u00e9cassis livre un portrait douloureux, marqu\u00e9 du sceau de la trahison,&hellip;\n","protected":false},"author":2,"featured_media":283056,"comment_status":"","ping_status":"","sticky":false,"template":"","format":"standard","meta":{"footnotes":""},"categories":[1358],"tags":[1348,1384,1385,1386,58,59,1011,27],"class_list":{"0":"post-283055","1":"post","2":"type-post","3":"status-publish","4":"format-standard","5":"has-post-thumbnail","7":"category-arts-et-design","8":"tag-arts","9":"tag-arts-and-design","10":"tag-arts-et-design","11":"tag-design","12":"tag-divertissement","13":"tag-entertainment","14":"tag-fr","15":"tag-france"},"share_on_mastodon":{"url":"https:\/\/pubeurope.com\/@fr\/114939243038346516","error":""},"_links":{"self":[{"href":"https:\/\/www.europesays.com\/fr\/wp-json\/wp\/v2\/posts\/283055","targetHints":{"allow":["GET"]}}],"collection":[{"href":"https:\/\/www.europesays.com\/fr\/wp-json\/wp\/v2\/posts"}],"about":[{"href":"https:\/\/www.europesays.com\/fr\/wp-json\/wp\/v2\/types\/post"}],"author":[{"embeddable":true,"href":"https:\/\/www.europesays.com\/fr\/wp-json\/wp\/v2\/users\/2"}],"replies":[{"embeddable":true,"href":"https:\/\/www.europesays.com\/fr\/wp-json\/wp\/v2\/comments?post=283055"}],"version-history":[{"count":0,"href":"https:\/\/www.europesays.com\/fr\/wp-json\/wp\/v2\/posts\/283055\/revisions"}],"wp:featuredmedia":[{"embeddable":true,"href":"https:\/\/www.europesays.com\/fr\/wp-json\/wp\/v2\/media\/283056"}],"wp:attachment":[{"href":"https:\/\/www.europesays.com\/fr\/wp-json\/wp\/v2\/media?parent=283055"}],"wp:term":[{"taxonomy":"category","embeddable":true,"href":"https:\/\/www.europesays.com\/fr\/wp-json\/wp\/v2\/categories?post=283055"},{"taxonomy":"post_tag","embeddable":true,"href":"https:\/\/www.europesays.com\/fr\/wp-json\/wp\/v2\/tags?post=283055"}],"curies":[{"name":"wp","href":"https:\/\/api.w.org\/{rel}","templated":true}]}}