{"id":283059,"date":"2025-07-30T00:01:10","date_gmt":"2025-07-30T00:01:10","guid":{"rendered":"https:\/\/www.europesays.com\/fr\/283059\/"},"modified":"2025-07-30T00:01:10","modified_gmt":"2025-07-30T00:01:10","slug":"joel-napparaitra-plus-dans-tout-le-monde-veut-prendre-sa-place-pendant-deux-semaines-et-cyril-feraud-en-donne-la-raison","status":"publish","type":"post","link":"https:\/\/www.europesays.com\/fr\/283059\/","title":{"rendered":"Jo\u00ebl n&rsquo;appara\u00eetra plus dans \u00ab\u00a0Tout le monde veut prendre sa place\u00a0\u00bb pendant deux semaines et Cyril F\u00e9raud en donne la raison"},"content":{"rendered":"<p>      R\u00e9sum\u00e9<\/p>\n<p>Le champion Jo\u00ebl fait une pause de deux semaines dans \u00ab\u00a0Tout le monde veut prendre sa place\u00a0\u00bb pendant les vacances d&rsquo;\u00e9t\u00e9, laissant place \u00e0 des rediffusions d\u2019anciens matchs.<\/p>\n<p>        Sommaire<\/p>\n<p>Apr\u00e8s <a href=\"https:\/\/www.public.fr\/emilien-evince-des-12-coups-de-midi-ce-quil-a-fait-pour-la-nouvelle-maitre-du-jeu-dans-le-cadre-prive\" target=\"_blank\" rel=\"noopener\">\u00c9milien dans <strong>\u00ab\u00a0Les 12 coups de midi\u00a0\u00bb<\/strong>,<\/a> <a href=\"https:\/\/www.public.fr\/cest-une-facade-cest-un-etre-abject-faut-le-savoir-tout-est-faux-comme-ses-dents-cyril-feraud-trahi-par-son-champion\" target=\"_blank\" rel=\"noopener\">Jo\u00ebl dans <strong>\u00ab\u00a0Tout le monde veut prendre sa place\u00a0\u00bb<\/strong><\/a> ? Si les t\u00e9l\u00e9spectateurs de France 2 n\u2019ont pas suivi les derniers num\u00e9ros du jeu pr\u00e9sent\u00e9 par <a href=\"https:\/\/www.public.fr\/tag\/cyril-feraud\" target=\"_blank\" rel=\"noopener\">Cyril F\u00e9raud<\/a>, ils pourraient penser que le retrait\u00e9 de la SNCF a bel et bien <strong>c\u00e9d\u00e9 son tr\u00f4ne<\/strong> apr\u00e8s avoir cumul\u00e9 172 victoires. Pourtant, il n\u2019en est rien.<\/p>\n<p>En effet, l\u2019homme originaire des Landes reste le deuxi\u00e8me plus grand champion de l\u2019histoire du programme et peut toujours esp\u00e9rer tenter de battre le record de l\u2019intouchable Marie-Christine avec ses 213 victoires.\u00a0<\/p>\n<p>\u00ab\u00a0Tout le monde veut prendre sa place\u00a0\u00bb, en vacances pendant deux semaines<\/p>\n<p>Mais alors, pour quelle raison d\u2019autres champions occupent le si\u00e8ge de Jo\u00ebl depuis le d\u00e9but de la semaine ? Tout simplement parce que <a href=\"https:\/\/vsd.fr\/tag\/cyril-feraud\/\" target=\"_blank\" rel=\"noopener\">Cyril F\u00e9raud<\/a> et les \u00e9quipes de <strong>\u00ab\u00a0Tout le monde veut prendre sa place\u00a0\u00bb<\/strong> ont <strong>pris un peu de repos<\/strong>, comme l\u2019animateur l\u2019a annonc\u00e9 le 27 juillet dernier.<\/p>\n<p>Le pr\u00e9sentateur originaire de Digne-les-Bains a en effet annonc\u00e9 que lui et son champion allaient \u00eatre absents pendant deux semaines : \u00ab\u00a0Je vais vous souhaiter de bonnes vacances car \u00e0 partir de demain, <strong>Tout le monde veut prendre sa place passe en mode \u00e9t\u00e9<\/strong>\u00ab\u00a0.\u00a0<\/p>\n<p>\u00ab\u00a0On va revivre les plus beaux matchs avec les plus grands champions. Nous, on se retrouve <strong>dans deux semaines tout pile<\/strong>.\u00a0Bonnes vacances \u00e0 tous\u00a0\u00bb, avait finalement pr\u00e9venu Cyril F\u00e9raud afin de rassurer tous les fans de l\u2019\u00e9mission et du champion de<strong> \u00ab\u00a0Tout le monde veut prendre sa place\u00a0\u00bb<\/strong>.\u00a0<\/p>\n<p>Des vacances bien m\u00e9rit\u00e9es pour le champion Jo\u00ebl<\/p>\n<p>De fait, d\u2019ici deux semaines, le retrait\u00e9 de la SNCF va pouvoir tenter de faire grimper sa cagnotte qui s\u2019\u00e9l\u00e8ve d\u00e9j\u00e0 \u00e0 163 000 euros, et se rapprocher du record de victoires de Marie-Christine. N\u00e9anmoins, nul doute que le candidat originaire des Landes profite de cette pause.<\/p>\n<p>Nos confr\u00e8res de T\u00e9l\u00e9-Loisirs rappellent en effet que Jo\u00ebl leur avait fait part de son \u00e9puisement il y a peu. \u00ab\u00a0Les gens ne s\u2019en rendent pas compte, mais c\u2019est extr\u00eamement \u00e9prouvant, aussi bien physiquement que nerveusement. Il fait chaud, il y a les projecteurs, le bruit\u2026\u00a0\u00bb, confiait-il, ext\u00e9nu\u00e9.<\/p>\n<p>Reste \u00e0 savoir si cette pause, bien m\u00e9rit\u00e9e, lui permette de revenir en pleine forme pour garder son tr\u00f4ne encore longtemps. Ou si, au contraire, celle-ci ait un impact n\u00e9gatif et le conduise vers sa perte dans le jeu de France 2.<\/p>\n<p>      Mentionn\u00e9s dans cet article<\/p>\n<p>\u00c0 lire aussi<\/p>\n","protected":false},"excerpt":{"rendered":"R\u00e9sum\u00e9 Le champion Jo\u00ebl fait une pause de deux semaines dans \u00ab\u00a0Tout le monde veut prendre sa place\u00a0\u00bb&hellip;\n","protected":false},"author":2,"featured_media":283060,"comment_status":"","ping_status":"","sticky":false,"template":"","format":"standard","meta":{"footnotes":""},"categories":[1356],"tags":[4642,58,59,1011,27,594,252,12120,1364],"class_list":{"0":"post-283059","1":"post","2":"type-post","3":"status-publish","4":"format-standard","5":"has-post-thumbnail","7":"category-television","8":"tag-cyril-feraud","9":"tag-divertissement","10":"tag-entertainment","11":"tag-fr","12":"tag-france","13":"tag-france-2","14":"tag-television","15":"tag-tout-le-monde-veut-prendre-sa-place","16":"tag-tv"},"share_on_mastodon":{"url":"https:\/\/pubeurope.com\/@fr\/114939250847434623","error":""},"_links":{"self":[{"href":"https:\/\/www.europesays.com\/fr\/wp-json\/wp\/v2\/posts\/283059","targetHints":{"allow":["GET"]}}],"collection":[{"href":"https:\/\/www.europesays.com\/fr\/wp-json\/wp\/v2\/posts"}],"about":[{"href":"https:\/\/www.europesays.com\/fr\/wp-json\/wp\/v2\/types\/post"}],"author":[{"embeddable":true,"href":"https:\/\/www.europesays.com\/fr\/wp-json\/wp\/v2\/users\/2"}],"replies":[{"embeddable":true,"href":"https:\/\/www.europesays.com\/fr\/wp-json\/wp\/v2\/comments?post=283059"}],"version-history":[{"count":0,"href":"https:\/\/www.europesays.com\/fr\/wp-json\/wp\/v2\/posts\/283059\/revisions"}],"wp:featuredmedia":[{"embeddable":true,"href":"https:\/\/www.europesays.com\/fr\/wp-json\/wp\/v2\/media\/283060"}],"wp:attachment":[{"href":"https:\/\/www.europesays.com\/fr\/wp-json\/wp\/v2\/media?parent=283059"}],"wp:term":[{"taxonomy":"category","embeddable":true,"href":"https:\/\/www.europesays.com\/fr\/wp-json\/wp\/v2\/categories?post=283059"},{"taxonomy":"post_tag","embeddable":true,"href":"https:\/\/www.europesays.com\/fr\/wp-json\/wp\/v2\/tags?post=283059"}],"curies":[{"name":"wp","href":"https:\/\/api.w.org\/{rel}","templated":true}]}}