{"id":283075,"date":"2025-07-30T00:09:12","date_gmt":"2025-07-30T00:09:12","guid":{"rendered":"https:\/\/www.europesays.com\/fr\/283075\/"},"modified":"2025-07-30T00:09:12","modified_gmt":"2025-07-30T00:09:12","slug":"le-gouvernement-trump-recule-sur-la-regulation-des-emissions-de-gaz-a-effet-de-serre-29-07-2025-a-2124","status":"publish","type":"post","link":"https:\/\/www.europesays.com\/fr\/283075\/","title":{"rendered":"Le gouvernement Trump recule sur la r\u00e9gulation des \u00e9missions de gaz \u00e0 effet de serre &#8211; 29\/07\/2025 \u00e0 21:24"},"content":{"rendered":"<p>        <img fetchpriority=\"high\" decoding=\"async\" src=\"https:\/\/www.europesays.com\/fr\/wp-content\/uploads\/2025\/07\/1fdef863fd4394ffaf537d5260e35259-760x506.jpg\" alt=\"Le patron de l'Agence f\u00e9d\u00e9rale am\u00e9ricaine de protection de l'environnement (EPA), Lee Zeldin \u00e0 Huger, en Caroline du Sud, aux Etats-Unis, le 1er mai 2025 ( POOL \/ Kevin Lamarque )\" loading=\"eager\" width=\"760\" height=\"506\" style=\"max-width: 100%!important; height: auto;\"\/><\/p>\n<p class=\"c-image-news__legend\">Le patron de l&rsquo;Agence f\u00e9d\u00e9rale am\u00e9ricaine de protection de l&rsquo;environnement (EPA), Lee Zeldin \u00e0 Huger, en Caroline du Sud, aux Etats-Unis, le 1er mai 2025 ( POOL \/ Kevin Lamarque )<\/p>\n<p>\n Le gouvernement de Donald Trump a annonc\u00e9 mardi revenir sur une d\u00e9cision cl\u00e9 pour la r\u00e9gulation des \u00e9missions de gaz \u00e0 effet de serre, des pots d&rsquo;\u00e9chappement aux centrales \u00e0 gaz, mettant \u00e0 mal la lutte contre le changement climatique aux Etats-Unis.\n<\/p>\n<p>\n \u00ab\u00a0Si elle est finalis\u00e9e, l&rsquo;annonce d&rsquo;aujourd&rsquo;hui serait la plus grande mesure de d\u00e9r\u00e9gulation de l&rsquo;histoire des Etats-Unis\u00a0\u00bb, a d\u00e9clar\u00e9 Lee Zeldin, le patron de l&rsquo;Agence f\u00e9d\u00e9rale de protection de l&rsquo;environnement (EPA), depuis une concession automobile d&rsquo;Indianapolis, dans le nord du pays.\n<\/p>\n<p>\n Soutenu par les industries fossiles, le pr\u00e9sident am\u00e9ricain a depuis son retour en janvier multipli\u00e9 les mesures hostiles \u00e0 la lutte contre le r\u00e9chauffement climatique.\n<\/p>\n<p>\n Les Etats-Unis sont le deuxi\u00e8me plus gros \u00e9metteur mondial et le plus important de l&rsquo;histoire.\n<\/p>\n<p>\n L&rsquo;annonce de mardi, qui doit encore passer par une phase de consultation publique de 45 jours, s&rsquo;attaque \u00e0 une d\u00e9cision prise pendant le premier mandat de l&rsquo;ex-pr\u00e9sident Barack Obama.\n<\/p>\n<p>\n Cet \u00ab\u00a0Endangerment Finding\u00a0\u00bb de 2009 constitue la base l\u00e9gale de tr\u00e8s nombreuses r\u00e9gulations f\u00e9d\u00e9rales visant \u00e0 lutter contre le r\u00e9chauffement climatique.\n<\/p>\n<p>\n Pouss\u00e9e par un jugement de la Cour supr\u00eame, l&rsquo;EPA y a estim\u00e9 que les gaz \u00e0 effet de serre \u00e9taient dangereux pour la sant\u00e9 publique et que, en cons\u00e9quence, elle \u00e9tait comp\u00e9tente pour r\u00e9guler leurs \u00e9missions en vertu d&rsquo;une loi de 1970, le Clean Air Act.\n<\/p>\n<p> &#8211; \u00ab\u00a0Raccourcis intellectuels\u00a0\u00bb &#8211;<\/p>\n<p>\n Selon l&rsquo;actuel patron de l&rsquo;EPA, l&rsquo;agence avait fait \u00e0 l&rsquo;\u00e9poque des \u00ab\u00a0raccourcis intellectuels\u00a0\u00bb lors de l&rsquo;\u00e9laboration de cette d\u00e9cision, qui s&rsquo;appuie pourtant sur un large consensus scientifique.\n<\/p>\n<p>\n \u00ab\u00a0Les conservateurs aiment l&rsquo;environnement, veulent \u00eatre des bons gardiens de l&rsquo;environnement\u00a0\u00bb, a assur\u00e9 mardi Lee Zeldin sur le podcast \u00ab\u00a0Ruthless Podcast\u00a0\u00bb, marqu\u00e9 \u00e0 droite. Mais \u00ab\u00a0il y a des personnes qui (&#8230;) sont pr\u00eates \u00e0 ruiner le pays au nom de la justice environnementale.\u00a0\u00bb\n<\/p>\n<p>\n Cette r\u00e9forme devrait notamment permettre une vaste d\u00e9r\u00e9gulation pour le secteur automobile en assouplissant les r\u00e8gles sur les \u00e9missions des v\u00e9hicules.\n<\/p>\n<p>\n Le secteur des transports constitue aux Etats-Unis la premi\u00e8re source d&rsquo;\u00e9missions de gaz \u00e0 effet de serre, l&rsquo;essentiel des Am\u00e9ricains utilisant la voiture pour leurs trajets quotidiens.\n<\/p>\n<p>\n Si le secteur am\u00e9ricain des transports \u00e9tait un pays, il serait le quatri\u00e8me plus gros \u00e9metteur de gaz \u00e0 effet de serre du monde, selon l&rsquo;ONG Natural Resources Defense Council.\n<\/p>\n<p>\n La d\u00e9cision de mardi devrait aussi toucher les r\u00e8gles concernant les \u00e9missions des centrales \u00e0 gaz ou \u00e0 charbon. Environ 60% de l&rsquo;\u00e9lectricit\u00e9 am\u00e9ricaine est tir\u00e9e des combustibles fossiles.\n<\/p>\n<p> &#8211; \u00ab\u00a0Tr\u00e8s politis\u00e9e\u00a0\u00bb &#8211;<\/p>\n<p>\n Dan Becker, de l&rsquo;association environnementale Center for Biological Diversity, a assur\u00e9 \u00e0 l&rsquo;AFP que la d\u00e9cision de 2009 avait r\u00e9sist\u00e9 \u00e0 plusieurs assauts juridiques. \u00ab\u00a0Mais cette fois-ci, c&rsquo;est le gouvernement lui-m\u00eame qui m\u00e8ne l&rsquo;attaque\u00a0\u00bb, a-t-il d\u00e9plor\u00e9.\n<\/p>\n<p>\n Ce retour en arri\u00e8re de l&rsquo;ex\u00e9cutif am\u00e9ricain sera, selon toute vraisemblance, contest\u00e9 devant la justice, probablement jusqu&rsquo;\u00e0 la Cour supr\u00eame. Donner raison \u00e0 l&rsquo;administration Trump reviendrait \u00e0 un revirement de jurisprudence: c&rsquo;est une d\u00e9cision de la Haute cour, en 2007, qui est \u00e0 l&rsquo;origine m\u00eame de l'\u00a0\u00bbEndangerment Finding\u00a0\u00bb.\n<\/p>\n<p>\n \u00ab\u00a0J&rsquo;esp\u00e8re que (les juges) vont reconna\u00eetre qu&rsquo;il s&rsquo;agit l\u00e0 de science, et non de politique\u00a0\u00bb, a ajout\u00e9 Dan Becker. Mais la Cour Supr\u00eame est \u00ab\u00a0tr\u00e8s politis\u00e9e\u00a0\u00bb, dit-il.\n<\/p>\n<p>\n Elle est aujourd&rsquo;hui constitu\u00e9e de six juges conservateurs contre trois progressistes.\n<\/p>\n<p>\n Depuis son retour \u00e0 la Maison Blanche en janvier, Donald Trump a quitt\u00e9 l&rsquo;Accord de Paris sur le climat et favoris\u00e9 l&rsquo;exploitation du gaz et du p\u00e9trole, notamment dans des r\u00e9gions sauvages de l&rsquo;Alaska.\n<\/p>\n<p>\n Cette annonce intervient en pleine vague de chaleur sur la c\u00f4te est du pays, et alors que la plan\u00e8te a v\u00e9cu en 2024 l&rsquo;ann\u00e9e la plus chaude jamais enregistr\u00e9e.<\/p>\n","protected":false},"excerpt":{"rendered":"Le patron de l&rsquo;Agence f\u00e9d\u00e9rale am\u00e9ricaine de protection de l&rsquo;environnement (EPA), Lee Zeldin \u00e0 Huger, en Caroline du&hellip;\n","protected":false},"author":2,"featured_media":283076,"comment_status":"","ping_status":"","sticky":false,"template":"","format":"standard","meta":{"footnotes":""},"categories":[5],"tags":[400,11,398,408,405,1011,27,403,14,402,399,404,12,401,406,407,28],"class_list":{"0":"post-283075","1":"post","2":"type-post","3":"status-publish","4":"format-standard","5":"has-post-thumbnail","7":"category-international","8":"tag-action-cac-40","9":"tag-actualites","10":"tag-bourse-de-paris","11":"tag-boursorama","12":"tag-cotations","13":"tag-fr","14":"tag-france","15":"tag-indices-devises","16":"tag-international","17":"tag-investir","18":"tag-investissement","19":"tag-marche-boursier","20":"tag-news","21":"tag-sicav","22":"tag-trackers","23":"tag-warrants","24":"tag-world"},"share_on_mastodon":{"url":"https:\/\/pubeurope.com\/@fr\/114939282336730766","error":""},"_links":{"self":[{"href":"https:\/\/www.europesays.com\/fr\/wp-json\/wp\/v2\/posts\/283075","targetHints":{"allow":["GET"]}}],"collection":[{"href":"https:\/\/www.europesays.com\/fr\/wp-json\/wp\/v2\/posts"}],"about":[{"href":"https:\/\/www.europesays.com\/fr\/wp-json\/wp\/v2\/types\/post"}],"author":[{"embeddable":true,"href":"https:\/\/www.europesays.com\/fr\/wp-json\/wp\/v2\/users\/2"}],"replies":[{"embeddable":true,"href":"https:\/\/www.europesays.com\/fr\/wp-json\/wp\/v2\/comments?post=283075"}],"version-history":[{"count":0,"href":"https:\/\/www.europesays.com\/fr\/wp-json\/wp\/v2\/posts\/283075\/revisions"}],"wp:featuredmedia":[{"embeddable":true,"href":"https:\/\/www.europesays.com\/fr\/wp-json\/wp\/v2\/media\/283076"}],"wp:attachment":[{"href":"https:\/\/www.europesays.com\/fr\/wp-json\/wp\/v2\/media?parent=283075"}],"wp:term":[{"taxonomy":"category","embeddable":true,"href":"https:\/\/www.europesays.com\/fr\/wp-json\/wp\/v2\/categories?post=283075"},{"taxonomy":"post_tag","embeddable":true,"href":"https:\/\/www.europesays.com\/fr\/wp-json\/wp\/v2\/tags?post=283075"}],"curies":[{"name":"wp","href":"https:\/\/api.w.org\/{rel}","templated":true}]}}