{"id":283084,"date":"2025-07-30T00:18:11","date_gmt":"2025-07-30T00:18:11","guid":{"rendered":"https:\/\/www.europesays.com\/fr\/283084\/"},"modified":"2025-07-30T00:18:11","modified_gmt":"2025-07-30T00:18:11","slug":"du-beau-monde-et-de-nouveaux-visages-pour-la-rentree-des-classes-au-campus-rct","status":"publish","type":"post","link":"https:\/\/www.europesays.com\/fr\/283084\/","title":{"rendered":"Du beau monde et de nouveaux visages pour la rentr\u00e9e des classes au Campus RCT"},"content":{"rendered":"<p>Le regain d\u2019engouement de la saison derni\u00e8re ne semble pas avoir faibli. Ce mardi, vers 9h30, il fallait m\u00eame patienter quelques minutes avant de pouvoir s\u2019engouffrer dans le centre d\u2019entra\u00eenement rouge et noir. Et apercevoir les hommes de Pierre Mignoni en train de b\u00fbcher, sur le rectangle vert du Campus RCT. L\u00e0, des centaines de supporters attendaient d\u2019assister \u00e0 la rentr\u00e9e des classes \u00ab\u00a0publique\u00a0\u00bb des Rouge et Noir, d\u00e9j\u00e0 en piste la veille.<\/p>\n<p>Sous le cagnard toulonnais, ces derniers, \u00e9l\u00e8ves de la saison pass\u00e9e ou petits nouveaux, avaient pris position depuis plusieurs minutes d\u00e9j\u00e0 autour de leurs ma\u00eetres: Mignoni, Parisse et consorts. Au programme: oppositions sur grand terrain et ateliers en petits groupes.<\/p>\n<p>L\u2019occasion, avant de demander selfies et d\u00e9dicaces, de d\u00e9couvrir quelques nouveaux visages dans la capitale varoise: ceux des recrues Mat\u00e9o Garcia, Zach Mercer, Patrick Tuifua, Mathis Fert\u00e9, Clovis Le Bail, Nikoloz Narmania, et de quelques jeunes espoirs. \u00ab\u00a0Il est o\u00f9, Carbonel?\u00a0\u00bb, l\u00e2chaient quand m\u00eame certains en plaisantant, pas malheureux \u00e0 l\u2019id\u00e9e de revoir leurs joueurs apr\u00e8s plus d\u2019un mois de coupure, cons\u00e9cutive \u00e0 la demi-finale perdue contre l\u2019Union Bordeaux-B\u00e8gles.<\/p>\n<p>La reprise des entra\u00eenements publics &#8211; qui pr\u00e9c\u00e9dera bien d\u2019autres \u00e9tapes dans la pr\u00e9paration estivale &#8211; a ainsi permis aux nombreux aficionados d\u2019assister aux premiers lancements de jeu de la saison. Avec d\u00e9j\u00e0 quelques petits enseignements: Zach Mercer, recrue phare de l\u2019intersaison, n\u2019a rien perdu de ses mains, et les jeunes du centre de formation, \u00e0 l\u2019image du deuxi\u00e8me ou troisi\u00e8me ligne Fabio Zingone, n\u2019ont pas peur de se montrer.<\/p>\n<p>Reprise le 18 ao\u00fbt pour les internationaux<\/p>\n<p>              <img ci-src=\"https:\/\/www.varmatin.com\/rugby\/protec\/DATA_ART_15990436-S9OwBMet.jpg?vh=6ec727&amp;ci_seal=3c478fdb85\" alt=\"\"\/><br \/>\n        Les spectateurs \u00e9taient nombreux \u00e0 assister \u00e0 la session matinale. <\/p>\n<p>D\u2019autres, en revanche, attendront avant de pointer le bout de leur nez \u00e0 Sainte-Musse. Les internationaux ayant \u00e9t\u00e9 engag\u00e9s sur la tourn\u00e9e estivale ou le championnat du monde des moins de 20 ans, comme Esteban Abadie, Gabin Villi\u00e8re, Corentin M\u00e9zou, ou Samuel Jean-Christophe, ne reprendront que le 18 ao\u00fbt. Quant \u00e0 l\u2019\u00c9cossais Ben White, r\u00e9cemment align\u00e9 avec les Lions britanniques et irlandais, il ne retrouvera le Campus qu\u2019au mois de septembre, la s\u00e9rie en Australie \u00e9tant toujours d\u2019actualit\u00e9.<\/p>\n<p>D\u2019ici l\u00e0, ses camarades de jeu auront le temps de (re)travailler le physique et les automatismes. Pour \u00eatre pr\u00eat, le 6 septembre, \u00e0 replonger dans l\u2019impitoyable machine du Top 14.<\/p>\n","protected":false},"excerpt":{"rendered":"Le regain d\u2019engouement de la saison derni\u00e8re ne semble pas avoir faibli. Ce mardi, vers 9h30, il fallait&hellip;\n","protected":false},"author":2,"featured_media":283085,"comment_status":"","ping_status":"","sticky":false,"template":"","format":"standard","meta":{"footnotes":""},"categories":[9619],"tags":[1111,11,1777,674,1011,27,12,882,25,479,60,2310],"class_list":{"0":"post-283084","1":"post","2":"type-post","3":"status-publish","4":"format-standard","5":"has-post-thumbnail","7":"category-toulon","8":"tag-actu","9":"tag-actualites","10":"tag-eu","11":"tag-europe","12":"tag-fr","13":"tag-france","14":"tag-news","15":"tag-provence-alpes-cote-dazur","16":"tag-republique-francaise","17":"tag-rugby","18":"tag-sports","19":"tag-toulon"},"share_on_mastodon":{"url":"https:\/\/pubeurope.com\/@fr\/114939317584249490","error":""},"_links":{"self":[{"href":"https:\/\/www.europesays.com\/fr\/wp-json\/wp\/v2\/posts\/283084","targetHints":{"allow":["GET"]}}],"collection":[{"href":"https:\/\/www.europesays.com\/fr\/wp-json\/wp\/v2\/posts"}],"about":[{"href":"https:\/\/www.europesays.com\/fr\/wp-json\/wp\/v2\/types\/post"}],"author":[{"embeddable":true,"href":"https:\/\/www.europesays.com\/fr\/wp-json\/wp\/v2\/users\/2"}],"replies":[{"embeddable":true,"href":"https:\/\/www.europesays.com\/fr\/wp-json\/wp\/v2\/comments?post=283084"}],"version-history":[{"count":0,"href":"https:\/\/www.europesays.com\/fr\/wp-json\/wp\/v2\/posts\/283084\/revisions"}],"wp:featuredmedia":[{"embeddable":true,"href":"https:\/\/www.europesays.com\/fr\/wp-json\/wp\/v2\/media\/283085"}],"wp:attachment":[{"href":"https:\/\/www.europesays.com\/fr\/wp-json\/wp\/v2\/media?parent=283084"}],"wp:term":[{"taxonomy":"category","embeddable":true,"href":"https:\/\/www.europesays.com\/fr\/wp-json\/wp\/v2\/categories?post=283084"},{"taxonomy":"post_tag","embeddable":true,"href":"https:\/\/www.europesays.com\/fr\/wp-json\/wp\/v2\/tags?post=283084"}],"curies":[{"name":"wp","href":"https:\/\/api.w.org\/{rel}","templated":true}]}}