{"id":283101,"date":"2025-07-30T00:28:19","date_gmt":"2025-07-30T00:28:19","guid":{"rendered":"https:\/\/www.europesays.com\/fr\/283101\/"},"modified":"2025-07-30T00:28:19","modified_gmt":"2025-07-30T00:28:19","slug":"toute-lactu-top-music-strasbourg-un-homme-ecroue-pour-avoir-poignarde-sa-belle-fille-de-15-ans","status":"publish","type":"post","link":"https:\/\/www.europesays.com\/fr\/283101\/","title":{"rendered":"Toute l&rsquo;actu Top Music &#8211; Strasbourg : un homme \u00e9crou\u00e9 pour avoir poignard\u00e9 sa belle-fille de 15 ans"},"content":{"rendered":"<p><img decoding=\"async\" class=\"\" style=\"width:100%\" src=\"https:\/\/www.europesays.com\/fr\/wp-content\/uploads\/2025\/07\/police1753781616133.jpg\" alt=\"L'homme \u00e9crou\u00e9 n'\u00e9tait pas connu des services de police\"\/><\/p>\n<p>L&rsquo;homme \u00e9crou\u00e9 n&rsquo;\u00e9tait pas connu des services de police<\/p>\n<p>Cr\u00e9dit : Facebook : Police Nationale <\/p>\n<p>Les faits se sont d\u00e9roul\u00e9s <strong>samedi 26 juillet<\/strong> dans un immeuble de la <strong>rue du Faubourg-National, \u00e0 Strasbourg<\/strong>. Un homme de 35 ans s\u2019est pr\u00e9sent\u00e9 \u00e0 l\u2019improviste au domicile de son ex-compagne, avec laquelle il a un enfant de deux ans. D\u2019apr\u00e8s les premiers \u00e9l\u00e9ments de l\u2019enqu\u00eate, <strong>c\u2019est en apprenant que la fille a\u00een\u00e9e de cette derni\u00e8re, une adolescente de 15 ans, \u00e9tait en couple avec un jeune homme d\u2019origine marocaine, que la situation aurait d\u00e9g\u00e9n\u00e9r\u00e9.<\/strong><strong>\u00a0<\/strong><\/p>\n<p>Selon l\u2019AFP,<strong> l\u2019homme aurait alors saisi un couteau<\/strong> dans la cuisine avant de s\u2019en prendre aux deux gar\u00e7ons pr\u00e9sents &#8211; le petit ami de la jeune fille et un camarade &#8211; qu\u2019il aurait pourchass\u00e9 jusque sur la voie publique. <strong>Il serait ensuite remont\u00e9 dans l\u2019appartement, o\u00f9 il aurait attaqu\u00e9 l\u2019adolescente par surprise,<\/strong> lui portant un coup de couteau au niveau des cervicales pendant qu\u2019elle lui tournait le dos.\u00a0<\/p>\n<p><strong>Son pronostic vital n&rsquo;est plus engag\u00e9<\/strong><\/p>\n<p>Pour fuir l\u2019agresseur, la jeune fille <strong>a saut\u00e9 du premier \u00e9tage<\/strong>. Gri\u00e8vement bless\u00e9e, souffrant notamment de <strong>fractures aux c\u00f4tes<\/strong> et d\u2019<strong>un poumon atteint<\/strong>, elle a \u00e9t\u00e9 hospitalis\u00e9e. <strong>Son pronostic vital n\u2019est toutefois pas engag\u00e9, pr\u00e9cise le parquet.<\/strong><strong>\u00a0<\/strong><\/p>\n<p><strong>L\u2019homme a \u00e9t\u00e9 interpell\u00e9 rapidement,<\/strong> notamment gr\u00e2ce \u00e0 l\u2019intervention de passants. Inconnu de la justice jusqu\u2019alors, <strong>il a \u00e9t\u00e9 mis en examen<\/strong> <strong>le lundi 28 juillet<\/strong> pour tentative de meurtre sur mineure de moins de 15 ans. Il a \u00e9t\u00e9 plac\u00e9 en <strong>d\u00e9tention provisoire<\/strong> dans l\u2019attente de la suite de l\u2019enqu\u00eate.\u00a0<\/p>\n<p>\u00a0<\/p>\n","protected":false},"excerpt":{"rendered":"L&rsquo;homme \u00e9crou\u00e9 n&rsquo;\u00e9tait pas connu des services de police Cr\u00e9dit : Facebook : Police Nationale Les faits se&hellip;\n","protected":false},"author":2,"featured_media":283102,"comment_status":"","ping_status":"","sticky":false,"template":"","format":"standard","meta":{"footnotes":""},"categories":[2820],"tags":[1111,11,13008,1120,2389,42224,42223,5264,4773,1067,1777,674,1011,27,7066,775,16448,11272,12,25,640,7451],"class_list":{"0":"post-283101","1":"post","2":"type-post","3":"status-publish","4":"format-standard","5":"has-post-thumbnail","7":"category-strasbourg","8":"tag-actu","9":"tag-actualites","10":"tag-adolescente","11":"tag-agression","12":"tag-alsace","13":"tag-blessures","14":"tag-cervicales","15":"tag-couteau","16":"tag-detention","17":"tag-enquete","18":"tag-eu","19":"tag-europe","20":"tag-fr","21":"tag-france","22":"tag-fuite","23":"tag-grand-est","24":"tag-hospitalisation","25":"tag-interpellation","26":"tag-news","27":"tag-republique-francaise","28":"tag-strasbourg","29":"tag-tentative"},"share_on_mastodon":{"url":"https:\/\/pubeurope.com\/@fr\/114939357029331311","error":""},"_links":{"self":[{"href":"https:\/\/www.europesays.com\/fr\/wp-json\/wp\/v2\/posts\/283101","targetHints":{"allow":["GET"]}}],"collection":[{"href":"https:\/\/www.europesays.com\/fr\/wp-json\/wp\/v2\/posts"}],"about":[{"href":"https:\/\/www.europesays.com\/fr\/wp-json\/wp\/v2\/types\/post"}],"author":[{"embeddable":true,"href":"https:\/\/www.europesays.com\/fr\/wp-json\/wp\/v2\/users\/2"}],"replies":[{"embeddable":true,"href":"https:\/\/www.europesays.com\/fr\/wp-json\/wp\/v2\/comments?post=283101"}],"version-history":[{"count":0,"href":"https:\/\/www.europesays.com\/fr\/wp-json\/wp\/v2\/posts\/283101\/revisions"}],"wp:featuredmedia":[{"embeddable":true,"href":"https:\/\/www.europesays.com\/fr\/wp-json\/wp\/v2\/media\/283102"}],"wp:attachment":[{"href":"https:\/\/www.europesays.com\/fr\/wp-json\/wp\/v2\/media?parent=283101"}],"wp:term":[{"taxonomy":"category","embeddable":true,"href":"https:\/\/www.europesays.com\/fr\/wp-json\/wp\/v2\/categories?post=283101"},{"taxonomy":"post_tag","embeddable":true,"href":"https:\/\/www.europesays.com\/fr\/wp-json\/wp\/v2\/tags?post=283101"}],"curies":[{"name":"wp","href":"https:\/\/api.w.org\/{rel}","templated":true}]}}