{"id":283107,"date":"2025-07-30T00:31:11","date_gmt":"2025-07-30T00:31:11","guid":{"rendered":"https:\/\/www.europesays.com\/fr\/283107\/"},"modified":"2025-07-30T00:31:11","modified_gmt":"2025-07-30T00:31:11","slug":"comment-decouvrir-lhistoire-de-nice-sans-ouvrir-un-seul-livre","status":"publish","type":"post","link":"https:\/\/www.europesays.com\/fr\/283107\/","title":{"rendered":"Comment d\u00e9couvrir l&rsquo;histoire de Nice sans ouvrir un seul livre\u00a0?"},"content":{"rendered":"<p>Ne manquez pas \u00ab\u00a0La Castellada\u00a0\u00bb sur la Colline du Ch\u00e2teau \u00e0 Nice, une promenade-spectacle nocturne que vous n&rsquo;\u00eates pas pr\u00e8s d&rsquo;oublier\u00a0!<br \/>\nDans ce mythique lieu ni\u00e7ois des com\u00e9diens, chanteurs et musiciens en costumes nous emm\u00e8nent en balade \u00e0 travers l&rsquo;histoire de Nice des Grecs \u00e0 2025\n<\/p>\n<p>\u00c0 la nuit tomb\u00e9e du 8 au 19 aout 2025, la\u00a0<strong>Compagnie Miranda<\/strong> investit la colline du Ch\u00e2teau\u00a0pour raconter l\u2019histoire de Nice lors d&rsquo;un spectacle en mouvement\u00a0:\u00a0<a target=\"_blank\" rel=\"nofollow noopener noreferrer\" class=\"IciLink ici-link IciArticleLink g-ici-body-regular-1 underline brand svelte-lu7k6w\" href=\"https:\/\/www.nice.fr\/agenda\/la-castellada\/\">La Castellada<\/a>.<\/p>\n<p>Une d\u00e9ambulation nocturne en compagnie de\u00a0<strong>musiciens, chanteurs et com\u00e9diens<\/strong>\u00a0pour faire revivre, de sc\u00e8nes en sc\u00e8nes, les faits marquants de la cit\u00e9 ni\u00e7oise et ses figures embl\u00e9matiques comme Catherine S\u00e9gurane et le si\u00e8ge de Nice, Louis XIV et la destruction du Ch\u00e2teau ou encore l\u2019h\u00e9ro\u00efque Giuseppe Garibaldi.<\/p>\n<p><strong>Costumes d\u2019\u00e9poques, effets sonores et lumineux<\/strong>, dans un d\u00e9cors unique.<\/p>\n<p>Les infos pratiques<\/p>\n<p><strong>Dates des soir\u00e9es\u00a0:<\/strong> 8,9,10,11,12,13, 14,15,16,17,18,19 aout 2025<br \/><strong>Accueil\u00a0:<\/strong>\u00a0Plateau sup\u00e9rieur (devant le snack) \u00e0 20h, D\u00e9but de la d\u00e9ambulation 21h<br \/><strong>Acc\u00e8s\u00a0:<\/strong><br \/>Pi\u00e9tons\u00a0: Mont\u00e9e Lesage uniquement (Quai Raub\u00e0 Capeu \/ escalier Tour Bellanda)<br \/>Voiture\u00a0: Mont\u00e9e Montfort<br \/>Stationnement\u00a0: All\u00e9e Professeur Benoit (puis ascension \u00e0 pied jusqu\u2019au plateau)<br \/><strong>Personnes \u00e0 mobilit\u00e9 r\u00e9duite\u00a0:<\/strong>\u00a0en voiture jusqu\u2019au plateau. Attention le site comporte des d\u00e9nivel\u00e9s naturels tout au long du parcours et certaines parties peuvent \u00eatre difficile d\u2019acc\u00e8s.<\/p>\n","protected":false},"excerpt":{"rendered":"Ne manquez pas \u00ab\u00a0La Castellada\u00a0\u00bb sur la Colline du Ch\u00e2teau \u00e0 Nice, une promenade-spectacle nocturne que vous n&rsquo;\u00eates&hellip;\n","protected":false},"author":2,"featured_media":283108,"comment_status":"","ping_status":"","sticky":false,"template":"","format":"standard","meta":{"footnotes":""},"categories":[2819],"tags":[1111,11,1777,674,1011,27,12,2401,882,25],"class_list":{"0":"post-283107","1":"post","2":"type-post","3":"status-publish","4":"format-standard","5":"has-post-thumbnail","7":"category-nice","8":"tag-actu","9":"tag-actualites","10":"tag-eu","11":"tag-europe","12":"tag-fr","13":"tag-france","14":"tag-news","15":"tag-nice","16":"tag-provence-alpes-cote-dazur","17":"tag-republique-francaise"},"share_on_mastodon":{"url":"https:\/\/pubeurope.com\/@fr\/114939368786772610","error":""},"_links":{"self":[{"href":"https:\/\/www.europesays.com\/fr\/wp-json\/wp\/v2\/posts\/283107","targetHints":{"allow":["GET"]}}],"collection":[{"href":"https:\/\/www.europesays.com\/fr\/wp-json\/wp\/v2\/posts"}],"about":[{"href":"https:\/\/www.europesays.com\/fr\/wp-json\/wp\/v2\/types\/post"}],"author":[{"embeddable":true,"href":"https:\/\/www.europesays.com\/fr\/wp-json\/wp\/v2\/users\/2"}],"replies":[{"embeddable":true,"href":"https:\/\/www.europesays.com\/fr\/wp-json\/wp\/v2\/comments?post=283107"}],"version-history":[{"count":0,"href":"https:\/\/www.europesays.com\/fr\/wp-json\/wp\/v2\/posts\/283107\/revisions"}],"wp:featuredmedia":[{"embeddable":true,"href":"https:\/\/www.europesays.com\/fr\/wp-json\/wp\/v2\/media\/283108"}],"wp:attachment":[{"href":"https:\/\/www.europesays.com\/fr\/wp-json\/wp\/v2\/media?parent=283107"}],"wp:term":[{"taxonomy":"category","embeddable":true,"href":"https:\/\/www.europesays.com\/fr\/wp-json\/wp\/v2\/categories?post=283107"},{"taxonomy":"post_tag","embeddable":true,"href":"https:\/\/www.europesays.com\/fr\/wp-json\/wp\/v2\/tags?post=283107"}],"curies":[{"name":"wp","href":"https:\/\/api.w.org\/{rel}","templated":true}]}}