{"id":283139,"date":"2025-07-30T00:51:25","date_gmt":"2025-07-30T00:51:25","guid":{"rendered":"https:\/\/www.europesays.com\/fr\/283139\/"},"modified":"2025-07-30T00:51:25","modified_gmt":"2025-07-30T00:51:25","slug":"macron-nexclut-pas-de-faire-appel-a-lepargne-des-francais","status":"publish","type":"post","link":"https:\/\/www.europesays.com\/fr\/283139\/","title":{"rendered":"Macron n&rsquo;exclut pas de faire appel \u00e0 l&rsquo;\u00e9pargne des Fran\u00e7ais"},"content":{"rendered":"<p>Emmanuel Macron appelle \u00e0 muscler notre d\u00e9fense. C&rsquo;est ce qu&rsquo;il a d\u00e9clar\u00e9 hier aux forces politiques, puis dans un \u00e9change sur les r\u00e9seaux sociaux avec des internautes autour de la guerre en Ukraine.\u00a0\u00ab On entre dans une \u00e9poque o\u00f9 chacun d&rsquo;entre nous doit se demander ce qu&rsquo;il peut faire pour la nation fran\u00e7aise et la R\u00e9publique \u00bb, a affirm\u00e9 le chef de l&rsquo;\u00c9tat, insistant sur l&rsquo;id\u00e9e qu&rsquo;un produit d&rsquo;\u00e9pargne destin\u00e9 \u00e0 \u00ab financer certains programmes \u00bb de d\u00e9fense serait \u00ab une tr\u00e8s bonne id\u00e9e \u00bb.<\/p>\n<p>La France, qui consacre environ 2 % de son PIB \u00e0 sa d\u00e9fense, doit-elle aller plus loin et tendre, \u00e0 l&rsquo;image de la Pologne, vers les 5 % r\u00e9clam\u00e9s par Donald Trump ? \u00ab Je ne sais pas si 5 % est le bon chiffre pour la France, mais en tout cas, il va falloir monter. \u00bb<\/p>\n<p>Trois ans apr\u00e8s le d\u00e9but de la guerre en Ukraine, \u00ab on entre dans une \u00e8re nouvelle \u00bb, a soulign\u00e9 le pr\u00e9sident de la R\u00e9publique, qui a tent\u00e9 de rassembler face \u00e0 \u00ab la menace que repr\u00e9sente la Russie pour l&rsquo;Europe et pour la France \u00bb.<\/p>\n<p>\u00ab \u00c7a va nous imposer des choix tr\u00e8s forts pour nous-m\u00eames, pour notre d\u00e9fense et notre s\u00e9curit\u00e9 \u00bb, a r\u00e9sum\u00e9 Emmanuel Macron, au terme d&rsquo;une heure et quart d&rsquo;\u00e9change en direct sur les r\u00e9seaux sociaux.<\/p>\n<p>Lors de sa r\u00e9union avec les forces politiques \u00e0 Paris, le pr\u00e9sident a soulign\u00e9 avoir voulu \u00ab sonner un peu le tocsin \u00bb face aux \u00ab efforts \u00bb qui se profilent, alors que la France va devoir \u00ab revisiter \u00bb ses \u00ab choix budg\u00e9taires \u00bb. Sans se montrer plus pr\u00e9cis, il a enjoint les Europ\u00e9ens \u00e0 \u00ab augmenter \u00bb leurs \u00ab efforts de guerre \u00bb face \u00e0 \u00ab l&rsquo;escalade des capacit\u00e9s de nos principaux adversaires \u00bb.\u00a0Dans l&rsquo;imm\u00e9diat, le pr\u00e9sident a \u00e9galement martel\u00e9 qu&rsquo;il n&rsquo;avait pas l&rsquo;intention d&rsquo;envoyer des soldats en Ukraine. \u00ab Ce qu&rsquo;on envisage plut\u00f4t, c&rsquo;est d&rsquo;envoyer des forces pour garantir la paix une fois qu&rsquo;elle sera n\u00e9goci\u00e9e \u00bb, a-t-il pr\u00e9cis\u00e9.<\/p>\n<p>\u00ab Il faut avoir un message tr\u00e8s clair (&#8230;) L&rsquo;Europe va devoir \u00eatre un pilier \u00bb, a d\u00e9clar\u00e9 Marine Tondelier pour Les \u00c9cologistes, appelant \u00e0 \u00ab ne compter que sur nous-m\u00eames \u00bb. \u00ab La voix de la France et de l&rsquo;Europe aujourd&rsquo;hui est assez isol\u00e9e \u00bb, a r\u00e9pliqu\u00e9 sur LCI Louis Aliot, qui repr\u00e9sentait le Rassemblement national en l&rsquo;absence de Jordan Bardella, attendu \u00e0 Washington pour un rassemblement des conservateurs. Du c\u00f4t\u00e9 des Insoumis, Manuel Bompard a jug\u00e9 int\u00e9ressant \u00ab d&rsquo;entendre pour la premi\u00e8re fois le pr\u00e9sident utiliser le terme de non-alignement \u00bb vis-\u00e0-vis des \u00c9tats-Unis, mais a d\u00e9plor\u00e9 que l&rsquo;Alliance atlantique reste per\u00e7ue comme \u00ab une obligation dans l&rsquo;architecture de s\u00e9curit\u00e9 \u00bb future de l&rsquo;Europe.<\/p>\n<p>Dans la \u00ab conversation \u00bb avec les internautes, qu&rsquo;il a promis de r\u00e9\u00e9diter, le chef de l&rsquo;\u00c9tat, d\u00e9sireux de se placer au centre du jeu europ\u00e9en, \u00e0 l&rsquo;heure o\u00f9 Russes et Am\u00e9ricains ont commenc\u00e9 seuls des pourparlers de paix, a d\u00e9voil\u00e9 ses angles d&rsquo;attaque avant sa visite \u00e0 Donald Trump \u00e0 Washington lundi.<\/p>\n<p>Convaincre Trump de travailler avec les Europ\u00e9ens<\/p>\n<p>\u00ab Je vais lui dire : &lsquo;Au fond, tu ne peux pas \u00eatre faible face au pr\u00e9sident Poutine. Ce n&rsquo;est pas toi, pas ta marque de fabrique, ce n&rsquo;est pas ton int\u00e9r\u00eat&rsquo; \u00bb, a expliqu\u00e9 le pr\u00e9sident fran\u00e7ais. \u00ab Comment ensuite \u00eatre cr\u00e9dible face \u00e0 la Chine si tu es faible face \u00e0 Poutine ? \u00bb, a-t-il encore fait valoir. \u00ab La deuxi\u00e8me chose \u00e0 dire : &lsquo;Si tu laisses l&rsquo;Ukraine prise par Poutine, la Russie sera inarr\u00eatable pour les Europ\u00e9ens&rsquo;, car elle &lsquo;va r\u00e9cup\u00e9rer l&rsquo;Ukraine et son arm\u00e9e, qui est l&rsquo;une des plus grandes d&rsquo;Europe, avec tous nos \u00e9quipements, y compris les \u00e9quipements am\u00e9ricains. C&rsquo;est une faute strat\u00e9gique \u00e9norme&rsquo; \u00bb, a encore plaid\u00e9 le chef de l&rsquo;\u00c9tat, qui veut convaincre Donald Trump que \u00ab c&rsquo;est son int\u00e9r\u00eat de travailler avec les Europ\u00e9ens en ce moment \u00bb.<\/p>\n<p>D\u00e9fendant son homologue ukrainien face aux r\u00e9centes attaques de Donald Trump, le pr\u00e9sident a aussi soulign\u00e9 que Volodymyr Zelensky avait \u00e9t\u00e9 \u00e9lu par un \u00ab syst\u00e8me libre \u00bb, contrairement \u00e0 Vladimir Poutine. Et \u00ab personne n&rsquo;a le droit de dire : l&rsquo;Ukraine n&rsquo;a pas le droit de rentrer dans l&rsquo;Union europ\u00e9enne, l&rsquo;Ukraine n&rsquo;a pas le droit d&rsquo;entrer dans l&rsquo;Otan \u00bb.\u00a0Le pr\u00e9sident a d&rsquo;ailleurs indiqu\u00e9 sur X avoir parl\u00e9 \u00e0 son homologue dans la soir\u00e9e pour lui faire part de ses contacts avec les partenaires europ\u00e9ens \u00ab d\u00e9sireux de travailler \u00e0 une paix durable et solide pour l&rsquo;Ukraine \u00bb et pour \u00ab pr\u00e9parer \u00bb son d\u00e9placement \u00e0 Washington.<\/p>\n<p><strong>Le chef de la\u00a0diplomatie am\u00e9ricaine d\u00e9fend les pourparlers bilat\u00e9raux men\u00e9s avec la Russie<\/strong>  <\/p>\n<p>Le chef de la diplomatie am\u00e9ricaine, Marco Rubio, a justifi\u00e9 jeudi de premiers pourparlers bilat\u00e9raux men\u00e9s avec la Russie en d\u00e9but de semaine, assurant que l&rsquo;objectif principal de Washington \u00e9tait de v\u00e9rifier si Moscou \u00e9tait \u00ab s\u00e9rieux \u00bb quant \u00e0 la perspective de mettre fin \u00e0 sa guerre en Ukraine.<\/p>\n<p>\u00ab Je ne peux pas encore r\u00e9pondre \u00e0 la question de savoir s&rsquo;ils sont s\u00e9rieux au sujet de la paix \u00bb, a d\u00e9clar\u00e9 le secr\u00e9taire d&rsquo;\u00c9tat am\u00e9ricain \u00e0 la journaliste Catherine Herridge, dans une interview diffus\u00e9e sur le r\u00e9seau social X. \u00ab La seule chose sur laquelle nous nous sommes accord\u00e9s c&rsquo;est que nous allons parler de paix \u00bb, a-t-il poursuivi, apr\u00e8s sa rencontre avec une d\u00e9l\u00e9gation russe, dont son homologue Sergue\u00ef Lavrov, en d\u00e9but de semaine en Arabie saoudite.<\/p>\n<p>Le chef de la diplomatie am\u00e9ricaine a par ailleurs rejet\u00e9 l&rsquo;id\u00e9e d&rsquo;avoir entam\u00e9 des discussions avec la Russie sans avoir associ\u00e9 Kiev et les alli\u00e9s europ\u00e9ens de Washington. \u00ab Il est injuste de dire que nous n&rsquo;avons consult\u00e9 personne \u00e0 ce propos, \u00bb a expliqu\u00e9 Marco Rubio, assurant avoir parl\u00e9 aux Ukrainiens \u00ab tout au long de ce processus, ce n&rsquo;est aussi pas vrai que nous n&rsquo;avons pas consult\u00e9 nos alli\u00e9s en Europe\u00a0\u00bb.<\/p>\n","protected":false},"excerpt":{"rendered":"Emmanuel Macron appelle \u00e0 muscler notre d\u00e9fense. C&rsquo;est ce qu&rsquo;il a d\u00e9clar\u00e9 hier aux forces politiques, puis dans&hellip;\n","protected":false},"author":2,"featured_media":283140,"comment_status":"","ping_status":"","sticky":false,"template":"","format":"standard","meta":{"footnotes":""},"categories":[1590],"tags":[17,11,7431,554,33,1777,674,4560,42227,11514,42226,12,5261,220],"class_list":{"0":"post-283139","1":"post","2":"type-post","3":"status-publish","4":"format-standard","5":"has-post-thumbnail","7":"category-ukraine","8":"tag-17","9":"tag-actualites","10":"tag-appel","11":"tag-defense","12":"tag-economie","13":"tag-eu","14":"tag-europe","15":"tag-faire","16":"tag-lepargne","17":"tag-macron","18":"tag-nexclut","19":"tag-news","20":"tag-pas","21":"tag-ukraine"},"share_on_mastodon":{"url":"https:\/\/pubeurope.com\/@fr\/114939447471183883","error":""},"_links":{"self":[{"href":"https:\/\/www.europesays.com\/fr\/wp-json\/wp\/v2\/posts\/283139","targetHints":{"allow":["GET"]}}],"collection":[{"href":"https:\/\/www.europesays.com\/fr\/wp-json\/wp\/v2\/posts"}],"about":[{"href":"https:\/\/www.europesays.com\/fr\/wp-json\/wp\/v2\/types\/post"}],"author":[{"embeddable":true,"href":"https:\/\/www.europesays.com\/fr\/wp-json\/wp\/v2\/users\/2"}],"replies":[{"embeddable":true,"href":"https:\/\/www.europesays.com\/fr\/wp-json\/wp\/v2\/comments?post=283139"}],"version-history":[{"count":0,"href":"https:\/\/www.europesays.com\/fr\/wp-json\/wp\/v2\/posts\/283139\/revisions"}],"wp:featuredmedia":[{"embeddable":true,"href":"https:\/\/www.europesays.com\/fr\/wp-json\/wp\/v2\/media\/283140"}],"wp:attachment":[{"href":"https:\/\/www.europesays.com\/fr\/wp-json\/wp\/v2\/media?parent=283139"}],"wp:term":[{"taxonomy":"category","embeddable":true,"href":"https:\/\/www.europesays.com\/fr\/wp-json\/wp\/v2\/categories?post=283139"},{"taxonomy":"post_tag","embeddable":true,"href":"https:\/\/www.europesays.com\/fr\/wp-json\/wp\/v2\/tags?post=283139"}],"curies":[{"name":"wp","href":"https:\/\/api.w.org\/{rel}","templated":true}]}}