{"id":283148,"date":"2025-07-30T00:56:16","date_gmt":"2025-07-30T00:56:16","guid":{"rendered":"https:\/\/www.europesays.com\/fr\/283148\/"},"modified":"2025-07-30T00:56:16","modified_gmt":"2025-07-30T00:56:16","slug":"accord-trump-ue-les-entreprises-normandes-peuvent-elles-se-passer-des-etats-unis","status":"publish","type":"post","link":"https:\/\/www.europesays.com\/fr\/283148\/","title":{"rendered":"Accord Trump &#8211; UE\u00a0: les entreprises normandes peuvent-elles se passer des \u00c9tats-Unis\u00a0?"},"content":{"rendered":"<p>Les \u00c9tats-Unis repr\u00e9sentent la premi\u00e8re destination de marchandises normandes. Ces derni\u00e8res ont de quoi \u00eatre inqui\u00e8tes apr\u00e8s l&rsquo;accord conclu entre les \u00c9tats-Unis et l&rsquo;Union europ\u00e9enne qui pr\u00e9voit une hausse de 15 % des taxes douani\u00e8res am\u00e9ricaines. <\/p>\n<p>Apr\u00e8s l&rsquo;accord pass\u00e9 en \u00c9cosse entre Donald Trump et l&rsquo;Union europ\u00e9enne, les entreprises normandes peuvent \u00eatre inqui\u00e8tes. <strong>Les \u00c9tats-Unis repr\u00e9sentent leur premier client en dehors du continent europ\u00e9en<\/strong>, selon la Chambre de commerce et d&rsquo;industrie de Normandie.\u00a0<a class=\"IciLink ici-link IciArticleLink g-ici-body-regular-1 underline brand svelte-lu7k6w\" href=\"https:\/\/www.francebleu.fr\/infos\/economie-social\/droits-de-douane-que-prevoit-l-accord-conclu-entre-l-union-europeenne-et-les-etats-unis-8342478\" rel=\"nofollow noopener\" target=\"_blank\">Cet accord pr\u00e9voit 15 % de taxes douani\u00e8res suppl\u00e9mentaires \u00e0 l&rsquo;exportation vers les USA<\/a>. Tous les secteurs sont concern\u00e9s, sauf l&rsquo;a\u00e9ronautique.<\/p>\n<p>loading<\/p>\n<p>\u00ab\u00a0Nos prix vont augmenter\u00a0\u00bb<\/p>\n<p>Qui dit taxe en plus dit souvent hausse des prix. Le pr\u00e9sident des ateliers manchois les Tricots Saint-James, Luc Les\u00e9n\u00e9cal, se pr\u00e9pare d\u00e9j\u00e0 \u00e0 changer les \u00e9tiquettes de ses marini\u00e8res vendues aux \u00c9tats-Unis l&rsquo;an prochain\u00a0: \u00ab\u00a0De 129 aujourd&rsquo;hui, on risque d&rsquo;augmenter nos prix \u00e0 150 dollars en 2026, explique-t-il. Par ailleurs, nous voulions rouvrir deux boutiques \u00e0 New-York [ferm\u00e9es depuis le Covid]\u00a0je pense que nous allons attendre de voir comment \u00e9volue la situation.\u00a0\u00bb Si pour l&rsquo;heure, <strong>un dixi\u00e8me de son chiffre d&rsquo;affaires se joue aux \u00c9tats-Unis<\/strong>, il compte bien regarder plus \u00e0 l&rsquo;est\u00a0: \u00ab\u00a0Nous avons de grosses parts de march\u00e9 \u00e0 l&rsquo;export vers la Cor\u00e9e et vers le Japon o\u00f9 il n&rsquo;y a pas de droits de douane et nous allons poursuivre notre travail avec ces pays d&rsquo;Asie.\u00a0\u00bb<\/p>\n<p>Vers une augmentation des exportations normandes vers l&rsquo;Asie\u00a0?<\/p>\n<p>Le pr\u00e9sident du MEDEF Normandie, Jean-Philippe Daull, relative quant \u00e0 cet accord\u00a0: \u00ab\u00a0Pour l&rsquo;instant rien n&rsquo;est fait. Il faut vraiment qu&rsquo;on soit conscient de notre puissance et qu&rsquo;on arr\u00eate de se faire manipuler par Donald Trump. Il faut garder la t\u00eate froide et trouver des solutions avec des partenaires qui sont plus fiables.\u00a0\u00bb<\/p>\n<p>\u00ab\u00a0<strong>L&rsquo;Asie repr\u00e9sente 12 % des exportations normandes<\/strong>, explique le directeur international de la Chambre de commerce et d&rsquo;industrie de Normandie, Xavier Fraval, donc l\u00e9g\u00e8rement plus que ce qu&rsquo;on exporte vers l&rsquo;Am\u00e9rique du Nord.\u00a0\u00bb <strong>Mais\u00a0l&rsquo;Asie, comme les \u00c9tats-Unis, reste un march\u00e9 moins important que l&rsquo;Union europ\u00e9enne<\/strong> qui repr\u00e9sente 50 % des exportations des entreprises normandes. <strong>La Belgique est le premier client de la Normandie, devant l&rsquo;Allemagne<\/strong>, les \u00c9tats-Unis sont troisi\u00e8me. Et avec 4 milliards d&rsquo;euros de marchandises normandes export\u00e9es l&rsquo;an pass\u00e9, l&rsquo;Afrique est le continent qui conna\u00eet la plus forte croissance.<\/p>\n<p>\u00c0 \u00e9couter aussi   <img decoding=\"async\" src=\"https:\/\/www.europesays.com\/fr\/wp-content\/uploads\/2025\/07\/560x315_sc_sc-thumbnail-img-4309.jpg\" alt=\"La Bretagne exporte surtout des biens industriels vers les \u00c9tats-Unis, comme l'entreprise Breizelec, qui reconditionne des \u00e9quipements agricoles.\" style=\"--_image-preview:url('data:image\/jpeg;base64,\/9j\/2wBDACgcHiMeGSgjISMtKygwPGRBPDc3PHtYXUlkkYCZlo+AjIqgtObDoKrarYqMyP\/L2u71\/\/\/\/m8H\/\/\/\/6\/+b9\/\/j\/2wBDASstLTw1PHZBQXb4pYyl+Pj4+Pj4+Pj4+Pj4+Pj4+Pj4+Pj4+Pj4+Pj4+Pj4+Pj4+Pj4+Pj4+Pj4+Pj4+Pj4+Pj\/wAARCAAXACoDASIAAhEBAxEB\/8QAFwABAQEBAAAAAAAAAAAAAAAAAAECA\/\/EABcQAQEBAQAAAAAAAAAAAAAAAAABEQL\/xAAVAQEBAAAAAAAAAAAAAAAAAAAAAf\/EABQRAQAAAAAAAAAAAAAAAAAAAAD\/2gAMAwEAAhEDEQA\/AO97YvTNrNoi2sUtQVKmNJgN1KAIAgpgA\/\/Z');\" loading=\"lazy\" fetchpriority=\"low\" aria-hidden=\"true\" class=\"svelte-1pnmlwx rounded\" onload=\"this.__e=event\" onerror=\"this.__e=event\"\/><\/p>\n","protected":false},"excerpt":{"rendered":"Les \u00c9tats-Unis repr\u00e9sentent la premi\u00e8re destination de marchandises normandes. Ces derni\u00e8res ont de quoi \u00eatre inqui\u00e8tes apr\u00e8s l&rsquo;accord&hellip;\n","protected":false},"author":2,"featured_media":283149,"comment_status":"","ping_status":"","sticky":false,"template":"","format":"standard","meta":{"footnotes":""},"categories":[1586],"tags":[11,1777,674,1779,1011,27,12,25,1778,364],"class_list":{"0":"post-283148","1":"post","2":"type-post","3":"status-publish","4":"format-standard","5":"has-post-thumbnail","7":"category-europe","8":"tag-actualites","9":"tag-eu","10":"tag-europe","11":"tag-european-union","12":"tag-fr","13":"tag-france","14":"tag-news","15":"tag-republique-francaise","16":"tag-ue","17":"tag-union-europeenne"},"share_on_mastodon":{"url":"https:\/\/pubeurope.com\/@fr\/114939467192278239","error":""},"_links":{"self":[{"href":"https:\/\/www.europesays.com\/fr\/wp-json\/wp\/v2\/posts\/283148","targetHints":{"allow":["GET"]}}],"collection":[{"href":"https:\/\/www.europesays.com\/fr\/wp-json\/wp\/v2\/posts"}],"about":[{"href":"https:\/\/www.europesays.com\/fr\/wp-json\/wp\/v2\/types\/post"}],"author":[{"embeddable":true,"href":"https:\/\/www.europesays.com\/fr\/wp-json\/wp\/v2\/users\/2"}],"replies":[{"embeddable":true,"href":"https:\/\/www.europesays.com\/fr\/wp-json\/wp\/v2\/comments?post=283148"}],"version-history":[{"count":0,"href":"https:\/\/www.europesays.com\/fr\/wp-json\/wp\/v2\/posts\/283148\/revisions"}],"wp:featuredmedia":[{"embeddable":true,"href":"https:\/\/www.europesays.com\/fr\/wp-json\/wp\/v2\/media\/283149"}],"wp:attachment":[{"href":"https:\/\/www.europesays.com\/fr\/wp-json\/wp\/v2\/media?parent=283148"}],"wp:term":[{"taxonomy":"category","embeddable":true,"href":"https:\/\/www.europesays.com\/fr\/wp-json\/wp\/v2\/categories?post=283148"},{"taxonomy":"post_tag","embeddable":true,"href":"https:\/\/www.europesays.com\/fr\/wp-json\/wp\/v2\/tags?post=283148"}],"curies":[{"name":"wp","href":"https:\/\/api.w.org\/{rel}","templated":true}]}}