{"id":283171,"date":"2025-07-30T01:11:22","date_gmt":"2025-07-30T01:11:22","guid":{"rendered":"https:\/\/www.europesays.com\/fr\/283171\/"},"modified":"2025-07-30T01:11:22","modified_gmt":"2025-07-30T01:11:22","slug":"roman-dete-jai-un-don-pour-commencer-les-series-de-livres-qui-ne-sont-pas-encore-terminees-cest-une-vraie-torture","status":"publish","type":"post","link":"https:\/\/www.europesays.com\/fr\/283171\/","title":{"rendered":"Roman d\u2019\u00e9t\u00e9. \u00abJ\u2019ai un don pour commencer les s\u00e9ries de livres qui ne sont pas encore termin\u00e9es. C\u2019est une vraie torture.\u00bb"},"content":{"rendered":"<p class=\"\">Zo\u00eb M\u00eb pr\u00e9vient que si elle a d\u00e9vor\u00e9 des livres durant sa jeunesse, elle se consacre aujourd\u2019hui \u00e0 l\u2019\u00e9criture. \u00abA 24\u00a0ans, j\u2019\u00e9cris tout le temps des nouvelles chansons pour mon projet\u00bb, pr\u00e9cise la Fribourgeoise, qui a repr\u00e9sent\u00e9 la Suisse \u00e0 l\u2019Eurovision 2025, \u00e0 B\u00e2le. Elle vient cependant d\u2019achever Onyx Storm, dernier tome d\u2019une saga de fantasy \u00e9crite par Rebecca Yarros, dont les r\u00e9seaux sociaux parlent beaucoup. \u00abMaintenant, je vais devoir attendre que la suite sorte. J\u2019ai un don pour commencer les s\u00e9ries de livres qui ne sont pas encore termin\u00e9es. C\u2019est une vraie torture!\u00bb<\/p>\n","protected":false},"excerpt":{"rendered":"Zo\u00eb M\u00eb pr\u00e9vient que si elle a d\u00e9vor\u00e9 des livres durant sa jeunesse, elle se consacre aujourd\u2019hui \u00e0&hellip;\n","protected":false},"author":2,"featured_media":283172,"comment_status":"","ping_status":"","sticky":false,"template":"","format":"standard","meta":{"footnotes":""},"categories":[1357],"tags":[1379,58,59,1011,27,1380,37345],"class_list":{"0":"post-283171","1":"post","2":"type-post","3":"status-publish","4":"format-standard","5":"has-post-thumbnail","7":"category-livres","8":"tag-books","9":"tag-divertissement","10":"tag-entertainment","11":"tag-fr","12":"tag-france","13":"tag-livres","14":"tag-series-dete"},"share_on_mastodon":{"url":"https:\/\/pubeurope.com\/@fr\/114939526098824696","error":""},"_links":{"self":[{"href":"https:\/\/www.europesays.com\/fr\/wp-json\/wp\/v2\/posts\/283171","targetHints":{"allow":["GET"]}}],"collection":[{"href":"https:\/\/www.europesays.com\/fr\/wp-json\/wp\/v2\/posts"}],"about":[{"href":"https:\/\/www.europesays.com\/fr\/wp-json\/wp\/v2\/types\/post"}],"author":[{"embeddable":true,"href":"https:\/\/www.europesays.com\/fr\/wp-json\/wp\/v2\/users\/2"}],"replies":[{"embeddable":true,"href":"https:\/\/www.europesays.com\/fr\/wp-json\/wp\/v2\/comments?post=283171"}],"version-history":[{"count":0,"href":"https:\/\/www.europesays.com\/fr\/wp-json\/wp\/v2\/posts\/283171\/revisions"}],"wp:featuredmedia":[{"embeddable":true,"href":"https:\/\/www.europesays.com\/fr\/wp-json\/wp\/v2\/media\/283172"}],"wp:attachment":[{"href":"https:\/\/www.europesays.com\/fr\/wp-json\/wp\/v2\/media?parent=283171"}],"wp:term":[{"taxonomy":"category","embeddable":true,"href":"https:\/\/www.europesays.com\/fr\/wp-json\/wp\/v2\/categories?post=283171"},{"taxonomy":"post_tag","embeddable":true,"href":"https:\/\/www.europesays.com\/fr\/wp-json\/wp\/v2\/tags?post=283171"}],"curies":[{"name":"wp","href":"https:\/\/api.w.org\/{rel}","templated":true}]}}