{"id":283187,"date":"2025-07-30T01:20:12","date_gmt":"2025-07-30T01:20:12","guid":{"rendered":"https:\/\/www.europesays.com\/fr\/283187\/"},"modified":"2025-07-30T01:20:12","modified_gmt":"2025-07-30T01:20:12","slug":"cisjordanie-odeh-hathalin-militant-de-la-resistance-pacifique-tue-a-bout-portant-par-un-colon-mediapart","status":"publish","type":"post","link":"https:\/\/www.europesays.com\/fr\/283187\/","title":{"rendered":"Cisjordanie : Odeh Hathalin, militant de la r\u00e9sistance pacifique, tu\u00e9 \u00e0 bout portant par un colon &#8211; Mediapart"},"content":{"rendered":"<ol>\n<li><a href=\"https:\/\/news.google.com\/rss\/articles\/CBMi3gFBVV95cUxPWFhzR3dxNlRfNjVkTlctcU5EVU5NYjBTamZrNG9BTjJKRW1OdEUybU1MOF9iOUtkbFF6X0pncUdpV3FiVTB6X1JqQWk0ZVRlank5TVVqTjlrRDdfS0cyS1EtVTV3cXhHOVhXNFVjQWJUQzlUOFJEUEpzUjJVSTE4UXJqYnN2UUdCbjlMTVZMUDFEX0hBX1lLSHlOZXdCY3A5cmJwX29hYzZRWHB0cHdGRTBqd1ozNkNIRFBqY18zX0xKZHhuZW1PZjdsVFN3ZVVYMkhQZjZzMmVwNFpPZ2c?oc=5\" target=\"_blank\" rel=\"noopener\">Cisjordanie : Odeh Hathalin, militant de la r\u00e9sistance pacifique, tu\u00e9 \u00e0 bout portant par un colon<\/a>&nbsp;&nbsp;Mediapart<\/li>\n<li><a href=\"https:\/\/news.google.com\/rss\/articles\/CBMipgJBVV95cUxPYTktZ3FQd2FJMVM3MklOWHkwM3VrSnNBaFp4VmQ1V24wb1dNODVPNmxDOFlGOUJIamdMc0xMT083VXJVUzcxSVNsanJURk1TZUszeWl2NFdIcEc3SGoyYUhhUnRiNTR1WS0yejVoUVpxbzhyUGpWcUVpaEhwWlFTbC1ZY3I1eE05dUxVZkVBZkVieXFweVVGYmFHbmVPMmlHQmhQTzcxYTVhT3c3cGo4N0h1X1UxTDF1NkpucE9BdGNDOE1zOVp5azZrOVFZRG1DNVEzTmt2a1BuMDFRc2ZuS1pfNzRCZDVKWE1fX2owNXpRcWpndWVyQ1FTUkFWNkNxR2VfTC05Qkh5NTc0MFg4UWZIZ0tiT0lXaXVCR2RaOHlOZ1haZXc?oc=5\" target=\"_blank\" rel=\"noopener\">En direct, Gaza : la France estime que les violences des colons isra\u00e9liens en Cisjordanie sont \u00ab des actes de terrorisme \u00bb<\/a>&nbsp;&nbsp;Le Monde.fr<\/li>\n<li><a href=\"https:\/\/news.google.com\/rss\/articles\/CBMingJBVV95cUxNNml5U0dQazZNS3lHYzdXX2x2eGdCRmFXOWtoRzZuZV90MnVxSXczbGcxQWdnNU9WMnd6VFJ4TWczWmdkcURjd3NxajFxOHh5S0h2eTJkNC14VzJyVXI2YjU5dnMxaWpPYzdMMlotb1Boa3FXRmtsdS1nS0NWbFZkekFWTmtvUEZxWnR6TVY4bk5PanZTanlNYmIyaFJxZkhiR0dfMDBidlppUVdoT2JfWVJNalRJU2F1dkFFa0taQUNhSV9iclpaaGVVX1EtT3RPSzhQZ1NoWE1HekpGeEh2cU9jX0hiUDhxV0ZHSk43WVpoT25vT0ZvOEoyZlRDUEwzQlBpSTJmOF90RUtlYjBJcjFyci1VdXNUYXJnMDdn?oc=5\" target=\"_blank\" rel=\"noopener\">La France qualifie pour la premi\u00e8re fois d'\u00a0\u00bbactes de terrorisme\u00a0\u00bb les violences des colons isra\u00e9liens en Cisjordanie<\/a>&nbsp;&nbsp;BFMTV<\/li>\n<li><a href=\"https:\/\/news.google.com\/rss\/articles\/CBMi-gFBVV95cUxORGVMelk4eS1fRFd1U1Y4YnZfRkE5SzVIRGd0Q1RiVDZBWEh3ZlpqX1VydUZNWGt1LVNGSVlFNGNCZ1Yzbnc5SnQxRDFSaFc1SFhMNHJiZHdTbGk1QlBrMmlITWFmWGhudFBDTUFxOGdZNHVWVlRtWVZpMEl3dkdHN2tlZFU4S0RXM1JIelBOUlNfdjM0dU4wUFRhNjM1NEM2b1ZBd0I0Y1V0X2JjcXlMVVBsWHlMOWxiYXFrUk4zSHoyNVZwcjZXSjBuRjE2TV9ScG10WWFQSUt1MUlrLTN3LWRZMDVJOUxlVVZGbEtPSVhocV91TVdGMnJB?oc=5\" target=\"_blank\" rel=\"noopener\">Cisjordanie : Awdah Hathaleen, Palestinien qui a contribu\u00e9 au film oscaris\u00e9 No Other Land, tu\u00e9 par un colon isra\u00e9lien<\/a>&nbsp;&nbsp;parismatch.com<\/li>\n<li><a href=\"https:\/\/news.google.com\/rss\/articles\/CBMi1AFBVV95cUxOVmdQcU5jT0ZJak9tcEw1dWNyWlpiYUNoTmhyblJtbjk0OWJ2c3FpOFczNk0zcGxLMkVzdmhaMTBZNVZwTkhsdlFPNm9vRlNRTTVaRjQ0a3NvMjF4aWViTDU4cVZvSTdUS1hKRDdXbjhGTm1xcnNUbmZFeTFjd29fRkdaWDQ4SXNvWGt0cFlGbHVSMU41MEpJNVRwdTY1RnFMX28tWERuOE9vNTI3NUp6Y0lhLUdydV9ZZVo3eHUyaVhBdGZTMDlTbm9OWU0wV3VYUHo0dw?oc=5\" target=\"_blank\" rel=\"noopener\">L\u2019\u00e9quipe du documentaire oscaris\u00e9 \u00ab No Other Land \u00bb en deuil apr\u00e8s le meurtre de leur coll\u00e8gue<\/a>&nbsp;&nbsp;Le HuffPost<\/li>\n<\/ol>\n","protected":false},"excerpt":{"rendered":"Cisjordanie : Odeh Hathalin, militant de la r\u00e9sistance pacifique, tu\u00e9 \u00e0 bout portant par un colon&nbsp;&nbsp;Mediapart En direct,&hellip;\n","protected":false},"author":2,"featured_media":283188,"comment_status":"","ping_status":"","sticky":false,"template":"","format":"standard","meta":{"footnotes":""},"categories":[5],"tags":[11,1011,27,14,12,31,28],"class_list":{"0":"post-283187","1":"post","2":"type-post","3":"status-publish","4":"format-standard","5":"has-post-thumbnail","7":"category-international","8":"tag-actualites","9":"tag-fr","10":"tag-france","11":"tag-international","12":"tag-news","13":"tag-proche-et-moyen-orient","14":"tag-world"},"share_on_mastodon":{"url":"https:\/\/pubeurope.com\/@fr\/114939561508903417","error":""},"_links":{"self":[{"href":"https:\/\/www.europesays.com\/fr\/wp-json\/wp\/v2\/posts\/283187","targetHints":{"allow":["GET"]}}],"collection":[{"href":"https:\/\/www.europesays.com\/fr\/wp-json\/wp\/v2\/posts"}],"about":[{"href":"https:\/\/www.europesays.com\/fr\/wp-json\/wp\/v2\/types\/post"}],"author":[{"embeddable":true,"href":"https:\/\/www.europesays.com\/fr\/wp-json\/wp\/v2\/users\/2"}],"replies":[{"embeddable":true,"href":"https:\/\/www.europesays.com\/fr\/wp-json\/wp\/v2\/comments?post=283187"}],"version-history":[{"count":0,"href":"https:\/\/www.europesays.com\/fr\/wp-json\/wp\/v2\/posts\/283187\/revisions"}],"wp:featuredmedia":[{"embeddable":true,"href":"https:\/\/www.europesays.com\/fr\/wp-json\/wp\/v2\/media\/283188"}],"wp:attachment":[{"href":"https:\/\/www.europesays.com\/fr\/wp-json\/wp\/v2\/media?parent=283187"}],"wp:term":[{"taxonomy":"category","embeddable":true,"href":"https:\/\/www.europesays.com\/fr\/wp-json\/wp\/v2\/categories?post=283187"},{"taxonomy":"post_tag","embeddable":true,"href":"https:\/\/www.europesays.com\/fr\/wp-json\/wp\/v2\/tags?post=283187"}],"curies":[{"name":"wp","href":"https:\/\/api.w.org\/{rel}","templated":true}]}}