{"id":283209,"date":"2025-07-30T01:41:17","date_gmt":"2025-07-30T01:41:17","guid":{"rendered":"https:\/\/www.europesays.com\/fr\/283209\/"},"modified":"2025-07-30T01:41:17","modified_gmt":"2025-07-30T01:41:17","slug":"le-racing-affrontera-sturm-graz-pour-son-cinquieme-match-amical-alsasports","status":"publish","type":"post","link":"https:\/\/www.europesays.com\/fr\/283209\/","title":{"rendered":"Le Racing affrontera Sturm Graz pour son cinqui\u00e8me match amical \u2014 Alsa&rsquo;Sports"},"content":{"rendered":"<p><strong>Strasbourg d\u00e9fiera le club autrichien du Sturm Graz pour son cinqui\u00e8me et avant-dernier match amical, le 6 ao\u00fbt prochain. <\/strong><\/p>\n<p>Le programme de pr\u00e9paration du Racing Club de Strasbourg pour la nouvelle saison est d\u00e9sormais clos. Il ne manquait que la programmation d\u2019un sixi\u00e8me match amical, ce qui a \u00e9t\u00e9 rendu officiel par le Sturm Graz. Le club autrichien a confirm\u00e9 hier la tenue d\u2019une rencontre face \u00e0 Strasbourg le 6 ao\u00fbt \u00e0 la Merkur Arena de Graz \u00e0 18h30. Un rendez-vous cal\u00e9 quatre jours apr\u00e8s la fin du stage en Autriche et trois jours avant l\u2019ultime r\u00e9p\u00e9tition \u00e0 Mayence.<\/p>\n<p><strong>Le programme mis \u00e0 jour<\/strong><\/p>\n<ul class=\"wp-block-list\">\n<li>Mardi 22 juillet (19h \u00e0 Colmar) :\u00a0Racing<strong>\u00a02\u20131<\/strong> AS Nancy-Lorraine<\/li>\n<li>Samedi 26 juillet (20h heure fran\u00e7aise, \u00e0 Istanbul)\u00a0: Galatasaray <strong>3\u20131<\/strong>\u00a0Racing<\/li>\n<li>Du 28 juillet au 2 ao\u00fbt : stage \u00e0 Bad H\u00e4ring en Autriche<\/li>\n<li>Mercredi 30 juillet (18h \u00e0 Jenbach en Autriche) :\u00a0Racing\u00a0\u2013 Udinese<\/li>\n<li>Samedi 2 ao\u00fbt (15h \u00e0 Jenbach en Autriche) :\u00a0Racing\u00a0\u2013 Heidenheim<\/li>\n<li>Mercredi 6 ao\u00fbt (18h30 \u00e0 Graz en Autriche) : Sturm Graz \u2013 Racing<\/li>\n<li>Samedi 9 ao\u00fbt (15h30 \u00e0 Mayence) : Mayence \u2013\u00a0Racing<\/li>\n<\/ul>\n","protected":false},"excerpt":{"rendered":"Strasbourg d\u00e9fiera le club autrichien du Sturm Graz pour son cinqui\u00e8me et avant-dernier match amical, le 6 ao\u00fbt&hellip;\n","protected":false},"author":2,"featured_media":266276,"comment_status":"","ping_status":"","sticky":false,"template":"","format":"standard","meta":{"footnotes":""},"categories":[2820],"tags":[1111,11,1777,674,63,1011,27,775,12,4448,25,640],"class_list":{"0":"post-283209","1":"post","2":"type-post","3":"status-publish","4":"format-standard","5":"has-post-thumbnail","7":"category-strasbourg","8":"tag-actu","9":"tag-actualites","10":"tag-eu","11":"tag-europe","12":"tag-football","13":"tag-fr","14":"tag-france","15":"tag-grand-est","16":"tag-news","17":"tag-rc-strasbourg","18":"tag-republique-francaise","19":"tag-strasbourg"},"share_on_mastodon":{"url":"https:\/\/pubeurope.com\/@fr\/114939644042681590","error":""},"_links":{"self":[{"href":"https:\/\/www.europesays.com\/fr\/wp-json\/wp\/v2\/posts\/283209","targetHints":{"allow":["GET"]}}],"collection":[{"href":"https:\/\/www.europesays.com\/fr\/wp-json\/wp\/v2\/posts"}],"about":[{"href":"https:\/\/www.europesays.com\/fr\/wp-json\/wp\/v2\/types\/post"}],"author":[{"embeddable":true,"href":"https:\/\/www.europesays.com\/fr\/wp-json\/wp\/v2\/users\/2"}],"replies":[{"embeddable":true,"href":"https:\/\/www.europesays.com\/fr\/wp-json\/wp\/v2\/comments?post=283209"}],"version-history":[{"count":0,"href":"https:\/\/www.europesays.com\/fr\/wp-json\/wp\/v2\/posts\/283209\/revisions"}],"wp:featuredmedia":[{"embeddable":true,"href":"https:\/\/www.europesays.com\/fr\/wp-json\/wp\/v2\/media\/266276"}],"wp:attachment":[{"href":"https:\/\/www.europesays.com\/fr\/wp-json\/wp\/v2\/media?parent=283209"}],"wp:term":[{"taxonomy":"category","embeddable":true,"href":"https:\/\/www.europesays.com\/fr\/wp-json\/wp\/v2\/categories?post=283209"},{"taxonomy":"post_tag","embeddable":true,"href":"https:\/\/www.europesays.com\/fr\/wp-json\/wp\/v2\/tags?post=283209"}],"curies":[{"name":"wp","href":"https:\/\/api.w.org\/{rel}","templated":true}]}}