{"id":283210,"date":"2025-07-30T01:42:15","date_gmt":"2025-07-30T01:42:15","guid":{"rendered":"https:\/\/www.europesays.com\/fr\/283210\/"},"modified":"2025-07-30T01:42:15","modified_gmt":"2025-07-30T01:42:15","slug":"cetait-un-sage-de-lancienne-generation-lancien-maire-de-la-gaude-pierre-tanguy-est-mort-a-95-ans","status":"publish","type":"post","link":"https:\/\/www.europesays.com\/fr\/283210\/","title":{"rendered":"\u00ab\u00a0C\u2019\u00e9tait un sage, de l\u2019ancienne g\u00e9n\u00e9ration\u00a0\u00bb: l\u2019ancien maire de La Gaude, Pierre Tanguy, est mort \u00e0 95 ans"},"content":{"rendered":"<p>\u00ab\u00a0C\u2019\u00e9tait un sage, de l\u2019ancienne g\u00e9n\u00e9ration de maires\u00a0\u00bb, d\u00e9crit Bruno Bettati l\u2019actuel maire de La Gaude au sujet d\u2019un de ses pr\u00e9d\u00e9cesseurs, Pierre Tanguy, d\u00e9c\u00e9d\u00e9 le 27 juillet \u00e0 l\u2019\u00e2ge de 95 ans. Il avait effectu\u00e9 trois mandats, de 1989 \u00e0 2008 sous l\u2019\u00e9tiquette RPR puis UMP. \u00ab\u00a0Homme engag\u00e9, personnalit\u00e9 forte et passionn\u00e9e, il a marqu\u00e9 l\u2019histoire de notre commune par son d\u00e9vouement et sa vision. Il a exerc\u00e9 la fonction de maire avec une \u00e9nergie sans rel\u00e2che, anim\u00e9 par l\u2019amour de sa commune et le d\u00e9sir sinc\u00e8re de servir l\u2019int\u00e9r\u00eat g\u00e9n\u00e9ral.\u00a0\u00bb<\/p>\n<p>A la ville, il \u00e9tait m\u00e9decin, p\u00e8re de deux enfants, et s\u2019est \u00e9teint dans la commune. \u00ab\u00a0C\u2019\u00e9tait un grand sportif, qui a pratiqu\u00e9 le judo jusqu\u2019\u00e0 un \u00e2ge avanc\u00e9, se souvient l\u2019actuel locataire de la mairie. Nous sommes d\u2019ailleurs en train de construire le complexe sportif du Mont-Gros qui lui tenait \u00e0 c\u0153ur. Durant son exercice, il avait r\u00e9alis\u00e9 de nombreux projets dont le stade de foot, le parking devant la mairie ou encore l\u2019\u00e9cole Manon des Sources.\u00a0\u00bb<\/p>\n<p>\u00a0\u00bb Un homme qui a profond\u00e9ment aim\u00e9 La Gaude \u00a0\u00bb<\/p>\n<p>\u00ab\u00a0Nos chemins politiques se sont d\u2019abord oppos\u00e9s. Nous avons \u00e9t\u00e9 adversaires avec tout ce que cela comporte de confrontations et de diff\u00e9rences de vues. Mais, au fil du temps, le respect mutuel a grandi, les rancunes se sont effac\u00e9es, et une amiti\u00e9 sinc\u00e8re est n\u00e9e. Il m\u2019avait m\u00eame fait l\u2019honneur de m\u2019apporter son soutien lors des derni\u00e8res \u00e9lections municipales, souligne Bruno Bettati. Je veux saluer la m\u00e9moire d\u2019un homme qui a profond\u00e9ment aim\u00e9 La Gaude et qui a \u0153uvr\u00e9 pour elle avec force et sinc\u00e9rit\u00e9.\u00a0\u00bb<\/p>\n<p>Lionnel Luca, le maire de Villeneuve-Loubet a, lui aussi, r\u00e9agi au d\u00e9c\u00e8s de Pierre Tanguy le d\u00e9crivant comme \u00ab\u00a0celui qui a fait \u00e9voluer sa commune en conciliant modernit\u00e9 et tradition! Il a toujours \u00e9t\u00e9 loyal \u00e0 sa famille politique le RPR et j\u2019ai \u00e9t\u00e9 heureux d\u2019\u00eatre le d\u00e9put\u00e9 de la circonscription lorsqu\u2019il \u00e9tait maire.\u00a0\u00bb<\/p>\n","protected":false},"excerpt":{"rendered":"\u00ab\u00a0C\u2019\u00e9tait un sage, de l\u2019ancienne g\u00e9n\u00e9ration de maires\u00a0\u00bb, d\u00e9crit Bruno Bettati l\u2019actuel maire de La Gaude au sujet&hellip;\n","protected":false},"author":2,"featured_media":283211,"comment_status":"","ping_status":"","sticky":false,"template":"","format":"standard","meta":{"footnotes":""},"categories":[2819],"tags":[1111,11,1777,674,1011,27,12,2401,882,25,3366],"class_list":{"0":"post-283210","1":"post","2":"type-post","3":"status-publish","4":"format-standard","5":"has-post-thumbnail","7":"category-nice","8":"tag-actu","9":"tag-actualites","10":"tag-eu","11":"tag-europe","12":"tag-fr","13":"tag-france","14":"tag-news","15":"tag-nice","16":"tag-provence-alpes-cote-dazur","17":"tag-republique-francaise","18":"tag-vie-locale"},"share_on_mastodon":{"url":"https:\/\/pubeurope.com\/@fr\/114939648072505788","error":""},"_links":{"self":[{"href":"https:\/\/www.europesays.com\/fr\/wp-json\/wp\/v2\/posts\/283210","targetHints":{"allow":["GET"]}}],"collection":[{"href":"https:\/\/www.europesays.com\/fr\/wp-json\/wp\/v2\/posts"}],"about":[{"href":"https:\/\/www.europesays.com\/fr\/wp-json\/wp\/v2\/types\/post"}],"author":[{"embeddable":true,"href":"https:\/\/www.europesays.com\/fr\/wp-json\/wp\/v2\/users\/2"}],"replies":[{"embeddable":true,"href":"https:\/\/www.europesays.com\/fr\/wp-json\/wp\/v2\/comments?post=283210"}],"version-history":[{"count":0,"href":"https:\/\/www.europesays.com\/fr\/wp-json\/wp\/v2\/posts\/283210\/revisions"}],"wp:featuredmedia":[{"embeddable":true,"href":"https:\/\/www.europesays.com\/fr\/wp-json\/wp\/v2\/media\/283211"}],"wp:attachment":[{"href":"https:\/\/www.europesays.com\/fr\/wp-json\/wp\/v2\/media?parent=283210"}],"wp:term":[{"taxonomy":"category","embeddable":true,"href":"https:\/\/www.europesays.com\/fr\/wp-json\/wp\/v2\/categories?post=283210"},{"taxonomy":"post_tag","embeddable":true,"href":"https:\/\/www.europesays.com\/fr\/wp-json\/wp\/v2\/tags?post=283210"}],"curies":[{"name":"wp","href":"https:\/\/api.w.org\/{rel}","templated":true}]}}