{"id":283212,"date":"2025-07-30T01:43:11","date_gmt":"2025-07-30T01:43:11","guid":{"rendered":"https:\/\/www.europesays.com\/fr\/283212\/"},"modified":"2025-07-30T01:43:11","modified_gmt":"2025-07-30T01:43:11","slug":"un-accident-et-des-ralentissements-perturbent-la-circulation-sur-la8-entre-la-turbie-et-nice","status":"publish","type":"post","link":"https:\/\/www.europesays.com\/fr\/283212\/","title":{"rendered":"Un accident et des ralentissements perturbent la circulation sur l&rsquo;A8 entre La Turbie et Nice"},"content":{"rendered":"<p>La circulation se complique, sur l&rsquo;A8, autour de Nice, ce mardi en fin de journ\u00e9e. En cause, des ralentissements et un accident survenu du c\u00f4t\u00e9 de La Turbie.\u00a0<\/p>\n<p>En direction de Marseille, sur cet axe, <strong>un accident a eu lieu deux kilom\u00e8tres apr\u00e8s le p\u00e9age de La Turbie<\/strong>, sur la voie de gauche. De fait, la circulation est tr\u00e8s difficile dans ce secteur. Cons\u00e9quence de cet accident et ces ralentissements, un bouchon s&rsquo;est form\u00e9, rendant l&rsquo;acc\u00e8s \u00e0 l&rsquo;A8 compliqu\u00e9.\u00a0<\/p>\n<p>L&rsquo;entr\u00e9e Monaco n\u00b056 est ferm\u00e9e.\u00a0<\/p>\n<p>Selon Vinci, <strong>la circulation sur l&rsquo;A500 est aussi tr\u00e8s d\u00e9licate en direction de Nic<\/strong>e. Le tunnel pourrait fermer, annonce le concessionnaire.\u00a0<\/p>\n<p>Un peu plus loin, toujours en direction de Marseille, des ralentissements ont lieu du c\u00f4t\u00e9 de Saint-Isidore. Un v\u00e9hicule est actuellement en panne.\u00a0<\/p>\n<blockquote class=\"twitter-tweet\">\n<p lang=\"fr\" dir=\"ltr\">17h58 : sur <a href=\"https:\/\/twitter.com\/hashtag\/A8?src=hash&amp;ref_src=twsrc%5Etfw\" target=\"_blank\" rel=\"noopener\">#A8<\/a> en direction d\u2019Aix apr\u00e8s La Turbie, temps de parcours allong\u00e9 d&rsquo;environ 50min <a href=\"https:\/\/twitter.com\/hashtag\/InfoTrafic?src=hash&amp;ref_src=twsrc%5Etfw\" target=\"_blank\" rel=\"noopener\">#InfoTrafic<\/a><\/p>\n<p>\u2014 Autoroute A8 (@A8Trafic) <a href=\"https:\/\/twitter.com\/A8Trafic\/status\/1950224547745001566?ref_src=twsrc%5Etfw\" target=\"_blank\" rel=\"noopener\">July 29, 2025<\/a><\/p><\/blockquote>\n<blockquote class=\"twitter-tweet\">\n<p lang=\"fr\" dir=\"ltr\">17h54 : sur <a href=\"https:\/\/twitter.com\/hashtag\/A8?src=hash&amp;ref_src=twsrc%5Etfw\" target=\"_blank\" rel=\"noopener\">#A8<\/a> en direction d\u2019Aix apr\u00e8s La Turbie, la circulation est de nouveau fluide . Fin de l&rsquo;intervention de nos \u00e9quipes sur l&rsquo; <a href=\"https:\/\/twitter.com\/hashtag\/Accident?src=hash&amp;ref_src=twsrc%5Etfw\" target=\"_blank\" rel=\"noopener\">#Accident<\/a>. <br \/>R\u00e9ouverture de l&rsquo;entr\u00e9e Monaco n\u00b056 <a href=\"https:\/\/twitter.com\/hashtag\/InfoTrafic?src=hash&amp;ref_src=twsrc%5Etfw\" target=\"_blank\" rel=\"noopener\">#InfoTrafic<\/a><\/p>\n<p>\u2014 Autoroute A8 (@A8Trafic) <a href=\"https:\/\/twitter.com\/A8Trafic\/status\/1950223817046974529?ref_src=twsrc%5Etfw\" target=\"_blank\" rel=\"noopener\">July 29, 2025<\/a><\/p><\/blockquote>\n<blockquote class=\"twitter-tweet\">\n<p lang=\"fr\" dir=\"ltr\">16h39 : sur <a href=\"https:\/\/twitter.com\/hashtag\/A8?src=hash&amp;ref_src=twsrc%5Etfw\" target=\"_blank\" rel=\"noopener\">#A8<\/a> en direction d\u2019Aix apr\u00e8s La Turbie, la circulation est perturb\u00e9e. Nos \u00e9quipes interviennent sur un <a href=\"https:\/\/twitter.com\/hashtag\/Accident?src=hash&amp;ref_src=twsrc%5Etfw\" target=\"_blank\" rel=\"noopener\">#Accident<\/a>. <br \/>\u26d4 fermeture de l&rsquo;entr\u00e9e Monaco n\u00b056 <a href=\"https:\/\/twitter.com\/hashtag\/InfoTrafic?src=hash&amp;ref_src=twsrc%5Etfw\" target=\"_blank\" rel=\"noopener\">#InfoTrafic<\/a><\/p>\n<p>\u2014 Autoroute A8 (@A8Trafic) <a href=\"https:\/\/twitter.com\/A8Trafic\/status\/1950204599026999512?ref_src=twsrc%5Etfw\" target=\"_blank\" rel=\"noopener\">July 29, 2025<\/a><\/p><\/blockquote>\n<p>                                                                                                                                        <script async src=\"https:\/\/platform.twitter.com\/widgets.js\" charset=\"utf-8\"><\/script><\/p>\n","protected":false},"excerpt":{"rendered":"La circulation se complique, sur l&rsquo;A8, autour de Nice, ce mardi en fin de journ\u00e9e. En cause, des&hellip;\n","protected":false},"author":2,"featured_media":282133,"comment_status":"","ping_status":"","sticky":false,"template":"","format":"standard","meta":{"footnotes":""},"categories":[2819],"tags":[1111,11,1777,674,1011,27,803,12,2401,882,25],"class_list":{"0":"post-283212","1":"post","2":"type-post","3":"status-publish","4":"format-standard","5":"has-post-thumbnail","7":"category-nice","8":"tag-actu","9":"tag-actualites","10":"tag-eu","11":"tag-europe","12":"tag-fr","13":"tag-france","14":"tag-info-trafic","15":"tag-news","16":"tag-nice","17":"tag-provence-alpes-cote-dazur","18":"tag-republique-francaise"},"share_on_mastodon":{"url":"https:\/\/pubeurope.com\/@fr\/114939651888059917","error":""},"_links":{"self":[{"href":"https:\/\/www.europesays.com\/fr\/wp-json\/wp\/v2\/posts\/283212","targetHints":{"allow":["GET"]}}],"collection":[{"href":"https:\/\/www.europesays.com\/fr\/wp-json\/wp\/v2\/posts"}],"about":[{"href":"https:\/\/www.europesays.com\/fr\/wp-json\/wp\/v2\/types\/post"}],"author":[{"embeddable":true,"href":"https:\/\/www.europesays.com\/fr\/wp-json\/wp\/v2\/users\/2"}],"replies":[{"embeddable":true,"href":"https:\/\/www.europesays.com\/fr\/wp-json\/wp\/v2\/comments?post=283212"}],"version-history":[{"count":0,"href":"https:\/\/www.europesays.com\/fr\/wp-json\/wp\/v2\/posts\/283212\/revisions"}],"wp:featuredmedia":[{"embeddable":true,"href":"https:\/\/www.europesays.com\/fr\/wp-json\/wp\/v2\/media\/282133"}],"wp:attachment":[{"href":"https:\/\/www.europesays.com\/fr\/wp-json\/wp\/v2\/media?parent=283212"}],"wp:term":[{"taxonomy":"category","embeddable":true,"href":"https:\/\/www.europesays.com\/fr\/wp-json\/wp\/v2\/categories?post=283212"},{"taxonomy":"post_tag","embeddable":true,"href":"https:\/\/www.europesays.com\/fr\/wp-json\/wp\/v2\/tags?post=283212"}],"curies":[{"name":"wp","href":"https:\/\/api.w.org\/{rel}","templated":true}]}}