{"id":283214,"date":"2025-07-30T01:45:35","date_gmt":"2025-07-30T01:45:35","guid":{"rendered":"https:\/\/www.europesays.com\/fr\/283214\/"},"modified":"2025-07-30T01:45:35","modified_gmt":"2025-07-30T01:45:35","slug":"julien-bainvel-ou-foulques-chombart-de-lauwe-les-adherents-lr-vont-voter","status":"publish","type":"post","link":"https:\/\/www.europesays.com\/fr\/283214\/","title":{"rendered":"Julien Bainvel ou Foulques Chombart de Lauwe, les adh\u00e9rents LR vont voter"},"content":{"rendered":"<p>            Par<br \/>\n        <strong><br \/>\n            <a href=\"https:\/\/actu.fr\/auteur\/laure-gentil\" title=\"Consulter tous les articles de Laure Gentil\" target=\"_blank\" rel=\"noopener\">Laure Gentil<\/a><br \/>\n        <\/strong><\/p>\n<p>        Publi\u00e9 le<\/p>\n<p>            29 juil. 2025 \u00e0 10h50        <\/p>\n<p>C\u2019est bon, la d\u00e9cision est tomb\u00e9e, la <strong>commission nationale d\u2019investiture<\/strong> du parti <strong>Les R\u00e9publicains<\/strong> s\u2019est r\u00e9unie, ce lundi 28 juillet \u00e0 Paris, pour d\u00e9signer les chefs de file pour les municipales de 2026.<\/p>\n<p class=\" wall-content\">\u00c0 Nantes, les adh\u00e9rents LR vont finalement devoir voter pour d\u00e9partager les deux candidats en lice :<a href=\"https:\/\/actu.fr\/pays-de-la-loire\/nantes_44109\/municipales-2026-reenchanter-nantes-julien-bainvel-candidat-a-la-mairie_62562650.html\" target=\"_blank\" rel=\"noopener\"> Julien Bainvel<\/a> et <a href=\"https:\/\/actu.fr\/pays-de-la-loire\/nantes_44109\/municipales-2026-a-nantes-foulques-chombart-de-lauwe-appelle-a-virer-johanna-rolland_62193514.html\" target=\"_blank\" rel=\"noopener\">Foulques Chombart de Lauwe.<\/a>\u00a0<\/p>\n<p>\u00ab\u00a0Une comp\u00e9tition respectueuse\u00a0\u00bb<\/p>\n<p class=\" wall-content\">La question d\u2019une consultation des adh\u00e9rents a longtemps d\u00e9chir\u00e9 les deux candidats nantais. Foulques Chombart de Lauwe, candidat depuis 2023, en<a href=\"https:\/\/actu.fr\/pays-de-la-loire\/nantes_44109\/municipales-2026-a-nantes-le-candidat-de-l-entre-soi-perdra-selon-foulques-chombart-de-lauwe_62868061.html\" target=\"_blank\" rel=\"noopener\"> demandait une depuis le d\u00e9but<\/a> tandis que son<a href=\"https:\/\/actu.fr\/pays-de-la-loire\/nantes_44109\/municipales-2026-a-nantes-a-droite-julien-bainvel-veut-l-union-des-le-premier-tour_62859990.html\" target=\"_blank\" rel=\"noopener\"> adversaire Julien Bainvel,<\/a> ainsi que son soutien, la <strong>s\u00e9natrice Laurence Garnier<\/strong>, ex-cheffe de file des LR aux municipales 2014, s\u2019y opposaient. Ce n\u2019est qu\u2019en juillet que Julien Bainvel a finalement fait volte-face et, \u00e0 son tour, demand\u00e9 une consultation.\u00a0<\/p>\n<p class=\" wall-content\">\u00a0\u00ab\u00a0C\u2019est une excellente nouvelle\u00a0\u00bb, s\u2019est exclam\u00e9 Foulques Chombart de Lauwe sur le r\u00e9seau social X. Julien Bainvel a lui aussi r\u00e9agi sur\u00a0X\u00a0: \u00ab\u00a0Nous sommes pr\u00eats \u00e0 d\u00e9montrer que l\u2019union fait la force et sera la solution la plus efficace pour contrer la gauche la plus extr\u00eame\u00a0\u00bb, a-t-il \u00e9crit.<\/p>\n<p class=\" wall-content\">\n<p class=\" wall-content\">Dans son communiqu\u00e9, la CNI assure que les \u00ab\u00a0deux candidats s\u2019engagent \u00e0 une comp\u00e9tition respectueuse et \u00e0 soutenir le vainqueur du scrutin\u00a0\u00bb. Celui-ci se d\u00e9roulera <strong>les 30 et 31 ao\u00fbt 2025.<\/strong> Le corps \u00e9lectoral n\u2019est compos\u00e9 que des <strong>adh\u00e9rents 2024-2025<\/strong> de la ville de Nantes et \u00ab\u00a0est arr\u00eat\u00e9\u00a0\u00bb au 28 juillet.<\/p>\n<p class=\" wall-content\">Suivez toute l\u2019actualit\u00e9 de vos villes et m\u00e9dias favoris en vous inscrivant \u00e0 <a href=\"https:\/\/moncompte.actu.fr\" title=\"D\u00e9couvez Mon Actu\" rel=\"nofollow noopener\" data-trk=\"{&quot;cta&quot;:{&quot;action&quot;:&quot;https:\\\/\\\/moncompte.actu.fr&quot;,&quot;category&quot;:&quot;mon compte&quot;,&quot;from&quot;:&quot;article footer&quot;,&quot;name&quot;:&quot;Mon actu&quot;,&quot;type&quot;:&quot;cta&quot;}}\" target=\"_blank\">Mon Actu<\/a>.<\/p>\n<ul class=\"ac-article-tag wall-content\">\n<li><a href=\"https:\/\/actu.fr\/tag\/les-republicains-lr\" data-trk=\"{&quot;cta&quot;:{&quot;action&quot;:&quot;Les R\\u00e9publicains (LR)&quot;,&quot;category&quot;:&quot;tag&quot;,&quot;from&quot;:&quot;article footer&quot;,&quot;name&quot;:&quot;Les R\\u00e9publicains (LR)&quot;,&quot;type&quot;:&quot;cta&quot;}}\" target=\"_blank\" rel=\"noopener\">#Les R\u00e9publicains (LR)<\/a><\/li>\n<li><a href=\"https:\/\/actu.fr\/tag\/municipales-2026\" data-trk=\"{&quot;cta&quot;:{&quot;action&quot;:&quot;Municipales 2026&quot;,&quot;category&quot;:&quot;tag&quot;,&quot;from&quot;:&quot;article footer&quot;,&quot;name&quot;:&quot;Municipales 2026&quot;,&quot;type&quot;:&quot;cta&quot;}}\" target=\"_blank\" rel=\"noopener\">#Municipales 2026<\/a><\/li>\n<\/ul>\n","protected":false},"excerpt":{"rendered":"Par Laure Gentil Publi\u00e9 le 29 juil. 2025 \u00e0 10h50 C\u2019est bon, la d\u00e9cision est tomb\u00e9e, la commission&hellip;\n","protected":false},"author":2,"featured_media":283215,"comment_status":"","ping_status":"","sticky":false,"template":"","format":"standard","meta":{"footnotes":""},"categories":[2818],"tags":[1111,11,4188,1777,674,1011,27,8335,3434,766,12,2636,316,25],"class_list":{"0":"post-283214","1":"post","2":"type-post","3":"status-publish","4":"format-standard","5":"has-post-thumbnail","7":"category-nantes","8":"tag-actu","9":"tag-actualites","10":"tag-elections-municipales","11":"tag-eu","12":"tag-europe","13":"tag-fr","14":"tag-france","15":"tag-les-republicains-lr","16":"tag-municipales-2026","17":"tag-nantes","18":"tag-news","19":"tag-pays-de-la-loire","20":"tag-politique","21":"tag-republique-francaise"},"share_on_mastodon":{"url":"https:\/\/pubeurope.com\/@fr\/114939659817163270","error":""},"_links":{"self":[{"href":"https:\/\/www.europesays.com\/fr\/wp-json\/wp\/v2\/posts\/283214","targetHints":{"allow":["GET"]}}],"collection":[{"href":"https:\/\/www.europesays.com\/fr\/wp-json\/wp\/v2\/posts"}],"about":[{"href":"https:\/\/www.europesays.com\/fr\/wp-json\/wp\/v2\/types\/post"}],"author":[{"embeddable":true,"href":"https:\/\/www.europesays.com\/fr\/wp-json\/wp\/v2\/users\/2"}],"replies":[{"embeddable":true,"href":"https:\/\/www.europesays.com\/fr\/wp-json\/wp\/v2\/comments?post=283214"}],"version-history":[{"count":0,"href":"https:\/\/www.europesays.com\/fr\/wp-json\/wp\/v2\/posts\/283214\/revisions"}],"wp:featuredmedia":[{"embeddable":true,"href":"https:\/\/www.europesays.com\/fr\/wp-json\/wp\/v2\/media\/283215"}],"wp:attachment":[{"href":"https:\/\/www.europesays.com\/fr\/wp-json\/wp\/v2\/media?parent=283214"}],"wp:term":[{"taxonomy":"category","embeddable":true,"href":"https:\/\/www.europesays.com\/fr\/wp-json\/wp\/v2\/categories?post=283214"},{"taxonomy":"post_tag","embeddable":true,"href":"https:\/\/www.europesays.com\/fr\/wp-json\/wp\/v2\/tags?post=283214"}],"curies":[{"name":"wp","href":"https:\/\/api.w.org\/{rel}","templated":true}]}}