{"id":283216,"date":"2025-07-30T01:46:24","date_gmt":"2025-07-30T01:46:24","guid":{"rendered":"https:\/\/www.europesays.com\/fr\/283216\/"},"modified":"2025-07-30T01:46:24","modified_gmt":"2025-07-30T01:46:24","slug":"a-bordeaux-des-logements-modernes-avec-vue-sur-la-garonne-bientot-livres-dans-ce-quartier-en-pleine-mutation","status":"publish","type":"post","link":"https:\/\/www.europesays.com\/fr\/283216\/","title":{"rendered":"\u00c0 Bordeaux, des logements modernes avec vue sur la Garonne bient\u00f4t livr\u00e9s dans ce quartier en pleine mutation"},"content":{"rendered":"<p>            Par<br \/>\n        <strong><br \/>\n            <a href=\"https:\/\/actu.fr\/auteur\/julian-doubax\" title=\"Consulter tous les articles de Julian Doubax\" rel=\"nofollow noopener\" target=\"_blank\">Julian Doubax<\/a><br \/>\n        <\/strong><\/p>\n<p>        Publi\u00e9 le<\/p>\n<p>            29 juil. 2025 \u00e0 6h46        <\/p>\n<p>\u00c0 Bordeaux, les constructions d\u2019immeubles sont devenues monnaie courante. Dans le quartier <a href=\"https:\/\/actu.fr\/nouvelle-aquitaine\/bordeaux_33063\/avec-sa-vue-panoramique-ce-nouveau-lieu-de-fete-cartonne-a-bordeaux-on-ne-s-interdit-rien_62945757.html\" rel=\"nofollow noopener\" target=\"_blank\">Deschamps-Belv\u00e9d\u00e8re<\/a>, situ\u00e9 sur la rive droite entre le pont Saint-Jean et le <a href=\"https:\/\/actu.fr\/nouvelle-aquitaine\/bordeaux_33063\/pourquoi-le-pont-de-pierre-sera-bientot-totalement-interdit-y-compris-aux-pietons_62793945.html\" rel=\"nofollow noopener\" target=\"_blank\">pont de Pierre<\/a>, un \u00eelot de logements termine bient\u00f4t sa phase de travaux. Chapeaut\u00e9 par BNP Paribas Immobilier, ce <strong>programme immobilier<\/strong> va permettre le d\u00e9veloppement de cette zone qui continue de s\u2019agrandir de jour en jour.\u00a0<\/p>\n<p>Une vue sur la Garonne<\/p>\n<p class=\" wall-content\">Joint par <a href=\"https:\/\/actu.fr\/bordeaux\/\" rel=\"nofollow noopener\" target=\"_blank\">actu Bordeaux<\/a>, Fr\u00e9deric Escuredo, Directeur de BNP Paribas Immobilier Promotion \u00e0 Bordeaux, a donn\u00e9 quelques pr\u00e9cisions sur ce projet. \u201cC\u2019est un programme qui comprend <strong>59 logements<\/strong> et qui rentre dans un projet d\u2019am\u00e9nagement du secteur d\u2019Euratlantique.\u00a0\u00bb<\/p>\n<p class=\" wall-content\">Les travaux de ce programme ont d\u00e9but\u00e9 il y a plus de 18\u00a0mois et la livraison est pr\u00e9vue pour <strong>septembre\u00a02025<\/strong> et octobre pour les quatre maisons qui sont \u00e9galement construites.<\/p>\n<p class=\" wall-content\">Un \u00eelot de logements qui ne passe pas inaper\u00e7u \u00e0 c\u00f4t\u00e9 des autres immeubles voisins. \u201cL\u2019architecture est en arc de cercle avec une<strong> vue sur la Garonne<\/strong> et les berges du quai avec des tons qui changent des couleurs des autres b\u00e2timents.\u201d Ces nouvelles habitations, r\u00e9unies dans deux b\u00e2timents, vont du T2 au T6.<\/p>\n<p>    <img   decoding=\"async\" loading=\"lazy\" src=\"https:\/\/www.europesays.com\/fr\/wp-content\/uploads\/2025\/07\/original-a41a99b6-89af-4e1d-953b-cad8cbf706f1-960x640.jpeg\" alt=\"Les b\u00e2timents du programme Estuaire men\u00e9 par la BNP Paribas Immobilier \u00e0 Bordeaux.\" width=\"960\" height=\"640\"\/><br \/>\n    Les b\u00e2timents du programme Estuaire men\u00e9 par la BNP Paribas Immobilier \u00e0 Bordeaux. (\u00a9Programme Estuaire \u2013 Guillaume Billet \u2013 BNP PARIBAS REAL ESTATE)Un quartier en d\u00e9veloppement<\/p>\n<p class=\" wall-content\">Comme de nombreux nouveaux quartiers \u00e0 Bordeaux, le secteur Deschamps-Belv\u00e8dere poursuit son d\u00e9veloppement. M\u00eame si les commodit\u00e9s et commerces s\u2019implantent \u00e0 leur rythme, le promoteur est confiant sur l\u2019avenir de ce lieu.<\/p>\n<p class=\" wall-content\">\u201cAu d\u00e9but, dans ce quartier,<strong> il y avait tout \u00e0 cr\u00e9er.<\/strong> D\u00e9sormais, plusieurs projets sont sortis de terre. Il commence \u00e0 avoir une vie de quartier car ces zones sont \u00e9quip\u00e9es d\u2019espaces verts, d\u2019\u00e9quipements sportifs ou encore d\u2019\u00e9tablissements scolaires. Les lieux deviennent dynamiques et prennent vie\u00a0\u00bb, souligne Fr\u00e9deric Escuredo.<\/p>\n<p class=\" wall-content\">La BNP Paribas Immobilier conna\u00eet bien ces secteurs en pleine transformation\u2009: elle pilote \u00e9galement un programme dans le quartier <strong>Armagnac<\/strong>, pr\u00e8s de la gare Saint-Jean. Une r\u00e9sidence \u00e9tudiante va voir le jour avec une livraison pr\u00e9vue pour <strong>2028<\/strong>.<\/p>\n<p class=\" wall-content\">\u00ab\u00a0Ce sont des quartiers en pleine mutation. La preuve en est\u2009: des gens ach\u00e8tent et se projettent. Bien s\u00fbr, ce sont de<strong> vastes op\u00e9rations<\/strong> avec des ann\u00e9es de transformations pour devenir une ville dans la ville.\u201d<\/p>\n<p class=\" wall-content\">Suivez toute l\u2019actualit\u00e9 de vos villes et m\u00e9dias favoris en vous inscrivant \u00e0 <a href=\"https:\/\/moncompte.actu.fr\" title=\"D\u00e9couvez Mon Actu\" rel=\"nofollow noopener\" data-trk=\"{&quot;cta&quot;:{&quot;action&quot;:&quot;https:\\\/\\\/moncompte.actu.fr&quot;,&quot;category&quot;:&quot;mon compte&quot;,&quot;from&quot;:&quot;article footer&quot;,&quot;name&quot;:&quot;Mon actu&quot;,&quot;type&quot;:&quot;cta&quot;}}\" target=\"_blank\">Mon Actu<\/a>.<\/p>\n","protected":false},"excerpt":{"rendered":"Par Julian Doubax Publi\u00e9 le 29 juil. 2025 \u00e0 6h46 \u00c0 Bordeaux, les constructions d\u2019immeubles sont devenues monnaie&hellip;\n","protected":false},"author":2,"featured_media":283217,"comment_status":"","ping_status":"","sticky":false,"template":"","format":"standard","meta":{"footnotes":""},"categories":[2817],"tags":[1111,11,1997,1777,674,1011,27,1116,12,2219,25,104],"class_list":{"0":"post-283216","1":"post","2":"type-post","3":"status-publish","4":"format-standard","5":"has-post-thumbnail","7":"category-bordeaux","8":"tag-actu","9":"tag-actualites","10":"tag-bordeaux","11":"tag-eu","12":"tag-europe","13":"tag-fr","14":"tag-france","15":"tag-immobilier","16":"tag-news","17":"tag-nouvelle-aquitaine","18":"tag-republique-francaise","19":"tag-societe"},"share_on_mastodon":{"url":"https:\/\/pubeurope.com\/@fr\/114939663839259121","error":""},"_links":{"self":[{"href":"https:\/\/www.europesays.com\/fr\/wp-json\/wp\/v2\/posts\/283216","targetHints":{"allow":["GET"]}}],"collection":[{"href":"https:\/\/www.europesays.com\/fr\/wp-json\/wp\/v2\/posts"}],"about":[{"href":"https:\/\/www.europesays.com\/fr\/wp-json\/wp\/v2\/types\/post"}],"author":[{"embeddable":true,"href":"https:\/\/www.europesays.com\/fr\/wp-json\/wp\/v2\/users\/2"}],"replies":[{"embeddable":true,"href":"https:\/\/www.europesays.com\/fr\/wp-json\/wp\/v2\/comments?post=283216"}],"version-history":[{"count":0,"href":"https:\/\/www.europesays.com\/fr\/wp-json\/wp\/v2\/posts\/283216\/revisions"}],"wp:featuredmedia":[{"embeddable":true,"href":"https:\/\/www.europesays.com\/fr\/wp-json\/wp\/v2\/media\/283217"}],"wp:attachment":[{"href":"https:\/\/www.europesays.com\/fr\/wp-json\/wp\/v2\/media?parent=283216"}],"wp:term":[{"taxonomy":"category","embeddable":true,"href":"https:\/\/www.europesays.com\/fr\/wp-json\/wp\/v2\/categories?post=283216"},{"taxonomy":"post_tag","embeddable":true,"href":"https:\/\/www.europesays.com\/fr\/wp-json\/wp\/v2\/tags?post=283216"}],"curies":[{"name":"wp","href":"https:\/\/api.w.org\/{rel}","templated":true}]}}