{"id":283222,"date":"2025-07-30T01:49:16","date_gmt":"2025-07-30T01:49:16","guid":{"rendered":"https:\/\/www.europesays.com\/fr\/283222\/"},"modified":"2025-07-30T01:49:16","modified_gmt":"2025-07-30T01:49:16","slug":"toulouse-dit-au-revoir-a-zakaria-aboukhlal-italie-torino","status":"publish","type":"post","link":"https:\/\/www.europesays.com\/fr\/283222\/","title":{"rendered":"Toulouse dit au revoir \u00e0 Zakaria Aboukhlal &#8211; Italie &#8211; Torino"},"content":{"rendered":"<p>Du violet au grenat<\/p>\n<p data-start=\"168\" data-end=\"613\">Comme <a target=\"_blank\" href=\"https:\/\/www.sofoot.com\/breves\/zakaria-aboukhlal-va-signer-en-italie#goog_rewarded\" rel=\"nofollow noopener\">pressenti depuis quelques jours<\/a>, <strong>Zakaria Aboukhlal quitte la Ville rose pour la cit\u00e9 du taureau<\/strong>. Apr\u00e8s trois saisons pass\u00e9es sur les bords de la Garonne, le Marocain s\u2019est engag\u00e9 avec le Torino ce mardi.<\/p>\n<p>Un transfert estim\u00e9 \u00e0 10 millions d\u2019euros<\/p>\n<p data-start=\"168\" data-end=\"613\">Une nouvelle \u00e9tape pour le joueur de 25 ans, transf\u00e9r\u00e9 contre un ch\u00e8que avoisinant les 10 millions d\u2019euros. <strong>L\u2019ancien de l\u2019AZ Alkmaar avait marqu\u00e9 les esprits lors de sa premi\u00e8re ann\u00e9e sous le maillot violet<\/strong> \u2013 avec, en point d\u2019orgue, une Coupe de France dans la besace (2023) \u2013 avant que les blessures ne viennent noircir <a target=\"_blank\" href=\"https:\/\/www.sofoot.com\/breves\/toulouse-en-prend-sept-dans-la-tronche-en-amical-contre-leipzig\" rel=\"nofollow noopener\">ses deux derni\u00e8res ann\u00e9es \u00e0 Toulouse<\/a>.<\/p>\n<p data-start=\"647\" data-end=\"1044\">Moins en vue ces deux derni\u00e8res saisons, l\u2019ailier marocain reste une jolie pioche pour le club pi\u00e9montais, <strong>qualifi\u00e9 pour la prochaine Ligue Conf\u00e9rence<\/strong>, avec un contrat jusqu\u2019en juin 2029. L\u2019annonce a \u00e9t\u00e9 officialis\u00e9e par un communiqu\u00e9 sobre : \u00ab\u202fLe Torino Football Club a le plaisir d\u2019annoncer qu\u2019il a acquis les droits sur les performances sportives du footballeur Zakaria Aboukhlal du Toulouse Football Club, \u00e0 titre permanent.\u202f\u00bb<\/p>\n<p data-start=\"1046\" data-end=\"1084\">Il retrouvera <a target=\"_blank\" href=\"https:\/\/www.sofoot.com\/breves\/mercato-thijs-dallinga-toulouse-senvole-vers-bologne\" rel=\"nofollow noopener\">l\u2019ami Dallinga<\/a> en Serie A.<\/p>\n<p>\t\t\t\t\t\t\t\t\t\t<a class=\"lien-connexe\" href=\"https:\/\/www.sofoot.com\/breves\/zakaria-aboukhlal-va-signer-en-italie\" rel=\"nofollow noopener\" target=\"_blank\">Zakaria Aboukhlal va signer en Italie<\/a>\t\t\t\t\t<\/p>\n","protected":false},"excerpt":{"rendered":"Du violet au grenat Comme pressenti depuis quelques jours, Zakaria Aboukhlal quitte la Ville rose pour la cit\u00e9&hellip;\n","protected":false},"author":2,"featured_media":283223,"comment_status":"","ping_status":"","sticky":false,"template":"","format":"standard","meta":{"footnotes":""},"categories":[2816],"tags":[1111,47,11,61,69,65,64,1777,674,63,1011,27,68,66,12,62,2680,70,25,67,2312],"class_list":{"0":"post-283222","1":"post","2":"type-post","3":"status-publish","4":"format-standard","5":"has-post-thumbnail","7":"category-toulouse","8":"tag-actu","9":"tag-actualite","10":"tag-actualites","11":"tag-actus-football","12":"tag-bundesliga","13":"tag-championnats-europeens","14":"tag-equipe-de-france","15":"tag-eu","16":"tag-europe","17":"tag-football","18":"tag-fr","19":"tag-france","20":"tag-ligua","21":"tag-ligue-1","22":"tag-news","23":"tag-news-foot","24":"tag-occitanie","25":"tag-premier-league","26":"tag-republique-francaise","27":"tag-serie-a","28":"tag-toulouse"},"share_on_mastodon":{"url":"https:\/\/pubeurope.com\/@fr\/114939675489629767","error":""},"_links":{"self":[{"href":"https:\/\/www.europesays.com\/fr\/wp-json\/wp\/v2\/posts\/283222","targetHints":{"allow":["GET"]}}],"collection":[{"href":"https:\/\/www.europesays.com\/fr\/wp-json\/wp\/v2\/posts"}],"about":[{"href":"https:\/\/www.europesays.com\/fr\/wp-json\/wp\/v2\/types\/post"}],"author":[{"embeddable":true,"href":"https:\/\/www.europesays.com\/fr\/wp-json\/wp\/v2\/users\/2"}],"replies":[{"embeddable":true,"href":"https:\/\/www.europesays.com\/fr\/wp-json\/wp\/v2\/comments?post=283222"}],"version-history":[{"count":0,"href":"https:\/\/www.europesays.com\/fr\/wp-json\/wp\/v2\/posts\/283222\/revisions"}],"wp:featuredmedia":[{"embeddable":true,"href":"https:\/\/www.europesays.com\/fr\/wp-json\/wp\/v2\/media\/283223"}],"wp:attachment":[{"href":"https:\/\/www.europesays.com\/fr\/wp-json\/wp\/v2\/media?parent=283222"}],"wp:term":[{"taxonomy":"category","embeddable":true,"href":"https:\/\/www.europesays.com\/fr\/wp-json\/wp\/v2\/categories?post=283222"},{"taxonomy":"post_tag","embeddable":true,"href":"https:\/\/www.europesays.com\/fr\/wp-json\/wp\/v2\/tags?post=283222"}],"curies":[{"name":"wp","href":"https:\/\/api.w.org\/{rel}","templated":true}]}}