{"id":283230,"date":"2025-07-30T01:54:15","date_gmt":"2025-07-30T01:54:15","guid":{"rendered":"https:\/\/www.europesays.com\/fr\/283230\/"},"modified":"2025-07-30T01:54:15","modified_gmt":"2025-07-30T01:54:15","slug":"apres-quatre-ans-de-bataille-judiciaire-les-notes-de-frais-de-laurent-wauquiez-et-des-elus-devront-etre-revelees","status":"publish","type":"post","link":"https:\/\/www.europesays.com\/fr\/283230\/","title":{"rendered":"Apr\u00e8s quatre ans de bataille judiciaire, les notes de frais de Laurent Wauquiez et des \u00e9lus devront \u00eatre r\u00e9v\u00e9l\u00e9es"},"content":{"rendered":"<p itemprop=\"description\"><strong>Le Conseil d\u2019\u00c9tat a tranch\u00e9 : la R\u00e9gion doit transmettre \u00e0 M\u00e9diacit\u00e9s les justificatifs de d\u00e9penses de ses \u00e9lus, y compris celles de Laurent Wauquiez, pour les ann\u00e9es 2019 \u00e0 2021.<\/strong><\/p>\n<p>Apr\u00e8s plus de quatre ann\u00e9es de contentieux, le feuilleton judiciaire autour des frais de mission des \u00e9lus r\u00e9gionaux touche \u00e0 sa fin. Par une d\u00e9cision rendue le 23 juillet, le Conseil d\u2019\u00c9tat a d\u00e9finitivement donn\u00e9 raison au site M\u00e9diacit\u00e9s, qui r\u00e9clamait depuis 2021 l\u2019acc\u00e8s aux notes de frais des \u00e9lus d\u2019Auvergne-Rh\u00f4ne-Alpes.<\/p>\n<p>La plus haute juridiction administrative du pays a confirm\u00e9 que ces documents \u2013 comprenant factures, re\u00e7us de d\u00e9placement, de restauration ou de repr\u00e9sentation \u2013 sont bel et bien \u00ab\u00a0communicables \u00e0 toute personne qui en fait la demande.\u00a0\u00bb<\/p>\n<p>Saisie apr\u00e8s plusieurs refus de la R\u00e9gion, l\u2019affaire avait d\u00e9j\u00e0 connu plusieurs \u00e9tapes judiciaires. La Cada, le tribunal administratif de Lyon puis la Cour de cassation s\u2019\u00e9taient tous prononc\u00e9s en faveur de la transparence.<\/p>\n<p>Cette d\u00e9cision vise notamment les frais engag\u00e9s par Laurent Wauquiez lorsqu\u2019il pr\u00e9sidait la R\u00e9gion. Elle porte sur les ann\u00e9es 2019, 2020 et 2021.<\/p>\n<p>Sollicit\u00e9 par M\u00e9diacit\u00e9s, le cabinet de l\u2019actuel vice-pr\u00e9sident Fabrice Pannekoucke a indiqu\u00e9 que la R\u00e9gion prenait \u00ab\u00a0acte de cette d\u00e9cision et se conformera \u00e0 ses obligations\u00a0\u00bb.\u00a0<\/p>\n","protected":false},"excerpt":{"rendered":"Le Conseil d\u2019\u00c9tat a tranch\u00e9 : la R\u00e9gion doit transmettre \u00e0 M\u00e9diacit\u00e9s les justificatifs de d\u00e9penses de ses&hellip;\n","protected":false},"author":2,"featured_media":283231,"comment_status":"","ping_status":"","sticky":false,"template":"","format":"standard","meta":{"footnotes":""},"categories":[1889],"tags":[1111,11,2813,2190,2430,1109,251,1112,2811,1777,674,118,1011,27,1922,1110,1114,2428,2810,12,241,316,25,2812,517,800],"class_list":{"0":"post-283230","1":"post","2":"type-post","3":"status-publish","4":"format-standard","5":"has-post-thumbnail","7":"category-lyon","8":"tag-actu","9":"tag-actualites","10":"tag-article","11":"tag-asvel","12":"tag-auvergne-rhone-alpes","13":"tag-breves","14":"tag-culture","15":"tag-depeches","16":"tag-economique","17":"tag-eu","18":"tag-europe","19":"tag-faits-divers","20":"tag-fr","21":"tag-france","22":"tag-info","23":"tag-informations","24":"tag-infos","25":"tag-lyon","26":"tag-lyonmag","27":"tag-news","28":"tag-ol","29":"tag-politique","30":"tag-republique-francaise","31":"tag-sociale","32":"tag-sport","33":"tag-transports"},"share_on_mastodon":{"url":"https:\/\/pubeurope.com\/@fr\/114939695200768178","error":""},"_links":{"self":[{"href":"https:\/\/www.europesays.com\/fr\/wp-json\/wp\/v2\/posts\/283230","targetHints":{"allow":["GET"]}}],"collection":[{"href":"https:\/\/www.europesays.com\/fr\/wp-json\/wp\/v2\/posts"}],"about":[{"href":"https:\/\/www.europesays.com\/fr\/wp-json\/wp\/v2\/types\/post"}],"author":[{"embeddable":true,"href":"https:\/\/www.europesays.com\/fr\/wp-json\/wp\/v2\/users\/2"}],"replies":[{"embeddable":true,"href":"https:\/\/www.europesays.com\/fr\/wp-json\/wp\/v2\/comments?post=283230"}],"version-history":[{"count":0,"href":"https:\/\/www.europesays.com\/fr\/wp-json\/wp\/v2\/posts\/283230\/revisions"}],"wp:featuredmedia":[{"embeddable":true,"href":"https:\/\/www.europesays.com\/fr\/wp-json\/wp\/v2\/media\/283231"}],"wp:attachment":[{"href":"https:\/\/www.europesays.com\/fr\/wp-json\/wp\/v2\/media?parent=283230"}],"wp:term":[{"taxonomy":"category","embeddable":true,"href":"https:\/\/www.europesays.com\/fr\/wp-json\/wp\/v2\/categories?post=283230"},{"taxonomy":"post_tag","embeddable":true,"href":"https:\/\/www.europesays.com\/fr\/wp-json\/wp\/v2\/tags?post=283230"}],"curies":[{"name":"wp","href":"https:\/\/api.w.org\/{rel}","templated":true}]}}