{"id":283234,"date":"2025-07-30T01:58:14","date_gmt":"2025-07-30T01:58:14","guid":{"rendered":"https:\/\/www.europesays.com\/fr\/283234\/"},"modified":"2025-07-30T01:58:14","modified_gmt":"2025-07-30T01:58:14","slug":"lautoroute-a6-de-nouveau-accessible-en-essonne-apres-11-jours-de-fermeture","status":"publish","type":"post","link":"https:\/\/www.europesays.com\/fr\/283234\/","title":{"rendered":"l&rsquo;autoroute A6 de nouveau accessible en Essonne apr\u00e8s 11 jours de fermeture"},"content":{"rendered":"<p>            Par<br \/>\n        <strong><br \/>\n            <a href=\"https:\/\/actu.fr\/auteur\/coline-bonvalot-actu-fr\" title=\"Consulter tous les articles de Coline Bonvalot\" target=\"_blank\" rel=\"noopener\">Coline Bonvalot<\/a><br \/>\n        <\/strong><\/p>\n<p>        Publi\u00e9 le<\/p>\n<p>            29 juil. 2025 \u00e0 15h23        <\/p>\n<p>C\u2019est une excellente nouvelle pour les automobilistes. <a href=\"https:\/\/actu.fr\/tag\/travaux\" target=\"_blank\" rel=\"noopener\">Les travaux<\/a>, men\u00e9s par la Direction des routes d\u2019\u00cele-de-France (DiRIF), sur <a href=\"https:\/\/actu.fr\/tag\/autoroute-6-a6\" target=\"_blank\" rel=\"noopener\">l\u2019autoroute A6<\/a> dans le sens Paris-Province, entre <a href=\"https:\/\/actu.fr\/ile-de-france\/wissous_91689\" target=\"_blank\" rel=\"noopener\">Wissous<\/a> et <a href=\"https:\/\/actu.fr\/ile-de-france\/evry-courcouronnes_91228\" target=\"_blank\" rel=\"noopener\">\u00c9vry<\/a>\u2013<a href=\"https:\/\/actu.fr\/ile-de-france\/lisses_91340\" target=\"_blank\" rel=\"noopener\">Lisses<\/a>, sont termin\u00e9s. <a href=\"https:\/\/actu.fr\/societe\/ces-autoroutes-de-essonne-seront-bientot-fermees-pendant-pres-de-trois-semaines-cet-ete-voici-quand_62845608.html\" target=\"_blank\" rel=\"noopener\">Ces derniers avaient d\u00e9but\u00e9 le 15 juillet dernier<\/a> et devaient se finir le 1er ao\u00fbt. Mais bonne nouvelle\u2009: \u00ab\u2009Les travaux ont pu <strong>s\u2019achever avec de l\u2019avance<\/strong> par rapport au calendrier initialement fix\u00e9. L\u2019axe pourra ainsi rouvrir d\u00e8s ce mardi 29 juillet 2025 \u00e0 partir de 16 heures\u2009\u00bb, fait savoir la DiRIF dans un communiqu\u00e9 de presse.<\/p>\n<p>D\u2019autres travaux attendus en octobre<\/p>\n<p class=\" wall-content\">Ces deux semaines de travaux ont permis \u00ab\u2009de s\u00e9curiser la chauss\u00e9e, de r\u00e9duire les risques d\u2019accident et d\u2019am\u00e9liorer la qualit\u00e9 ainsi que la durabilit\u00e9 des rev\u00eatements\u2009\u00bb.<\/p>\n<p class=\" wall-content\">\u00ab\u2009Sur 9 km de chauss\u00e9e \u00e0 3 voies, ce ne sont pas moins de <strong>11\u2009600 tonnes de mat\u00e9riaux bitumineux<\/strong> qui ont \u00e9t\u00e9 mis en \u0153uvre pour renforcer les voies lentes et m\u00e9dianes et refaire le tapis de chauss\u00e9e. Le co\u00fbt de l\u2019op\u00e9ration repr\u00e9sente 3,5 millions d\u2019euros financ\u00e9s par la DiRIF dans le cadre de son programme d\u2019entretien\u2009\u00bb, explique la DiRIF.<\/p>\n<p class=\" wall-content\">Ces travaux particuli\u00e8rement impactant pour les automobilistes seront compl\u00e9t\u00e9s par des travaux similaires pendant les vacances scolaires de la Toussaint, entre le 20\u00a0octobre et le 2\u00a0novembre 2025, week-end compris.<\/p>\n<p class=\" wall-content\">Cette nouvelle phase de chantier se portera sur un tron\u00e7on de 6 kilom\u00e8tres de l\u2019autoroute A6 dans le sens Province-Paris. Co\u00fbt de l\u2019op\u00e9ration\u2009: 3\u00a0millions d\u2019euros.<\/p>\n<p class=\" wall-content\">Suivez toute l\u2019actualit\u00e9 de vos villes et m\u00e9dias favoris en vous inscrivant \u00e0 <a href=\"https:\/\/moncompte.actu.fr\" title=\"D\u00e9couvez Mon Actu\" rel=\"nofollow noopener\" data-trk=\"{&quot;cta&quot;:{&quot;action&quot;:&quot;https:\\\/\\\/moncompte.actu.fr&quot;,&quot;category&quot;:&quot;mon compte&quot;,&quot;from&quot;:&quot;article footer&quot;,&quot;name&quot;:&quot;Mon actu&quot;,&quot;type&quot;:&quot;cta&quot;}}\" target=\"_blank\">Mon Actu<\/a>.<\/p>\n<ul class=\"ac-article-tag wall-content\">\n<li><a href=\"https:\/\/actu.fr\/tag\/autoroute-6-a6\" data-trk=\"{&quot;cta&quot;:{&quot;action&quot;:&quot;Autoroute 6 (A6)&quot;,&quot;category&quot;:&quot;tag&quot;,&quot;from&quot;:&quot;article footer&quot;,&quot;name&quot;:&quot;Autoroute 6 (A6)&quot;,&quot;type&quot;:&quot;cta&quot;}}\" target=\"_blank\" rel=\"noopener\">#Autoroute 6 (A6)<\/a><\/li>\n<li><a href=\"https:\/\/actu.fr\/tag\/travaux\" data-trk=\"{&quot;cta&quot;:{&quot;action&quot;:&quot;Travaux&quot;,&quot;category&quot;:&quot;tag&quot;,&quot;from&quot;:&quot;article footer&quot;,&quot;name&quot;:&quot;Travaux&quot;,&quot;type&quot;:&quot;cta&quot;}}\" target=\"_blank\" rel=\"noopener\">#Travaux<\/a><\/li>\n<\/ul>\n","protected":false},"excerpt":{"rendered":"Par Coline Bonvalot Publi\u00e9 le 29 juil. 2025 \u00e0 15h23 C\u2019est une excellente nouvelle pour les automobilistes. Les&hellip;\n","protected":false},"author":2,"featured_media":283235,"comment_status":"","ping_status":"","sticky":false,"template":"","format":"standard","meta":{"footnotes":""},"categories":[1888],"tags":[1111,1928,11,1927,2118,1777,674,1011,27,12,1926,626,1925,25,104,2086],"class_list":{"0":"post-283234","1":"post","2":"type-post","3":"status-publish","4":"format-standard","5":"has-post-thumbnail","7":"category-paris","8":"tag-actu","9":"tag-actu-paris","10":"tag-actualites","11":"tag-actualites-paris","12":"tag-autoroute-6-a6","13":"tag-eu","14":"tag-europe","15":"tag-fr","16":"tag-france","17":"tag-news","18":"tag-news-paris","19":"tag-paris","20":"tag-paris-news","21":"tag-republique-francaise","22":"tag-societe","23":"tag-travaux"},"share_on_mastodon":{"url":"https:\/\/pubeurope.com\/@fr\/114939711080079904","error":""},"_links":{"self":[{"href":"https:\/\/www.europesays.com\/fr\/wp-json\/wp\/v2\/posts\/283234","targetHints":{"allow":["GET"]}}],"collection":[{"href":"https:\/\/www.europesays.com\/fr\/wp-json\/wp\/v2\/posts"}],"about":[{"href":"https:\/\/www.europesays.com\/fr\/wp-json\/wp\/v2\/types\/post"}],"author":[{"embeddable":true,"href":"https:\/\/www.europesays.com\/fr\/wp-json\/wp\/v2\/users\/2"}],"replies":[{"embeddable":true,"href":"https:\/\/www.europesays.com\/fr\/wp-json\/wp\/v2\/comments?post=283234"}],"version-history":[{"count":0,"href":"https:\/\/www.europesays.com\/fr\/wp-json\/wp\/v2\/posts\/283234\/revisions"}],"wp:featuredmedia":[{"embeddable":true,"href":"https:\/\/www.europesays.com\/fr\/wp-json\/wp\/v2\/media\/283235"}],"wp:attachment":[{"href":"https:\/\/www.europesays.com\/fr\/wp-json\/wp\/v2\/media?parent=283234"}],"wp:term":[{"taxonomy":"category","embeddable":true,"href":"https:\/\/www.europesays.com\/fr\/wp-json\/wp\/v2\/categories?post=283234"},{"taxonomy":"post_tag","embeddable":true,"href":"https:\/\/www.europesays.com\/fr\/wp-json\/wp\/v2\/tags?post=283234"}],"curies":[{"name":"wp","href":"https:\/\/api.w.org\/{rel}","templated":true}]}}