{"id":283250,"date":"2025-07-30T02:06:26","date_gmt":"2025-07-30T02:06:26","guid":{"rendered":"https:\/\/www.europesays.com\/fr\/283250\/"},"modified":"2025-07-30T02:06:26","modified_gmt":"2025-07-30T02:06:26","slug":"lourdes-peines-pour-les-quatre-accuses","status":"publish","type":"post","link":"https:\/\/www.europesays.com\/fr\/283250\/","title":{"rendered":"lourdes peines pour les quatre accus\u00e9s"},"content":{"rendered":"<p style=\"text-align:\">Les quatre Allemands accus\u00e9s du vol d&rsquo;une collection de pr\u00e8s de 500 pi\u00e8ces d&rsquo;or celtique dans un mus\u00e9e de Bavi\u00e8re, qui n&rsquo;a pu \u00eatre retrouv\u00e9e depuis, ont \u00e9t\u00e9 condamn\u00e9s mardi 29 juillet \u00e0 de longues peines de prison, jusqu&rsquo;\u00e0 11 ans pour la plus lourde.<\/p>\n<p><a href=\"https:\/\/lecourrier.vn\/budget-lallemagne-presente-ses-plans-demprunts-record\/1285555.html\" title=\"Budget : l&#039;Allemagne pr\u00e9sente ses plans d&#039;emprunts record\" rel=\"nofollow noopener\" target=\"_blank\">&gt;&gt; Budget : l&rsquo;Allemagne pr\u00e9sente ses plans d&#8217;emprunts record<\/a><\/p>\n<p><a href=\"https:\/\/lecourrier.vn\/allemagne-les-consommateurs-voient-une-embellie-mais-souhaitent-plus-epargner\/1285701.html\" title=\"Allemagne : les consommateurs voient une embellie mais souhaitent plus \u00e9pargner\" rel=\"nofollow noopener\" target=\"_blank\">&gt;&gt; Allemagne : les consommateurs voient une embellie mais souhaitent plus \u00e9pargner<\/a><\/p>\n<p><a href=\"https:\/\/lecourrier.vn\/allemagne-trois-morts-et-des-blesses-dans-le-deraillement-dun-train\/1287630.html\" title=\"Allemagne : trois morts et des bless\u00e9s dans le d\u00e9raillement d&#039;un train\" rel=\"nofollow noopener\" target=\"_blank\">&gt;&gt; Allemagne : trois morts et des bless\u00e9s dans le d\u00e9raillement d&rsquo;un train<\/a><\/p>\n<tr>\n<td class=\"pic\"><img decoding=\"async\" class=\"lazyload\" src=\"https:\/\/www.europesays.com\/fr\/wp-content\/uploads\/2025\/07\/223309-4e7ok6fxhzdy5hcbnal3kjlpqy.jpg\" alt=\"\"\/><\/td>\n<\/tr>\n<tr>\n<td class=\"caption\">Le Mus\u00e9e d\u2019arch\u00e9ologie de Manching abritant des objets celtes et romains d\u00e9couverts en Haute Bavi\u00e8re (Allemagne).\u00a0<\/td>\n<\/tr>\n<tr align=\"right\">\n<td class=\"author\">Photo :\u00a0AFP\/VNA\/CVN<\/td>\n<\/tr>\n<p style=\"text-align:left\">\u00ab\u00a0Les quatre accus\u00e9s ont \u00e9t\u00e9 condamn\u00e9s, entre autres, pour vol aggrav\u00e9 en bande organis\u00e9e \u00e0 des peines de prison allant de 4 ans et 9 mois \u00e0 11 ans\u00a0\u00bb, a indiqu\u00e9 le tribunal d&rsquo;Ingolstadt (sud) dans un communiqu\u00e9.<\/p>\n<p style=\"text-align:left\">Le 22 novembre 2022, 483 pi\u00e8ces en or datant du Ier si\u00e8cle avant J\u00e9sus-Christ avaient \u00e9t\u00e9 d\u00e9rob\u00e9es de nuit au mus\u00e9e d&rsquo;art celtique et romain de Manching, au nord de Munich.<\/p>\n<p style=\"text-align:left\">Le tribunal a estim\u00e9 prouv\u00e9 que trois des quatre accus\u00e9s, \u00e2g\u00e9s de 44 \u00e0 52 ans, s&rsquo;\u00e9taient introduits par effraction dans le mus\u00e9e. Le quatri\u00e8me accus\u00e9 n&rsquo;a pas \u00e9t\u00e9 reconnu coupable pour ce cas, mais pour d&rsquo;autres cambriolages.<\/p>\n<p style=\"text-align:left\">Le sort de cette collection, plus grande d\u00e9couverte d&rsquo;or celtique du XXe si\u00e8cle et dont la valeur marchande s&rsquo;\u00e9l\u00e8ve \u00e0 environ 1,3 million d&rsquo;euros, \u00ab\u00a0n&rsquo;a pas pu \u00eatre \u00e9lucid\u00e9 lors de la proc\u00e9dure\u00a0\u00bb, souligne le tribunal.<\/p>\n<p style=\"text-align:left\">Une partie du butin a \u00e9t\u00e9 irr\u00e9m\u00e9diablement d\u00e9truite: sur environ 3,7 kg de poids total, environ 500 grammes de pi\u00e8ces ont \u00e9t\u00e9 retrouv\u00e9es fondues &#8211; peut-\u00eatre pour \u00eatre plus facilement \u00e9coul\u00e9es &#8211; chez l&rsquo;un des accus\u00e9s.<\/p>\n<p style=\"text-align:left\">Le reste du tr\u00e9sor n&rsquo;a pas \u00e9t\u00e9 retrouv\u00e9.<\/p>\n<p style=\"text-align:left\">Pour \u00e9tablir les peines des \u00ab\u00a0membres d&rsquo;un gang op\u00e9rant \u00e0 l&rsquo;\u00e9chelle nationale\u00a0\u00bb, reconnus coupables de ce vol singulier et d&rsquo;autres cambriolages, la chambre a notamment pris en compte \u00ab\u00a0la perte du tr\u00e9sor celtique en tant que patrimoine culturel irrempla\u00e7able\u00a0\u00bb, souligne le tribunal.<\/p>\n<p style=\"text-align:left\">Les quatre accus\u00e9s, de nationalit\u00e9 allemande, avaient \u00e9t\u00e9 arr\u00eat\u00e9s huit mois apr\u00e8s les faits, \u00e0 leurs domiciles du Nord-Est du pays.<\/p>\n<p style=\"text-align:left\">Les enqu\u00eateurs sont remont\u00e9s jusqu&rsquo;\u00e0 eux gr\u00e2ce \u00e0 des traces ADN trouv\u00e9es sur des appareils et outils laiss\u00e9s sur place apr\u00e8s le cambriolage.<\/p>\n<p style=\"text-align:left\">Cela a permis d&rsquo;\u00e9tablir des liens avec d&rsquo;autres cambriolages ayant vis\u00e9 des stations-services, des b\u00e2timents administrations ou des supermarch\u00e9s. Une trentaine de faits ont \u00e9t\u00e9 examin\u00e9s lors du proc\u00e8s.<\/p>\n<p style=\"text-align:left\">Les enqu\u00eateurs ont soulign\u00e9 les m\u00e9thodes avanc\u00e9es des cambrioleurs, qui sabotaient par exemple les lignes t\u00e9l\u00e9phoniques et utilisaient des brouilleurs pour emp\u00eacher la transmission des signaux des syst\u00e8mes d&rsquo;alarme.<\/p>\n<p style=\"text-align:left\">Les quatre accus\u00e9s ont gard\u00e9 le silence pendant le proc\u00e8s.<\/p>\n<p style=\"text-align:right\"><b>AFP\/VNA\/CVN<\/b><\/p>\n","protected":false},"excerpt":{"rendered":"Les quatre Allemands accus\u00e9s du vol d&rsquo;une collection de pr\u00e8s de 500 pi\u00e8ces d&rsquo;or celtique dans un mus\u00e9e&hellip;\n","protected":false},"author":2,"featured_media":283251,"comment_status":"","ping_status":"","sticky":false,"template":"","format":"standard","meta":{"footnotes":""},"categories":[1587],"tags":[11,672,1804,1805,1803,1777,674,1801,42243,12,42242,1802,1175],"class_list":{"0":"post-283250","1":"post","2":"type-post","3":"status-publish","4":"format-standard","5":"has-post-thumbnail","7":"category-allemagne","8":"tag-actualites","9":"tag-allemagne","10":"tag-bundesrepublik-deutschland","11":"tag-de","12":"tag-deutschland","13":"tag-eu","14":"tag-europe","15":"tag-germany","16":"tag-lourdes-peines","17":"tag-news","18":"tag-or-celtique","19":"tag-republique-federale-dallemagne","20":"tag-vol"},"share_on_mastodon":{"url":"https:\/\/pubeurope.com\/@fr\/114939742378736697","error":""},"_links":{"self":[{"href":"https:\/\/www.europesays.com\/fr\/wp-json\/wp\/v2\/posts\/283250","targetHints":{"allow":["GET"]}}],"collection":[{"href":"https:\/\/www.europesays.com\/fr\/wp-json\/wp\/v2\/posts"}],"about":[{"href":"https:\/\/www.europesays.com\/fr\/wp-json\/wp\/v2\/types\/post"}],"author":[{"embeddable":true,"href":"https:\/\/www.europesays.com\/fr\/wp-json\/wp\/v2\/users\/2"}],"replies":[{"embeddable":true,"href":"https:\/\/www.europesays.com\/fr\/wp-json\/wp\/v2\/comments?post=283250"}],"version-history":[{"count":0,"href":"https:\/\/www.europesays.com\/fr\/wp-json\/wp\/v2\/posts\/283250\/revisions"}],"wp:featuredmedia":[{"embeddable":true,"href":"https:\/\/www.europesays.com\/fr\/wp-json\/wp\/v2\/media\/283251"}],"wp:attachment":[{"href":"https:\/\/www.europesays.com\/fr\/wp-json\/wp\/v2\/media?parent=283250"}],"wp:term":[{"taxonomy":"category","embeddable":true,"href":"https:\/\/www.europesays.com\/fr\/wp-json\/wp\/v2\/categories?post=283250"},{"taxonomy":"post_tag","embeddable":true,"href":"https:\/\/www.europesays.com\/fr\/wp-json\/wp\/v2\/tags?post=283250"}],"curies":[{"name":"wp","href":"https:\/\/api.w.org\/{rel}","templated":true}]}}